{"id":15879,"date":"2014-03-23T23:14:31","date_gmt":"2014-03-24T05:14:31","guid":{"rendered":"http:\/\/www.travelbymexico.com\/blog\/?p=15879"},"modified":"2014-03-30T16:34:50","modified_gmt":"2014-03-30T22:34:50","slug":"conciertos-y-eventos-del-festival-cultural-zacatecas-2014","status":"publish","type":"post","link":"https:\/\/www.travelbymexico.com\/blog\/15879-conciertos-y-eventos-del-festival-cultural-zacatecas-2014\/","title":{"rendered":"Conciertos y Eventos del Festival Cultural Zacatecas 2014"},"content":{"rendered":"<h2>&#8211; La XXVIII edici\u00f3n el Festival Cultural Zacatecas 2014 rendir\u00e1 homenaje a los poetas Octavio Paz y Eugenio del Hoyo.<\/h2>\n<h2>&#8211; Puebla, ser\u00e1 el Estado Invitado de honor.<\/h2>\n<h2>&#8211; Se realizar\u00e1n 530 actividades (m\u00fasica, danza, teatro, espect\u00e1culos infantiles, conferencias, exposiciones).<\/h2>\n<p>Los <em>Gipsy Kings<\/em>, <em>David Bisbal<\/em>, <em>Willy Chirino<\/em>, <em>Ra\u00fal di Blasio<\/em>, <em>Dionne Warwick<\/em>, <em>Emmanuel<\/em>, <em>Capital Cities<\/em>, <em>Vicky Karr<\/em>, <em>KC &amp; The Sunshine Band, <a title=\"Banda de Gaitas del Batall\u00f3n de San Patricio presente en Festival M\u00fasica Celta en Puerto Vallarta\" href=\"http:\/\/www.travelbymexico.com\/blog\/15849-puerto-vallarta-sede-del-1o-festival-internacional-de-musica-celta-en-mexico\" target=\"_blank\">La Banda de Gaitas del Batall\u00f3n de San Patricio<\/a><\/em> son unos de los artistas que conforman la impresionante cartelera art\u00edstica del <strong>XXVIII Festival Cultural Zacatecas 2013<\/strong>;<strong> <\/strong><strong>m\u00e1s de 500 <\/strong><strong>actividades<\/strong> musicales, danc\u00edsticos, literarios, acad\u00e9micos y religiosos (<em><strong>Procesi\u00f3n del Silencio<\/strong><\/em> el 18 de abril) que se realizar\u00e1n en las principales plazas, teatros, jardines, iglesias, museos de la ciudad de <a title=\"Reserva tu hotel en la ciudad de Zacatecas, M\u00e9xico\" href=\"http:\/\/www.travelbymexico.com\/zacatecas\/hoteles\" target=\"_blank\">Zacatecas<\/a> y de 22 municipios de la entidad.<\/p>\n<h3>Fecha<\/h3>\n<p><span style=\"text-decoration: underline;\"><strong>Del s\u00e1bado 12 al s\u00e1bado 26 de abril de 2014<\/strong><\/span><\/p>\n<h3>Sedes del Festival Cultural Zacatecas 2014<\/h3>\n<p>Antiguo Templo de San Francisco. Antiguo Templo de San Agust\u00edn. <a title=\"Catedral de Zacatecas, M\u00e9xico\" href=\"http:\/\/www.travelbymexico.com\/zacatecas\/atractivos\/?nom=kzaccatedral&amp;don=25\" target=\"_blank\">Catedral Bas\u00edlica<\/a>. Parroquia de La Sagrada Familia. <a title=\"Parroquia de Nuestra Se\u00f1ora de F\u00e1tima\" href=\"http:\/\/www.travelbymexico.com\/zacatecas\/atractivos\/?nom=kzacfatima&amp;don=15\" target=\"_blank\">Parroquia de Nuestra Se\u00f1ora de F\u00e1tima<\/a>. <a title=\"Templo de Santo Domingo en Zacatecas\" href=\"http:\/\/www.travelbymexico.com\/zacatecas\/atractivos\/?nom=kzacdomingo&amp;don=20\" target=\"_blank\">Templo de Santo Domingo<\/a>.<br \/>\nAuditorio del Museo de Arte Abstracto Manuel Felgu\u00e9rez (MAAMF)<br \/>\nCentro Cultural Ciudadela del Arte<br \/>\nCentro Hist\u00f3rico<br \/>\nCiudadela del Arte<br \/>\nCineteca de Zacatecas<br \/>\nJard\u00edn Ju\u00e1rez<br \/>\nMercado J. Jes\u00fas Gonz\u00e1lez Ortega<br \/>\n<a title=\"La Quemada, Zona Arqueol\u00f3gica en Zacatecas\" href=\"http:\/\/www.travelbymexico.com\/zacatecas\/atractivos\/?nom=kzacquemada&amp;don=5\" target=\"_blank\">Museo Arqueol\u00f3gico &#8220;La Quemada&#8221;<\/a>. <a title=\"Museo de Arte Abstracto Manuel Felgu\u00e9rez\" href=\"http:\/\/www.travelbymexico.com\/zacatecas\/atractivos\/?nom=kzacfelgue&amp;don=10\" target=\"_blank\">Museo de Arte Abstracto Manuel Felgu\u00e9rez (MAAMF)<\/a>.<br \/>\nParque de Beisbol de Zacatecas<br \/>\nPatio del Museo Zacatecano. Patio del Obispado. Patio Principal Universitario.<br \/>\nPlaza 450. <a title=\"Plaza de Armas y Palacio de Gobierno de Zacatecas\" href=\"http:\/\/www.travelbymexico.com\/zacatecas\/atractivos\/?nom=kzacarmas&amp;don=20\" target=\"_blank\">Plaza de Armas<\/a>.<br \/>\nPlazuela Goitia. Plazuela Miguel Auza.<br \/>\nRuedo del Hotel Quinta Real<br \/>\n<a title=\"Teatro Fernando Calder\u00f3n en Zacatecas\" href=\"http:\/\/www.travelbymexico.com\/zacatecas\/atractivos\/?nom=kzacteatro&amp;don=20\" target=\"_blank\">Teatro Fern\u00e1ndo Calder\u00f3n<\/a>. Teatro IMSS. Teatro Ramon Lopez Velarde.<\/p>\n<h3>Programa de conciertos y eventos<\/h3>\n<h3>S\u00e1bado 12 de Abril de 2014<\/h3>\n<p><strong>&#8211; Inauguraci\u00f3n<\/strong> del Festival Cultural Zacatecas 2014.<br \/>\nPlaza de Armas &#8211; 20:00 hrs.<br \/>\n<strong>&#8211; Gipsy Kings<\/strong> (Francia) Flamenco fusi\u00f3n. Plaza de Armas &#8211; 20:30 hrs.<\/p>\n<h3>Domingo 13 de Abril de 2014<\/h3>\n<p><strong>Mar\u00eda Katzarava<\/strong>, soprano (Puebla). Plaza de Armas &#8211; \u00bf? horas.<br \/>\n<strong>Ciclo de guitarra cl\u00e1sica<\/strong> &#8220;Carlos Mart\u00edn V\u00e1zquez D\u00edaz, Daniel Escoto Villalobos&#8221; (Zacatecas). Capilla San Antonio del Ex Templo de\u00a0 San Francisco &#8211; 17:00 horas.<br \/>\n<strong>Quinteto Universitario de Jazz de la Universidad Aut\u00f3noma de Zacatecas. <\/strong>Plaza Miguel Auza &#8211; 18:00 horas.<br \/>\n<strong>\u00d3pera rock<\/strong> \u201cOrlok, el vampiro\u201d (Guadalajara). Teatro Ram\u00f3n L\u00f3pez Velarde &#8211; 18:00 horas.<br \/>\n<strong>Banda Sinf\u00f3nica del Estado de Puebla<\/strong> (M\u00e9xico). Plaza de Armas 20:30\u00a0 horas.<br \/>\n<strong>Nuvoy\u00e1<\/strong> (El Salvador \/ Francia \/ M\u00e9xico). Plaza Miguel Auza &#8211; 22:00 horas.<\/p>\n<h3>Lunes 14 de Abril de 2014<\/h3>\n<p>Voces y cuerdas &#8220;<strong>La Rondalla Zacatecas<\/strong>&#8220;. Nave del Ex Convento de San Francisco &#8211; 12:00 horas.<br \/>\n<strong>Ensamble de Clarinetes Allegro<\/strong> (M\u00e9xico).<br \/>\nAuditorio del Museo Manuel Felgu\u00e9rez (MAAMF) &#8211; 13:30 horas.<br \/>\n<strong>Ensamble Aramara<\/strong>.<strong> <\/strong>Templo de Santo Domingo &#8211; 17:00 horas.<br \/>\n<strong>Ciclo de guitarra cl\u00e1sica<\/strong> &#8220;Eduardo Rodr\u00edguez&#8221; (Zacatecas)<br \/>\nCapilla San Antonio del Ex Templo de\u00a0 San Francisco &#8211; 17:00 horas.<br \/>\n<strong>Adriana Montellano<\/strong>,<strong> Rafael Vera y Flor de Mar\u00eda<\/strong>. Plaza Goitia &#8211; 18:00 horas.<br \/>\n<strong>La Tierra Jazz Tr\u00edo<\/strong> y <strong>Caxc\u00e1n Latino &amp; Jazz<\/strong> (Zacatecas)<br \/>\nPlaza Miguel Auza &#8211; 18:00 horas.<br \/>\n<strong>M\u00fasica y danza, Fiestas de M\u00e9xico<\/strong>. Teatro Ram\u00f3n L\u00f3pez Velarde &#8211; 18:00 horas.<br \/>\n<strong>Silikon<\/strong> (M\u00e9xico) &#8211; Plaza de Armas &#8211; 19:30 horas.<br \/>\n<strong>El\u00edas Manzo Hern\u00e1ndez<\/strong> y <strong>Antonio Manzo D&#8217;nes<\/strong> (Zacatecas). Teatro Fernando Calder\u00f3n &#8211; 20:00 horas.<br \/>\n<strong>Capital Cities<\/strong> (Estados Unidos). Plaza de Armas &#8211; 20:30 horas.<br \/>\n<strong>Roberto Aymes Cuartet<\/strong> (M\u00e9xico \/ Suiza). Plaza Miguel Auza &#8211; 22:00 horas.<\/p>\n<h3>Martes 15 de abril de 2014<\/h3>\n<p><strong>Encuentro de Bandas Sinf\u00f3nicas<\/strong>. Plaza de Armas 18:30 &#8211; 20:30 horas.<br \/>\n<strong>M\u00fasica mexicana<\/strong> &#8220;Salterando&#8221;. Nave del Ex Convento de San Francisco &#8211; 12:00 horas.<br \/>\n<strong>Tr\u00edo Neos<\/strong> (Argentina \/ M\u00e9xico \/ EEUU). Auditorio del Museo Manuel Felgu\u00e9rez &#8211; 13:30 horas.<br \/>\n<strong>Ensamble de C\u00e1mara de la Universidad Aut\u00f3noma de Zacatecas<\/strong><br \/>\nTemplo de Santo Domingo &#8211; 17:00 horas.<br \/>\n<strong>Ciclo de guitarra cl\u00e1sica<\/strong> &#8220;Alfredo Mac\u00edas&#8221; (Monterrey). Capilla San Antonio del Ex Templo de\u00a0 San Francisco &#8211; 17:00 horas.<br \/>\n<strong>Raymundo Salas<\/strong>, <strong>Jorge Salas<\/strong> y <strong>Xochiquetzal Hern\u00e1ndez<\/strong>. Plaza Goitia &#8211; 18:00 horas.<br \/>\n<strong>Luis D\u00edaz y La Estaci\u00f3n Blues<\/strong> (Zacatecas). Plaza Miguel Auza &#8211; 18:00 horas.<br \/>\n<strong>Banda Sinf\u00f3nica de la Escuela Superior de M\u00fasica del INBA<\/strong>.<strong> <\/strong>Plaza de Armas &#8211; 18:30 horas.<br \/>\n<strong>Banda Sinf\u00f3nica del Estado de Guanajuato<\/strong>. Plaza de Armas &#8211; 19:30 horas.<br \/>\n<strong>Esteba Herrera Trio<\/strong> (M\u00e9xico). Plaza Miguel Auza &#8211; 22:00 horas.<\/p>\n<h3>Mi\u00e9rcoles 16 de Abril de 2014<\/h3>\n<p>Orquesta de C\u00e1mara &#8220;<strong>Los J\u00f3venes Solistas de M\u00e9xico<\/strong>&#8220;. Nave del Ex Convento de San Francisco &#8211; 12:00 horas.<br \/>\n<strong>Hybris Baroque Ensamble<\/strong> (M\u00e9xico \/ Italia). Auditorio del Museo Manuel Felgu\u00e9rez &#8211; 13:30 horas.<\/p>\n<h3>Jueves 17 de Abril de 2014<\/h3>\n<p>Concierto tradicional de la <strong>Banda Sinf\u00f3nica del Estado de Zacatecas<\/strong>.<br \/>\nPlaza de Armas &#8211; 12:00 Horas.<br \/>\n<strong>Lo dulce del metal al ritmo de las ca\u00f1as<\/strong> (Zacatecas). Nave del Ex Convento de San Francisco &#8211; 12:00 Horas.<br \/>\n<strong>D\u00fao de viol\u00edn y piano<\/strong> (M\u00e9xico \/ Kazajist\u00e1n). Auditorio del Museo Manuel Felgu\u00e9rez &#8211; 13:30 Horas.<br \/>\n<strong>H\u00e1nsel y Gretel<\/strong> (Colima) espect\u00e1culo infantil. Patio de Casa Municipal de Cultura &#8211; 17:00 Horas.<br \/>\n<strong>Due Voci Ensamble<\/strong> (M\u00e9xico- Xalpa) Capilla San Antonio del Ex Templo de\u00a0 San Francisco- 17:00 Horas.<br \/>\n<strong>Danza jazz Spell Pasos Libres<\/strong> (Zacatecas). Teatro Ram\u00f3n L\u00f3pez Velarde-18:00 Horas.<br \/>\n<strong>Mario Morones Tr\u00edo<\/strong> (Zacatecas). Plaza Miguel Auza-18:00 hrs.<br \/>\n<strong>Estampa mexicana<\/strong>: Alejandro de los Santos, Ghandy \u00c1lvarez y Leopoldo \u00c1lvarez. Plaza Goitia- 18:00 Horas<br \/>\n<strong>Gala de Mariachis<\/strong> (Zacatecas) Plaza de Armas- 18:30 a 20:30 Horas.<br \/>\nMariachi Los Reyes de Zacatecas (Zacatecas). Plaza de Armas-<br \/>\n18:30 Horas.<br \/>\n<strong>Narraci\u00f3n Oral<\/strong>: &#8220;Vidas de familia y de santos&#8221; (Argentina) Litoteca del Antiguo Templo de San Agust\u00edn-19:00 Horas.<br \/>\n<strong>Recital l\u00edrico<\/strong> (Cuba \/ M\u00e9xico) Teatro Fernando Calder\u00f3n-20:00 Horas.<br \/>\n<strong>Mariachi Gama Mil<\/strong> (M\u00e9xico) Plaza de Armas-20:30 Horas.<br \/>\n<strong>La Banda de Gaitas del Batall\u00f3n de San Patricio (<\/strong>M\u00e9xico). Plaza Miguel Auza- 21:30 Horas.<br \/>\nOcaso (M\u00e9xico) Plaza Miguel Auza-22:30 Horas.<\/p>\n<h3><span style=\"text-decoration: underline;\">Contin\u00faa leyendo y consulta el Programa Completo en el sitio web oficial del festival<\/span><\/h3>\n<p>http:\/\/www.festivalculturalzacatecas.mx<\/p>\n<p><strong><a title=\"Reserva ya tu hotel en la ciudad de Zacatecas\" href=\"http:\/\/www.travelbymexico.com\/zacatecas\/hoteles\" target=\"_blank\">Reserva ya tu hotel en la ciudad de Zacatecas<\/a><\/strong><\/p>\n<p><strong><a title=\"Conoce los principales atractivos tur\u00edsticos de zacatecas: rese\u00f1a, fotos y mapa de ubicaci\u00f3n\" href=\"http:\/\/www.travelbymexico.com\/zacatecas\/atractivos\" target=\"_blank\">Conoce los principales Atractivos Tur\u00edsticos de la Ciudad de Zacatecas, M\u00e9xico. <\/a><\/strong><\/p>\n<p>&nbsp;<\/p>\n","protected":false},"excerpt":{"rendered":"<p>&#8211; La XXVIII edici\u00f3n el Festival Cultural Zacatecas 2014 rendir\u00e1 homenaje a los poetas Octavio Paz y Eugenio del Hoyo.<\/p>\n","protected":false},"author":2,"featured_media":15880,"comment_status":"closed","ping_status":"closed","sticky":false,"template":"","format":"standard","meta":[],"categories":[37,912],"tags":[7402,7401,7251,7395,7396,7399,7392,7398,7400,1049,1052,1053,7394,7397,7393],"_links":{"self":[{"href":"https:\/\/www.travelbymexico.com\/blog\/wp-json\/wp\/v2\/posts\/15879"}],"collection":[{"href":"https:\/\/www.travelbymexico.com\/blog\/wp-json\/wp\/v2\/posts"}],"about":[{"href":"https:\/\/www.travelbymexico.com\/blog\/wp-json\/wp\/v2\/types\/post"}],"author":[{"embeddable":true,"href":"https:\/\/www.travelbymexico.com\/blog\/wp-json\/wp\/v2\/users\/2"}],"replies":[{"embeddable":true,"href":"https:\/\/www.travelbymexico.com\/blog\/wp-json\/wp\/v2\/comments?post=15879"}],"version-history":[{"count":6,"href":"https:\/\/www.travelbymexico.com\/blog\/wp-json\/wp\/v2\/posts\/15879\/revisions"}],"predecessor-version":[{"id":15903,"href":"https:\/\/www.travelbymexico.com\/blog\/wp-json\/wp\/v2\/posts\/15879\/revisions\/15903"}],"wp:featuredmedia":[{"embeddable":true,"href":"https:\/\/www.travelbymexico.com\/blog\/wp-json\/wp\/v2\/media\/15880"}],"wp:attachment":[{"href":"https:\/\/www.travelbymexico.com\/blog\/wp-json\/wp\/v2\/media?parent=15879"}],"wp:term":[{"taxonomy":"category","embeddable":true,"href":"https:\/\/www.travelbymexico.com\/blog\/wp-json\/wp\/v2\/categories?post=15879"},{"taxonomy":"post_tag","embeddable":true,"href":"https:\/\/www.travelbymexico.com\/blog\/wp-json\/wp\/v2\/tags?post=15879"}],"curies":[{"name":"wp","href":"https:\/\/api.w.org\/{rel}","templated":true}]}}