{"id":15875,"date":"2014-03-24T12:37:58","date_gmt":"2014-03-24T18:37:58","guid":{"rendered":"http:\/\/www.travelbymexico.com\/blog\/?p=15875"},"modified":"2014-03-22T04:32:32","modified_gmt":"2014-03-22T10:32:32","slug":"domingo-6-de-abril-de-2014-inicia-horario-de-verano-en-casi-todo-mexico","status":"publish","type":"post","link":"https:\/\/www.travelbymexico.com\/blog\/15875-domingo-6-de-abril-de-2014-inicia-horario-de-verano-en-casi-todo-mexico\/","title":{"rendered":"Domingo 6 de abril de 2014 inicia horario de verano en casi todo M\u00e9xico"},"content":{"rendered":"<h2>Este a\u00f1o de 2014, en *casi todo M\u00e9xico el Cambio de Horario de Verano (CHV) iniciar\u00e1 a las 2:00 de la madrugada del s\u00e1bado 5 de abril al domingo 6 de abril 2014.<\/h2>\n<p>Establecido en M\u00e9xico a partir del a\u00f1o de 1996, el <em><strong>Horario de Verano<\/strong><\/em> es una medida que consiste en adelantar el reloj una hora durante la parte del a\u00f1o en la que se presenta la mayor insolaci\u00f3n.<\/p>\n<h3>No todo M\u00e9xico pasa al horario de verano al mismo tiempo<\/h3>\n<p>Si bien M\u00e9xico est\u00e1 dividido en <strong>**<\/strong>tres husos horarios, el horario de verano se aplica en dos zonas: la Zona Fronteriza Norte y el resto del pa\u00eds, a excepci\u00f3n del <strong>***<\/strong>estado de Sonora.<\/p>\n<p><span style=\"text-decoration: underline;\"><strong>* La Zona Fronteriza Norte<\/strong><\/span>: Se le denomina Franja Fronteriza Norte al territorio comprendido entre la l\u00ednea internacional y la l\u00ednea paralela ubicada a una distancia de 20 km. Para los <strong>33 municipios<\/strong> comprendidos en esta franja el\u00a0 Horario de Verano inicia <strong>el segundo domingo de marzo a las 2:00 a.m.<\/strong> y concluye <strong>el primer domingo de noviembre a las 2:00 a.m<\/strong>. Esta medida busca facilitar la vida cotidiana de los residentes fronterizos que tienen que cruzar, de un lado a otro, por motivos laborales o escolares.<\/p>\n<p><span style=\"text-decoration: underline;\"><strong>En el resto del pa\u00eds<\/strong><\/span>, el Horario de Verano inicia el <strong>primer domingo de abril\u00a0a las 2:00 a.m.<\/strong> y termina el<strong> \u00faltimo domingo de octubre a las 2:00 a.m<\/strong>.<\/p>\n<p><span style=\"text-decoration: underline;\">Dichos municipios son los siguientes:<\/span><\/p>\n<p><strong>Municipios del Estado de Baja California<\/strong><br \/>\n<em>Ensenada. Mexicali. Playa Rosarito. Tecate. Tijuana.<\/em><\/p>\n<p><strong>Municipios del Estado de Chihuahua<\/strong><br \/>\n<em>Ascenci\u00f3n. Coyame. Guadalupe.\u00a0 Janos. Ju\u00e1rez. Manuel Benavides. Oginaga.\u00a0 Praxedis.<\/em><\/p>\n<p><strong>Municipios del Estado de Coahuila<\/strong><br \/>\n<em>Acu\u00f1a. Guerrero. Hidalgo. Jim\u00e9nez. Nava. Ocampo. Piedras Negras. Zaragoza.<\/em><\/p>\n<p><strong>Municipios del Estado de \u00a0Nuevo Le\u00f3n<\/strong><br \/>\n<em>An\u00e1huac. Los Aldamas.<\/em><\/p>\n<p><strong>Municipios del Estado de\u00a0 Tamaulipas<\/strong><br \/>\n<em>Camargo. Guerrero. Gustavo D\u00edaz Ordaz. Matamoros. Mier. Miguel Alem\u00e1n. Nuevo Laredo. Reynosa. R\u00edo Bravo. Valle Hermoso.<\/em><\/p>\n<h3>**M\u00e9xico est\u00e1 divido en 3 Husos Horarios:<\/h3>\n<p><strong>Zona Noreste de M\u00e9xico<\/strong> \u2028Corresponde al meridiano 120 grados al oeste de Greenwich: <em>Baja California.<\/em><\/p>\n<p><strong>Zona Pac\u00edfico de M\u00e9xico<\/strong> (tambi\u00e9n llamada Zona de la Monta\u00f1a): Corresponde al meridiano 105 grados al oeste de Greenwich. <em>Baja California Sur,\u2028 Chihuahua, \u2028Nayarit,\u2028 Sinaloa,\u2028 ***Sonora<\/em>, (***en el Estado de Sonora no se aplica el Horario de Verano).<\/p>\n<p><strong>Zona Centro de M\u00e9xico<\/strong> (corresponde al meridiano 90 grados al oeste de Greenwich): <em>Aguascalientes, Campeche, Coahuila, Colima, Chiapas, Distrito Federal, Durango, Guanajuato, Guerrero, Hidalgo, Jalisco, Estado de M\u00e9xico, Michoac\u00e1n, Morelos, Nuevo Le\u00f3n, Oaxaca, Puebla, Quer\u00e9taro, Quintana Roo, San Luis Potos\u00ed, Tabasco, Tamaulipas, Tlaxcala, Veracruz, Yucat\u00e1n y Zacatecas<\/em>.<\/p>\n<h3>***<em>Sonora no aplica el Horario de Verano<\/em><\/h3>\n<p><em>El Estado de <strong>Sonora<\/strong> es la<strong> \u00fanica entidad<\/strong> del pa\u00eds donde no se aplica el Horario de Verano. <\/em>Esto, debido a la interacci\u00f3n comercial que mantiene con Arizona, Estados Unidos, \u00fanico estado del vecino pa\u00eds que tampoco realiza cambios en su huso horario.<\/p>\n<h3>Decreto del horario de verano y las tres zonas horarias en M\u00e9xico<\/h3>\n<p>En el decreto de la <a title=\"Descarga formato PDF de la Ley del Sistema de Horario en los Estaodos Unidos Mexicanos\" href=\"http:\/\/www.google.com.mx\/url?sa=t&amp;rct=j&amp;q=&amp;esrc=s&amp;source=web&amp;cd=1&amp;cad=rja&amp;ved=0CC8QFjAA&amp;url=http%3A%2F%2Fwww.diputados.gob.mx%2FLeyesBiblio%2Fpdf%2F239.pdf&amp;ei=kJpgUciOCKqK2wW05YCQAw&amp;usg=AFQjCNEeOp8-a1ZGZ-LFvUz8ERmeFjUbRw&amp;bvm=bv.44770516,d.b2I\" target=\"_blank\">Ley del Sistema de Horario en los Estados Unidos Mexicanos<\/a> expedido por el Presidente, Dr. <strong>Ernesto Zedillo Ponce de Le\u00f3n.<\/strong> el Diciembre 29, 1995 y publicado en el Diario Oficial el 4 de enero de 1996, se establecieron tres zonas horarias y el Horario de Verano para <a title=\"Gu\u00eda Tur\u00edstica de M\u00e9xico: hoteles, restaurantes, mapas, fotos, videos, tips, etc.\" href=\"http:\/\/www.travelbymexico.com\" target=\"_blank\">todo el pa\u00eds<\/a>.<\/p>\n<h3>\u00bfCu\u00e1l organismo genera y disemina la Hora Oficial en M\u00e9xico?<\/h3>\n<p>En M\u00e9xico la realizaci\u00f3n f\u00edsica del UTC (Tiempo Universal Coordinado) est\u00e1 a cargo del <strong>Centro Nacional de Metrolog\u00eda<\/strong> y se denominada UTC (CNM).<\/p>\n<p>El CENAM genera y disemina la Hora Oficial para los Estados Unidos Mexicanos en los husos horarios establecidos en la Ley del Sistema de Horario en los Estados Unidos Mexicanos.<\/p>\n<p>El <strong>Centro Nacional de Metrolog\u00eda<\/strong> (CENAM) es un organismo descentralizado dependiente de la <a title=\"Funciones de las Secretar\u00edas de Gobernaci\u00f3n en M\u00e9xico\" href=\"http:\/\/www.travelbymexico.com\/blog\/10022-funciones-de-las-secretarias-de-gobernacion-en-mexico\" target=\"_blank\">Secretar\u00eda de Econom\u00eda<\/a>, que fue creado con el fin de apoyar el sistema metrol\u00f3gico nacional.<\/p>\n<p><em><strong>La responsabilidad de establecer el horario de verano es del H. Congreso de la Uni\u00f3n.<\/strong><\/em><\/p>\n<p>El CENAM establece el patr\u00f3n nacional de escalas de tiempo, u hora oficial, y la Secretar\u00eda de Econom\u00eda lo reconoce como tal.<\/p>\n<p>Laboratorio nacional de referencia en materia de mediciones, El <strong>CENAM<\/strong> genera la Hora Oficial para los Estados Unidos Mexicanos en los husos horarios establecidos en la Ley del Sistema de Horario en los Estados Unidos Mexicanos.<\/p>\n<h3>Ahorro de energ\u00eda gracias al Cambio de Horario de Verano:<\/h3>\n<p><em>En 2012, la aplicaci\u00f3n del CHV permiti\u00f3 un ahorro en el consumo de 1,041GWh. <\/em><\/p>\n<p><em>El ahorro econ\u00f3mico obtenido fue de mil 390 millones de pesos y se dejar\u00e1n de quemar 1.86 millones de barriles de petr\u00f3leo crudo equivalente. <\/em><\/p>\n<p><em>Los ahorros acumulados por la aplicaci\u00f3n del CHV desde su inicio en 1996 a la fecha, permitieron dejar de consumir 19,460 GWh. Con la idea de dimensionar el significado del ahorro de energ\u00eda acumulado de 1996 a la fecha por la aplicaci\u00f3n del CHV, \u00e9ste ser\u00eda suficiente para alimentar a 11 millones de hogares durante todo un a\u00f1o (con un consumo promedio de 289 Kilowatts-hora bimestrales por hogar).<\/em><\/p>\n<p><em><strong>Fuente<\/strong>: Fideicomiso para el ahorro de Energ\u00eda El\u00e9ctrica<\/em> (FIDE)<br \/>\n<strong>Leer tambi\u00e9<\/strong>n: <a title=\"Ahorro de Energ\u00eda, Horario de Verano. Comisi\u00f3n Federal de Electricidad\" href=\"http:\/\/www.cfe.gob.mx\/ConoceCFE\/Desarrollo_Sustentable\/AhorroDeEnergia\/Paginas\/Horario-de-verano.aspx\" target=\"_blank\">Ahorro de Energ\u00eda, Horario de Verano en el sitio de la CFE<\/a><\/p>\n","protected":false},"excerpt":{"rendered":"<p>Este a\u00f1o de 2014, en *casi todo M\u00e9xico el Cambio de Horario de Verano (CHV) iniciar\u00e1 a las 2:00 de<\/p>\n","protected":false},"author":2,"featured_media":15876,"comment_status":"closed","ping_status":"closed","sticky":false,"template":"","format":"standard","meta":[],"categories":[912,30],"tags":[7388,262,7391,2066,4624,7390,450,7389,4625,3260,7387,633,634,4623,648,4627,4626,1883,4621],"_links":{"self":[{"href":"https:\/\/www.travelbymexico.com\/blog\/wp-json\/wp\/v2\/posts\/15875"}],"collection":[{"href":"https:\/\/www.travelbymexico.com\/blog\/wp-json\/wp\/v2\/posts"}],"about":[{"href":"https:\/\/www.travelbymexico.com\/blog\/wp-json\/wp\/v2\/types\/post"}],"author":[{"embeddable":true,"href":"https:\/\/www.travelbymexico.com\/blog\/wp-json\/wp\/v2\/users\/2"}],"replies":[{"embeddable":true,"href":"https:\/\/www.travelbymexico.com\/blog\/wp-json\/wp\/v2\/comments?post=15875"}],"version-history":[{"count":1,"href":"https:\/\/www.travelbymexico.com\/blog\/wp-json\/wp\/v2\/posts\/15875\/revisions"}],"predecessor-version":[{"id":15877,"href":"https:\/\/www.travelbymexico.com\/blog\/wp-json\/wp\/v2\/posts\/15875\/revisions\/15877"}],"wp:featuredmedia":[{"embeddable":true,"href":"https:\/\/www.travelbymexico.com\/blog\/wp-json\/wp\/v2\/media\/15876"}],"wp:attachment":[{"href":"https:\/\/www.travelbymexico.com\/blog\/wp-json\/wp\/v2\/media?parent=15875"}],"wp:term":[{"taxonomy":"category","embeddable":true,"href":"https:\/\/www.travelbymexico.com\/blog\/wp-json\/wp\/v2\/categories?post=15875"},{"taxonomy":"post_tag","embeddable":true,"href":"https:\/\/www.travelbymexico.com\/blog\/wp-json\/wp\/v2\/tags?post=15875"}],"curies":[{"name":"wp","href":"https:\/\/api.w.org\/{rel}","templated":true}]}}