{"id":15856,"date":"2014-03-18T09:43:06","date_gmt":"2014-03-18T15:43:06","guid":{"rendered":"http:\/\/www.travelbymexico.com\/blog\/?p=15856"},"modified":"2014-03-17T16:11:17","modified_gmt":"2014-03-17T22:11:17","slug":"lanzan-el-primer-festival-internacional-de-arquitectura-y-ciudad-mextropoli","status":"publish","type":"post","link":"https:\/\/www.travelbymexico.com\/blog\/15856-lanzan-el-primer-festival-internacional-de-arquitectura-y-ciudad-mextropoli\/","title":{"rendered":"Lanzan el Primer Festival Internacional de Arquitectura y Ciudad Mextr\u00f3poli"},"content":{"rendered":"<h2>Arquine, revista internacional de arquitectura y dise\u00f1o dedicada a la difusi\u00f3n de la cultura arquitect\u00f3nica contempor\u00e1nea, presenta\u00a0 el 1\u00ba Festival Internacional de Arquitectura y Ciudad Mextr\u00f3poli: 14 conferencias y m\u00e1s de 35 actividades gratuitas en m\u00e1s de 25 sedes del Centro Hist\u00f3rico de la ciudad de M\u00e9xico, entre ellas:<\/h2>\n<h2>conferencias, mesas de di\u00e1logo, proyecciones de cine, presentaci\u00f3n de libro, puntos activos, talleres, rutas arquitect\u00f3nicas, jornadas de puertas abiertas, exposiciones, concierto, ferias \u00a1y mucho m\u00e1s!<\/h2>\n<p>Si bien \u00e9sta es su primera edici\u00f3n el Festival Internacional de Arquitectura y Ciudad Mextr\u00f3poli sienta sus bases en 15 a\u00f1os de experiencia consolidados desde el <em><strong>Congreso Arquine<\/strong><\/em>, que hoy transformado y en alianza estrat\u00e9gica con el Gobierno de la Ciudad, tiene el firme objetivo de posicionarse en la ciudad de M\u00e9xico como el m\u00e1s importante y diverso escenario para concentrar, exponer, activar y promover la cultura desde la arquitectura.<\/p>\n<p><em><span style=\"text-decoration: underline;\"><strong>1\u00ba Festival Internacional de Arquitectura y Ciudad Mextr\u00f3poli\u00a0 <\/strong><\/span><\/em><\/p>\n<p><em><span style=\"text-decoration: underline;\"><strong>Del 22 al 26 de marzo 2014<\/strong><\/span><\/em><\/p>\n<h3>Invitados especiales<\/h3>\n<p><strong>Johanna Hurme <\/strong>+<strong> Sasa Radulovic<\/strong><br \/>\nUn colectivo de 12 arquitectos con base en Canad\u00e1 cuyos proyectos tanto nacionales como internacionales han sido galardonados en diversas ocasiones y publicados en las plataformas m\u00e1s importantes de arquitectura.<\/p>\n<h3>Proyecciones de Cine urbano Mextr\u00f3poli<\/h3>\n<p><strong>&#8211; Ciclo de cine<\/strong> en los cineclubes del Centro Hist\u00f3rico &#8220;<strong>Repensando el mundo<\/strong>&#8221;<\/p>\n<p><strong>&#8211; Selecci\u00f3n de cortos y documentales<\/strong> sobre temas de arquitectura y ciudad en diferentes escenarios:<\/p>\n<p>Mosca, Bulmaro Osornio<br \/>\nCiudad Merced, Pablo Mart\u00ednez-Zarate<br \/>\nCiudad Intervenida, C\u00e9sar Moheno<br \/>\nCalle L\u00f3pez, Gerardo Barroso y Lisa Tillinger<br \/>\nMission Statements, Jord den Hollander (subt\u00edtulos en ingl\u00e9s).<\/p>\n<h3>Conferencias magistrales en el Teatro Metrop\u00f3litan<\/h3>\n<p>Descubre c\u00f3mo se piensa la ciudad desde distintas miradas: pol\u00edtica, literatura, arte, fotograf\u00eda, urbanismo.<\/p>\n<p><span style=\"text-decoration: underline;\"><strong>Lunes 24 de marzo<strong> 2014<\/strong><\/strong> de 10:00 a 15:00 hrs.<\/span><br \/>\nAntanas Mockus \u2013 Bogot\u00e1 | Ex alcalde de Bogot\u00e1<br \/>\nJose Castillo \u2013 Ciudad de M\u00e9xico | Urbanista y asesor del programa Urban Age M\u00e9xico<br \/>\nJordi Hereu \u2013 Barcelona | Ex alcalde de Barcelona<br \/>\nRudy Ricciotti \u2013 Marsella | Arquitecto y urbanista<\/p>\n<p><span style=\"text-decoration: underline;\"><strong>Martes 25 de marzo<strong> 2014<\/strong><\/strong> de 10:00 a 15:00 hrs.<\/span><br \/>\nJuan Villoro \u2013 Ciudad de M\u00e9xico | Escritor y cronista de la ciudad de M\u00e9xico<br \/>\nIwan Baan \u2013 \u00c1msterdan | Fot\u00f3grafo de arquitectura<br \/>\nJuhani Pallasmaa \u2013 Helsinki | Arquitecto<br \/>\nPedro Reyes \u2013 Ciudad de M\u00e9xico | Arquitecto y artista<br \/>\nFrederic Amat \u2013 Barcelona | Artista<\/p>\n<p><span style=\"text-decoration: underline;\"><strong>Mi\u00e9rcoles 26 de marzo 2014<\/strong> de 10:00 a 15:00 hrs.<\/span><br \/>\nStefano Boeri \u2013 Mil\u00e1n | Arquitecto, cr\u00edtico y exasesor urbano de la ciudad de Mil\u00e1n<br \/>\nBijoy Jain \/ Studio Mumbai \u2013 Mumbai | Arquitecto y activista.<br \/>\nWinka Dubbeldam \u2013 Nueva York | Arquitecta. Directora de Penn University<br \/>\nAntonio Ortiz \/ Cruz &amp; Ortiz \u2013 Sevilla | Arquitecto<\/p>\n<h3>Boletos Conferencias Magistrales (por d\u00eda)<\/h3>\n<p><strong>Teatro Metrop\u00f3litan<\/strong>: Preferente A: $952.50 Preferente B. $926.25. Balc\u00f3n C: 780.00. Balc\u00f3n D: 609.50. Balc\u00f3n E: $463.12. pesos. Disponibles via el sistema Ticketmaster.<\/p>\n<h3>Presentaciones de libros<\/h3>\n<p>&#8211; Encajes urbanos. Javier S\u00e1nchez 2004-2013<br \/>\n&#8211; Arquitecturas Mexicanas. Lo mejor de siglo XXI vol.5<br \/>\n&#8211; Jorge Ambrosi<br \/>\n&#8211; La arquitectura es un deporte de combate, Rudy Ricciotti<br \/>\n&#8211; LIGA 1 a 10<br \/>\n&#8211; La arquitectura (no) importa. Lisboa 7 por AT103<br \/>\n-Sobreestimulaci\u00f3n, Michel Rojkind<br \/>\n&#8211; Arquitectura mexicana 1900 \u2013 2010, Fernanda Canales.<\/p>\n<h3>Concierto<\/h3>\n<p>Laurent de Wilde, concierto de jazz.<\/p>\n<h3>Panelistas<\/h3>\n<p>David Lida. Nueva York |-\u00a0 Cronista de la ciudad de M\u00e9xico<br \/>\nMathias M\u00fcller + Daniel Niggli. EM2N \u2013 Z\u00farich | Arquitectos<br \/>\nWilly M\u00fcller &#8211; Barcelona | Arquitecto y asesor de gesti\u00f3n urbana de Barcelona<br \/>\nAlfonso Vegara &#8211; Madrid | Urbanista y economista<br \/>\nEthel Baraona &#8211; Barcelona | Arquitecta y bloguera<br \/>\nDavid Assael + David Basulto \/ Archdaily &#8211; Santiago de Chile | Arquitectos<br \/>\nGuillermo Osorno &#8211; Editor y periodista.<br \/>\nJord den Hollander &#8211; \u00c1msterdam | Arquitecto y cineasta<br \/>\nRodolfo Argote &#8211; Arquitecto, director de Planeaci\u00f3n Territorial del Instituto Metropolitano de Planeaci\u00f3n del XX Ayuntamiento de Tijuana<br \/>\nRicard Fayos &#8211; arquitecto, director de los Servicios de Planeamiento del Ayuntamiento de Barcelona<br \/>\nMimi Zeiguer &#8211; editora de la publicaci\u00f3n Architect<br \/>\nJordi Bernad\u00f3 &#8211; Fot\u00f3grafo catal\u00e1n<br \/>\nJosep Bohigas &#8211; profesor en la Universidad de Catalu\u00f1a y la Universidad de Salamanca, Espa\u00f1a<br \/>\nRa\u00fal C\u00e1rdenas &#8211; Arquitecto mexicano, en 2011 gan\u00f3 el premio a la mejor intervenci\u00f3n art\u00edstica de impacto social por la Harvard\u2019s Cultural Agents Initiative<br \/>\nTerence Gower &#8211; artista pl\u00e1stico<br \/>\nIker Gil &#8211; Arquitecto y urbanista, ganador del premio de Arquitectura para Calles Humanitarias en Chicago<br \/>\nCarlos Zedillo Velasco &#8211; Arquitecto por la Universidad de Yale, Subdirector General de Sustentabilidad y T\u00e9cnica del Infonavit.<\/p>\n<h3>Algunas sedes<\/h3>\n<p><a title=\"Museo Nacional de San Carlos, Ciudad de M\u00e9xico\" href=\"http:\/\/www.travelbymexico.com\/ciudaddemexico\/atractivos\/?nom=edfesancarlos\" target=\"_blank\">Academia de San Carlos (Museo Nacional de San Carlos)<\/a>.<br \/>\n<a title=\"Centro Cultural Espa\u00f1a, un espacio sin l\u00edmites en el coraz\u00f3n de la ciudad de M\u00e9xico\" href=\"http:\/\/www.travelbymexico.com\/blog\/9105-centro-cultural-espana-un-espacio-sin-limites\" target=\"_blank\">Centro Cultural Espa\u00f1a<\/a>.<br \/>\nCentro Cultural del M\u00e9xico Contempor\u00e1neo.<br \/>\nBiblioteca M\u00f3vil Dr. Mora.<br \/>\nLaboratorio Arte Almeda.<br \/>\nPalacio de Bellas Artes.<br \/>\nColegio de San Ildefonso (concierto de Jazz de Laurent de Wilde)<br \/>\nBiblioteca de M\u00e9xico.<br \/>\nBiblioteca Vasconcelos<br \/>\nMuseo Franz Mayer.<br \/>\nMuseo Experimental El Eco.<br \/>\nMuseo Experimental del Chopo<br \/>\nMuseo de Arte Popular<br \/>\nMuseo del Chocolate MUCHO.<br \/>\nAlameda Central.<br \/>\nPlaza de la Santa Veracruz<br \/>\nTeatro Metrop\u00f3litan<br \/>\nClaustro de Sor Juana<br \/>\nEx Convento de San Hip\u00f3lito<br \/>\nTorre Bancomer<\/p>\n<h3>Para mayores informes consulta<\/h3>\n<p><strong>http:\/\/www.mextropoli.mx\/programa <\/strong><\/p>\n<p><strong><a title=\"Reserva tu hotel en la ciudad de M\u00e9xico \" href=\"http:\/\/www.travelbymexico.com\/ciudaddemexico\" target=\"_blank\">Reserva tu hotel en la ciudad de M\u00e9xico <\/a><\/strong><\/p>\n<p>&nbsp;<\/p>\n<p>&nbsp;<\/p>\n","protected":false},"excerpt":{"rendered":"<p>Arquine, revista internacional de arquitectura y dise\u00f1o dedicada a la difusi\u00f3n de la cultura arquitect\u00f3nica contempor\u00e1nea, presenta\u00a0 el 1\u00ba Festival<\/p>\n","protected":false},"author":2,"featured_media":15857,"comment_status":"closed","ping_status":"closed","sticky":false,"template":"","format":"standard","meta":[],"categories":[5,37],"tags":[7359,9797,281,1351,318,7362,7358,7361,7364,7365,7367,7363,6024,7360,7366,6211],"_links":{"self":[{"href":"https:\/\/www.travelbymexico.com\/blog\/wp-json\/wp\/v2\/posts\/15856"}],"collection":[{"href":"https:\/\/www.travelbymexico.com\/blog\/wp-json\/wp\/v2\/posts"}],"about":[{"href":"https:\/\/www.travelbymexico.com\/blog\/wp-json\/wp\/v2\/types\/post"}],"author":[{"embeddable":true,"href":"https:\/\/www.travelbymexico.com\/blog\/wp-json\/wp\/v2\/users\/2"}],"replies":[{"embeddable":true,"href":"https:\/\/www.travelbymexico.com\/blog\/wp-json\/wp\/v2\/comments?post=15856"}],"version-history":[{"count":3,"href":"https:\/\/www.travelbymexico.com\/blog\/wp-json\/wp\/v2\/posts\/15856\/revisions"}],"predecessor-version":[{"id":15859,"href":"https:\/\/www.travelbymexico.com\/blog\/wp-json\/wp\/v2\/posts\/15856\/revisions\/15859"}],"wp:featuredmedia":[{"embeddable":true,"href":"https:\/\/www.travelbymexico.com\/blog\/wp-json\/wp\/v2\/media\/15857"}],"wp:attachment":[{"href":"https:\/\/www.travelbymexico.com\/blog\/wp-json\/wp\/v2\/media?parent=15856"}],"wp:term":[{"taxonomy":"category","embeddable":true,"href":"https:\/\/www.travelbymexico.com\/blog\/wp-json\/wp\/v2\/categories?post=15856"},{"taxonomy":"post_tag","embeddable":true,"href":"https:\/\/www.travelbymexico.com\/blog\/wp-json\/wp\/v2\/tags?post=15856"}],"curies":[{"name":"wp","href":"https:\/\/api.w.org\/{rel}","templated":true}]}}