{"id":15839,"date":"2014-03-15T23:17:29","date_gmt":"2014-03-16T05:17:29","guid":{"rendered":"http:\/\/www.travelbymexico.com\/blog\/?p=15839"},"modified":"2014-03-16T01:01:52","modified_gmt":"2014-03-16T07:01:52","slug":"jazztival-michoacan-2014-del-26-al-29-de-marzo","status":"publish","type":"post","link":"https:\/\/www.travelbymexico.com\/blog\/15839-jazztival-michoacan-2014-del-26-al-29-de-marzo\/","title":{"rendered":"Jazztival Michoac\u00e1n 2014, del 26 al 29 de marzo"},"content":{"rendered":"<h2>Del 26 al 29 de marzo del presente la ciudad de <a title=\"Gu\u00eda de Morelia: Informaci\u00f3n, hoteles, atractivos tur\u00edsticos, fotos, clima, mapas\" href=\"http:\/\/www.travelbymexico.com\/morelia\" target=\"_blank\">Morelia<\/a> as\u00ed como los municipios de Uruapan, Zit\u00e1cuaro, Maravatio, Sahuayo, y Tlalpujahua, L\u00e1zaro C\u00e1rdenas, ser\u00e1n las sedes del Jazztival Michoac\u00e1n 2014, evento que en su XI edici\u00f3n contar\u00e1 con la participaci\u00f3n de m\u00fasicos invitados de Estados Unidos, Cuba, M\u00e9xico y Espa\u00f1a quienes ofrecer\u00e1n conciertos, master classes, as\u00ed mismo se realizar\u00e1n una muestra pict\u00f3rica, presentaciones editoriales y discogr\u00e1ficas y un concurso de bandas estudiantiles.<\/h2>\n<h3>Artistas<\/h3>\n<p>&#8211; Sexteto de Marcelino Gal\u00e1n &#8211; C\u00e9sar L\u00f3pez y Habana Ensamble &#8211; Flavio Meneses Tr\u00edo &#8211; Daniel Madrid Tr\u00edo.<br \/>\nOrquesta Sinf\u00f3nica de Michoac\u00e1n + H\u00e9ctor Infanz\u00f3n + Edgar Dorantes Trio + Juan Alzate.<\/p>\n<p>&#8211; Las <strong>ciudades hermanas<\/strong> de <strong>Yakima<\/strong> (EE.UU) y <strong>Morelia<\/strong> celebrar\u00e1n al Jazz con las siguientes agrupaciones: El Ensamble de Jazz Yakima, Jazz All Star Band Yakima &#8211; Morelia, Yakima Valley Community College (YVCC) Salsa Orchestra.<\/p>\n<p>&#8211; John Sanders, Raynald Colom, Jeff Norwood y Raynald Colom (Master Class).<\/p>\n<h3>Programa del Jazztival Michoac\u00e1n 2014<\/h3>\n<h3>Martes 25 de marzo 2014<\/h3>\n<p><strong>Paquito G\u00f3mez Quartet<\/strong><br \/>\nExplanada de la Universidad Vasco de Quiroga a las 10:00 horas.<br \/>\n<strong>Ensamble de Jazz Yakima<\/strong><br \/>\nEscuela Normal Urbana Federal \u201cJ. Jes\u00fas Romero Flores\u201d de Morelia a las 11:00 horas. Explanada de la Universidad Vasco de Quiroga a las 17:00 horas.<\/p>\n<p><em><span style=\"text-decoration: underline;\"><strong>En L\u00e1zaro C\u00e1rdenas<\/strong><\/span><\/em>: <strong>Paquito G\u00f3mez Quartet, <\/strong>a las 20:00 horas.<\/p>\n<h3>Mi\u00e9rcoles 26 de marzo 2014<\/h3>\n<p><strong>Master Class<\/strong> de trompeta &#8211; <strong>Raynald Colom<\/strong><br \/>\nConocido como el &#8216;Miles Davis Catal\u00e1n&#8217;, Raynald Colom fue galardonado con cuatro premios como mejor trompetista de la Asociaci\u00f3n de M\u00fasicos de Jazz y M\u00fasica Moderna de Catalu\u00f1a.<br \/>\nConservatorio de las Rosas a las 11:00 horas.<\/p>\n<p><strong>Ensamble de Jazz Yakima <\/strong><br \/>\nEscuela Secundaria T\u00e9cnica No.13 (Internado La Huerta) de Morelia. A las 13:00 horas.<\/p>\n<p><strong>Inauguraci\u00f3n de la muestra pict\u00f3rica de Javier L\u00f3pez<\/strong><br \/>\nSala Efra\u00edn Vargas de la Casa de la Cultura de Morelia, A las 19:00 horas.<\/p>\n<p><em><span style=\"text-decoration: underline;\"><strong>Inauguraci\u00f3n del Jazztival Michoac\u00e1n 2014<\/strong> <\/span><\/em><br \/>\n<strong>Sexteto de Marcelino Gal\u00e1n<\/strong>, integrado por seis de los m\u00fasicos de jazz m\u00e1s importantes de Espa\u00f1a.<br \/>\nClaustro mayor de la Casa de la Cultura de Morelia, a las 20:30 horas.<\/p>\n<h3>Jueves 27 de marzo 2014<\/h3>\n<p><strong>Concurso de Bandas estudiantiles de jazz<\/strong><br \/>\n<em>El ensamble ganador de este concurso abrir\u00e1 el concierto de las 20:30 horas en el mismo lugar y tocar\u00e1 con m\u00fasicos reconocidos del \u00e1mbito jazz\u00edstico que forman la Jazz All Star Band Yakima-Morelia. <em><em><em>Claustro mayor de la Casa de la Cultura de Morelia<\/em> de 10:00 a 14:00 hrs.<\/em><\/em><\/em><\/p>\n<p><strong>Presentaci\u00f3n del libro<\/strong> de Alain Derbez, <em><strong>La historia del jazz en M\u00e9xico<\/strong><\/em>. Sala Efra\u00edn Vargas de la Casa de la Cultura a las 19:00 horas.<\/p>\n<p><strong>&#8211; Master Class <\/strong>de piano y composici\u00f3n<strong> <\/strong>por <strong>John Sanders <\/strong>(USA) <em>pianista, te\u00f3rico compositor y arreglista en diferentes estilos, director del Departamento de m\u00fasica del Edmonds Community College, profesor de teor\u00eda musical y director de la banda de Jazz de esa misma instituci\u00f3n. Conservatorio de las Rosas a las 11:00 horas.<\/em><\/p>\n<p>&#8211; <strong>Master Class<\/strong> de bajo por <strong>Jeff Norwood<\/strong> (USA), m\u00fasico vers\u00e1til que ha hecho una carrera por s\u00ed mismo y participa en proyectos de estilos variados; adem\u00e1s, fue alumno de Ray Brown y Buell Neidlinger.<br \/>\nConservatorio de las Rosas a las 11:00 horas.<\/p>\n<p><strong>Master Class de percusi\u00f3n latina por &#8220;Memo&#8221; Acevedo (USA)<\/strong><br \/>\nMemo Acevedo ha tocado con grandes m\u00fasicos como Tom Scott, Mark Murphy, entre otros. Ha impartido clases en New York University y como profesor invitado en el Yakima Valley Community College.<br \/>\nFacultad Popular de Bellas Artes a las 11:00 horas.<\/p>\n<p><strong><span style=\"text-decoration: underline;\"><em>En Tlalpujahua: <\/em><\/span><\/strong>Yakima Valley Community College (YVCC) Salsa Orchestra, a las 20:00 horas.<\/p>\n<h3>Viernes 28 de marzo 2014<\/h3>\n<p>&#8211; <strong>Concierto de la YVCC Salsa Orchestra<\/strong> (Yakima-Morelia)\u00a0Ciudad Universitaria a las 12:00 horas.<\/p>\n<p>&#8211; <strong>Presentaci\u00f3n de los discos<\/strong>: Variaciones y Jazztival X aniversario, por Juan Alzate, Germ\u00e1n Palomares, Antonio Malacara.Despu\u00e9s, a las 19:00 horas, en la Sala Efra\u00edn Vargas de la Casa de la Cultura de Morelia.<\/p>\n<p>&#8211; <strong>Orquesta Sinf\u00f3nica de Michoac\u00e1n<\/strong> dirigida por Rom\u00e1n Revueltas y acompa\u00f1ada por los solistas<strong> H\u00e9ctor Infanz\u00f3n<\/strong>,<strong> Edgar Dorantes Tr\u00edo<\/strong> y <strong>Juan Alzate<\/strong>. Claustro mayor de la Casa de la Cultura de Morelia, a las 20:30 horas.<\/p>\n<p><em><span style=\"text-decoration: underline;\"><strong>En Uruapan<\/strong><\/span>: <\/em>Flavio Meneses Tr\u00edo, a las 20:00 horas.<\/p>\n<h3>S\u00e1bado 29 de marzo 2014<\/h3>\n<p><em><span style=\"text-decoration: underline;\"><strong>Cierre de Festival<\/strong><\/span><\/em>:\u00a0 con el concierto de <strong>C\u00e9sar L\u00f3pez<\/strong> y <strong>Habana Ensemble<\/strong> en el Claustro mayor de la Casa de la Cultura de Morelia a las 20:30 horas.<\/p>\n<p><em><span style=\"text-decoration: underline;\"><strong>En Sahuayo<\/strong><\/span><\/em>: Fernando Mendoza Tr\u00edo, a las 20:00 horas.<\/p>\n<h3>Domingo 30 de marzo 2014<\/h3>\n<p><em><span style=\"text-decoration: underline;\"><strong>En Zit\u00e1cuaro<\/strong><\/span><\/em>: Daniel Madrid Tr\u00edo, a las 20:00 horas.<\/p>\n<p><em><span style=\"text-decoration: underline;\"><strong>En Maravat\u00edo<\/strong><\/span><\/em>: Fernando Mendoza Tr\u00edo, a las 20:00 horas.<\/p>\n","protected":false},"excerpt":{"rendered":"<p>Del 26 al 29 de marzo del presente la ciudad de Morelia as\u00ed como los municipios de Uruapan, Zit\u00e1cuaro, Maravatio,<\/p>\n","protected":false},"author":2,"featured_media":15840,"comment_status":"closed","ping_status":"closed","sticky":false,"template":"","format":"standard","meta":[],"categories":[37,912],"tags":[7337,4272,3936,7338,4016,7340,7339,7335,842,7336,1052,1053,7341,7334,7342],"_links":{"self":[{"href":"https:\/\/www.travelbymexico.com\/blog\/wp-json\/wp\/v2\/posts\/15839"}],"collection":[{"href":"https:\/\/www.travelbymexico.com\/blog\/wp-json\/wp\/v2\/posts"}],"about":[{"href":"https:\/\/www.travelbymexico.com\/blog\/wp-json\/wp\/v2\/types\/post"}],"author":[{"embeddable":true,"href":"https:\/\/www.travelbymexico.com\/blog\/wp-json\/wp\/v2\/users\/2"}],"replies":[{"embeddable":true,"href":"https:\/\/www.travelbymexico.com\/blog\/wp-json\/wp\/v2\/comments?post=15839"}],"version-history":[{"count":3,"href":"https:\/\/www.travelbymexico.com\/blog\/wp-json\/wp\/v2\/posts\/15839\/revisions"}],"predecessor-version":[{"id":15843,"href":"https:\/\/www.travelbymexico.com\/blog\/wp-json\/wp\/v2\/posts\/15839\/revisions\/15843"}],"wp:featuredmedia":[{"embeddable":true,"href":"https:\/\/www.travelbymexico.com\/blog\/wp-json\/wp\/v2\/media\/15840"}],"wp:attachment":[{"href":"https:\/\/www.travelbymexico.com\/blog\/wp-json\/wp\/v2\/media?parent=15839"}],"wp:term":[{"taxonomy":"category","embeddable":true,"href":"https:\/\/www.travelbymexico.com\/blog\/wp-json\/wp\/v2\/categories?post=15839"},{"taxonomy":"post_tag","embeddable":true,"href":"https:\/\/www.travelbymexico.com\/blog\/wp-json\/wp\/v2\/tags?post=15839"}],"curies":[{"name":"wp","href":"https:\/\/api.w.org\/{rel}","templated":true}]}}