{"id":15835,"date":"2014-03-13T12:30:33","date_gmt":"2014-03-13T18:30:33","guid":{"rendered":"http:\/\/www.travelbymexico.com\/blog\/?p=15835"},"modified":"2014-03-13T12:32:26","modified_gmt":"2014-03-13T18:32:26","slug":"presentaron-en-paris-la-edicion-en-otomi-de-el-principito","status":"publish","type":"post","link":"https:\/\/www.travelbymexico.com\/blog\/15835-presentaron-en-paris-la-edicion-en-otomi-de-el-principito\/","title":{"rendered":"Presentaron en Par\u00eds la edici\u00f3n en otom\u00ed de &#8220;El Principito&#8221;"},"content":{"rendered":"<h2>Hace unos d\u00edas, el Instituto Cultural de M\u00e9xico ubicado en Par\u00eds, Francia, acogi\u00f3 la presentaci\u00f3n de la primera edici\u00f3n al otom\u00ed de &#8220;El Principito&#8221; (Le Petit Prince), el cl\u00e1sico de Antoine de Saint-Exup\u00e9ry.<br \/>\nTraducida en el 2012 por el acad\u00e9mico Raymundo Isidro Alavez, se trata de la primera obra no escrita en espa\u00f1ol que se traduce a la lengua ind\u00edgena.<\/h2>\n<p>Titulada &#8220;<em><strong>Ra zi ts\u2019 unt\u2019u u d\u00e4ngand\u00e4<\/strong><\/em>&#8220;, la edici\u00f3n en otom\u00ed de El Principito fue presentada en el centro cultural mexicano de la capital francesa por los dos promotores de la iniciativa, el traductor de la obra, <strong>Raymundo Isidro Alavez<\/strong>, y el antrop\u00f3logo franc\u00e9s <strong>Jacques Galinier<\/strong>, experto en los otom\u00edes.<\/p>\n<p>la edici\u00f3n en otom\u00ed tiene el mismo n\u00famero de p\u00e1ginas que en franc\u00e9s, 95, pero su t\u00edtulo es m\u00e1s largo y se traduce literalmente al espa\u00f1ol como &#8220;<em><strong>El muchachito gran jefe<\/strong><\/em>&#8220;.<\/p>\n<p>La edici\u00f3n conserva los dibujos originales del libro publicado por primera vez en 1943.<\/p>\n<p>La tirada inicial fue de dos mil ejemplares, la mayor\u00eda de los cuales ya se vendieron.<\/p>\n<h3>El idioma otom\u00ed<\/h3>\n<p>El idioma otom\u00ed es una lengua ind\u00edgena de M\u00e9xico, hablada por un grupo ampliamente conocido como otom\u00ed.<br \/>\n<strong>El otom\u00ed es reconocido como una lengua nacional<\/strong>, junto a otros sesenta y dos idiomas ind\u00edgenas y el idioma espa\u00f1ol.<\/p>\n<p>No hay certeza sobre el significado preciso del vocablo otom\u00ed. En otom\u00ed,<em> otho<\/em> significa no poseer nada, y <em>mi<\/em>, establecerse. Estas dos palabras podr\u00edan interpretarse como pueblo errante.<\/p>\n<p>En su lengua, los otom\u00edes del Valle de Mezquital se autodenominan <em><strong>H\u00f1a H\u00f1u<\/strong><\/em>, que significa hablantes de otom\u00ed o gente otom\u00ed.<\/p>\n<p>En el 2000, la Comisi\u00f3n Nacional para el Desarrollo de los Pueblos Ind\u00edgenas de M\u00e9xico (CDI) estim\u00f3 que la poblaci\u00f3n \u00e9tnica otom\u00ed sumaba 646.875 personas en la Rep\u00fablica Mexicana.<\/p>\n<p>No obstante, de ellos s\u00f3lo un poco m\u00e1s de la mitad hablaban, en ese entonces, el otom\u00ed.<\/p>\n<p><span style=\"text-decoration: underline;\"><strong>Los otom\u00edes habitan en 14 de los 121 municipios del Estado de M\u00e9xico:\u00a0<\/strong> <\/span><\/p>\n<p>En orden de importancia est\u00e1n <a title=\"Gu\u00eda tut\u00edstica de Toluca: hoteles, mapas, fotos, atractivos tur\u00edsticos, clima, etc\" href=\"http:\/\/www.travelbymexico.com\/toluca\" target=\"_blank\">Toluca<\/a>, Temoaya, Jiquipilco, Morelos, Otzolotepec, Chapa de Mota, Lerma, Aculco, Amanalco, Huixquilucan, Xonacatl\u00e1n, Timilpan y Zinacantepec.<\/p>\n<p>La mayor\u00eda de estos municipios se ubican en dos regiones: la noroeste, Atlacomulco-Timilpan, y la regi\u00f3n centro, Toluca-Lerma.<\/p>\n<h3>Enlaces de inter\u00e9s<\/h3>\n<p><strong><\/strong>La Comisi\u00f3n Nacional para el Desarrollo de los Pueblos Ind\u00edgenas (CDI) pone a tu disposici\u00f3n :<\/p>\n<p><a title=\"monograf\u00edas sobre los &quot;Pueblos Ind\u00edgenas del M\u00e9xico Contempor\u00e1neo&quot;\" href=\"http:\/\/www.cdi.gob.mx\/index.php?option=com_docman&amp;task=cat_view&amp;gid=16&amp;limit=5&amp;limitstart=0&amp;order=name&amp;dir=ASC&amp;Itemid=200020\" target=\"_blank\"><strong>Monograf\u00edas sobre los &#8220;Pueblos Ind\u00edgenas del M\u00e9xico Contempor\u00e1neo&#8221;<\/strong><\/a> (formato PDF)<\/p>\n<p><a title=\"Cat\u00e1logo de las Lenguas Ind\u00edgenas Nacionales: Variantes Ling\u00fc\u00edsticas de M\u00e9xico con sus autodenominaciones y referencias geoestad\u00edsticas\" href=\"Descarga el cat\u00e1logo de lenguas ind\u00edgenas http:\/\/www.cdi.gob.mx\/lenguamaterna\/catalogo_lenguas_indigenas_mexico_2008.pdf\" target=\"_blank\"><strong>Cat\u00e1logo de las Lenguas Ind\u00edgenas Nacionales<\/strong><\/a>: Variantes Ling\u00fc\u00edsticas de M\u00e9xico con sus autodenominaciones y referencias geoestad\u00edsticas<\/p>\n<p><strong><a title=\"La muy aclamada obra \u201cEl Principito, de Antoine de Saint-Exupery\u201d regresa a M\u00e9xico \" href=\"http:\/\/www.travelbymexico.com\/blog\/11690-la-muy-aclamada-obra-el-principito-de-antoine-de-saint-exupe%CC%81ry-regresa-a-mexico\" target=\"_blank\">La muy aclamada obra \u201cEl Principito, de Antoine de Saint-Exupery\u201d regresa a M\u00e9xico<\/a> <\/strong><\/p>\n<p>&nbsp;<\/p>\n","protected":false},"excerpt":{"rendered":"<p>Hace unos d\u00edas, el Instituto Cultural de M\u00e9xico ubicado en Par\u00eds, Francia, acogi\u00f3 la presentaci\u00f3n de la primera edici\u00f3n al<\/p>\n","protected":false},"author":2,"featured_media":15836,"comment_status":"closed","ping_status":"closed","sticky":false,"template":"","format":"standard","meta":[],"categories":[9],"tags":[2694,2033,2693,588,7332,2490,1722,5598,945,4492,7331,7330,7333],"_links":{"self":[{"href":"https:\/\/www.travelbymexico.com\/blog\/wp-json\/wp\/v2\/posts\/15835"}],"collection":[{"href":"https:\/\/www.travelbymexico.com\/blog\/wp-json\/wp\/v2\/posts"}],"about":[{"href":"https:\/\/www.travelbymexico.com\/blog\/wp-json\/wp\/v2\/types\/post"}],"author":[{"embeddable":true,"href":"https:\/\/www.travelbymexico.com\/blog\/wp-json\/wp\/v2\/users\/2"}],"replies":[{"embeddable":true,"href":"https:\/\/www.travelbymexico.com\/blog\/wp-json\/wp\/v2\/comments?post=15835"}],"version-history":[{"count":2,"href":"https:\/\/www.travelbymexico.com\/blog\/wp-json\/wp\/v2\/posts\/15835\/revisions"}],"predecessor-version":[{"id":15838,"href":"https:\/\/www.travelbymexico.com\/blog\/wp-json\/wp\/v2\/posts\/15835\/revisions\/15838"}],"wp:featuredmedia":[{"embeddable":true,"href":"https:\/\/www.travelbymexico.com\/blog\/wp-json\/wp\/v2\/media\/15836"}],"wp:attachment":[{"href":"https:\/\/www.travelbymexico.com\/blog\/wp-json\/wp\/v2\/media?parent=15835"}],"wp:term":[{"taxonomy":"category","embeddable":true,"href":"https:\/\/www.travelbymexico.com\/blog\/wp-json\/wp\/v2\/categories?post=15835"},{"taxonomy":"post_tag","embeddable":true,"href":"https:\/\/www.travelbymexico.com\/blog\/wp-json\/wp\/v2\/tags?post=15835"}],"curies":[{"name":"wp","href":"https:\/\/api.w.org\/{rel}","templated":true}]}}