{"id":15818,"date":"2014-03-05T19:20:28","date_gmt":"2014-03-06T01:20:28","guid":{"rendered":"http:\/\/www.travelbymexico.com\/blog\/?p=15818"},"modified":"2014-03-05T19:20:28","modified_gmt":"2014-03-06T01:20:28","slug":"festival-photo-fest-2014-el-poder-de-la-fotografia-en-queretaro","status":"publish","type":"post","link":"https:\/\/www.travelbymexico.com\/blog\/15818-festival-photo-fest-2014-el-poder-de-la-fotografia-en-queretaro\/","title":{"rendered":"Festival Photo Fest 2014 &#8216;El poder de la fotograf\u00eda&#8217; en Quer\u00e9taro"},"content":{"rendered":"<h2>La tercera edici\u00f3n del Festival Internacional de fotoperiodismo y fotograf\u00eda documental &#8216;Photo Fest 2014&#8217; se llevar\u00e1 a cabo del 10 al 16 de marzo en el Centro Hist\u00f3rico de la ciudad de <a title=\"Gu\u00eda de Hoteles en la ciudad de Quer\u00e9taro\" href=\"http:\/\/www.travelbymexico.com\/hoteles\/queretaro\" target=\"_blank\">Quer\u00e9taro<\/a> teniendo como actividades y eventos al concurso Photo Fest 2014, seis exposiciones de fot\u00f3grafos internacionales incluida la del mexicano Narciso Contreras y tres de National Geographic; proyecciones de documentales referentes a la fotograf\u00eda; as\u00ed como conferencias, y proyecciones de documentales. Se espera una asistencia de entre 80 y 100 mil personas.<\/h2>\n<h3>3er Concurso Photofest 2014<\/h3>\n<p>Las <strong>fotograf\u00edas ganadoras<\/strong> de los fot\u00f3grafos amateurs y profesionales de esta tercera edici\u00f3n del Concurso de fotograf\u00eda documental y fotoperiodismo <strong>Photofest 2014<\/strong> ser\u00e1n expuestas al p\u00fablico en general y formar\u00e1n parte de las exposiciones de Photofest 2015.<\/p>\n<h3>Exposiciones del Photo Fest 2014<\/h3>\n<h3>Encontrar &#8211; Atestiguar &#8211; Revelar &#8211; Proteger &#8211; Celebrar &#8211; Recordar<\/h3>\n<p>Del 10 al 16 de marzo de 2014<\/p>\n<p>&#8211; OCEAN SOUL, WOMEN OF VISION, FOUND (de National Geographic)<br \/>\n&#8211; PHOTOFEST AWARDS 2013<br \/>\n&#8211; NARCISO CONTRERAS<br \/>\n&#8211; REFORMA.<\/p>\n<h3>&#8220;Photofest Awards&#8221; Ganadores del Concurso 2013 &#8211; Celebrar<\/h3>\n<p><span style=\"text-decoration: underline;\">Curada por<\/span>: <strong>Photofest<\/strong><br \/>\nMiles de personas podr\u00e1n apreciar el trabajo de los\u00a0 talentosos j\u00f3venes fot\u00f3grafos de M\u00e9xico, Espa\u00f1a y Chile que resultaron ganadores en el concurso de la edici\u00f3n 2013, dando as\u00ed impulso a sus carreras.<br \/>\n<span style=\"text-decoration: underline;\"><strong>Lugar<\/strong><\/span>: Plaza de Armas de Quer\u00e9taro.<\/p>\n<p>Abiertas al p\u00fablico del lunes 10 al domingo 16 de marzo 2014 en la Plaza de Armas del centro Hist\u00f3rico de la ciudad de Quer\u00e9taro.<\/p>\n<h3>&#8220;Ocean Soul&#8221; de National Geographic &#8211; Revelar<\/h3>\n<p>Fotograf\u00edas del explorador y buzo Brian Skerry. Curada por: Brian Skerry.<\/p>\n<p>\u201cOcean Soul\u201d es una exposici\u00f3n de National Geographic, que muestra un 50 fotograf\u00edas seleccionadas del libro que National Geographic public\u00f3 en el a\u00f1o 2011; un despliegue visual impactante y espectacular del ambiente marino y las criaturas que ah\u00ed habitan del trabajo fotogr\u00e1fico de los \u00faltimos 20 a\u00f1os de trabajo del <strong>explorador<\/strong> y <strong>buzo<\/strong> <strong>Brian Skerry<\/strong>. Skerry traer\u00e1 en exclusiva para Photofest\u00a0 algunas de estas fotograf\u00edas e incluir\u00e1 nuevas im\u00e1genes. <span style=\"text-decoration: underline;\"><strong>Lugar<\/strong><\/span>: Plaza de Armas de Quer\u00e9taro.<\/p>\n<h3>&#8220;Found&#8221; de National Geographic celebrando 125 a\u00f1os<\/h3>\n<p>Selecci\u00f3n de fotograf\u00edas curadas de los archivos fotogr\u00e1ficos de <strong>National Geographic<\/strong> <strong>en honor al 125 aniversario<\/strong> de la sociedad.<\/p>\n<p>Exposici\u00f3n curada por: Bill Bonner archivista y Janna Dotschal editora de fotograf\u00eda. <span style=\"text-decoration: underline;\"><strong>Lugar<\/strong><\/span>: Andador 5 de Mayo, Centro Hist\u00f3rico de la ciudad de Quer\u00e9taro.<\/p>\n<h3>&#8220;Diario Reforma 20 A\u00f1os del coraz\u00f3n de M\u00e9xico&#8221; &#8211; Recordar<\/h3>\n<p>sus primeros 20 a\u00f1os de vida, abre su extenso archivo fotogr\u00e1fico con la intenci\u00f3n de mostrar algunas de las fotograf\u00edas que han sido c\u00f3mplices de la evoluci\u00f3n de nuestro pa\u00eds.<\/p>\n<h3>Narciso Contreras &#8211; Proteger<\/h3>\n<p>Fotoperiodista mexicano y premio PULITZER 2013.<\/p>\n<p>A trav\u00e9s de reportajes y documentales, esta impresionante exposici\u00f3n fotogr\u00e1fica abordar\u00e1 el Poder de la Fotografia de la naturaleza humana y los conflictos.<br \/>\nDe 10:00 a 20:00 horas en la Galer\u00eda Libertad, Centro Hist\u00f3rico de Quer\u00e9taro, Quer. M\u00e9xico.<\/p>\n<h3>Women Of Vision &#8211; Atestiguar.<\/h3>\n<p><strong>Fot\u00f3grafas comisionadas de National Geographic.<\/strong><br \/>\nSer\u00e1 la primera vez que se podr\u00e1 apreciar esta exposici\u00f3n fuera del Museo de National Geographic&#8221;.<br \/>\nCuradora de la exposici\u00f3n: Elizabeth Cheng Krist.<br \/>\nEditor de foto senior de National Geographic<\/p>\n<p><span style=\"text-decoration: underline;\"><strong>Fot\u00f3grafas<\/strong><\/span>: Lynsey Addaario, Kitra Cahana, Jodi Cobb, Diane Cocinar, Carolyn Drake, Lyyn Johnson, Beverly Joubert, Erika Larsen, Stephanie Sinclair, Magie Steber, Amy Toensing.<\/p>\n<p><strong>Lugar: <\/strong>Galer\u00eda Libertad, Centro Hist\u00f3rico, Quer\u00e9taro, Quer. M\u00e9xico.<\/p>\n<h3>Photofest Park 2014<\/h3>\n<p>Montado en un espacio al aire libre &#8211; la Plaza de la Constituci\u00f3n de Quer\u00e9taro &#8211; el Photofest Park es un punto de encuentro entre el p\u00fablico en general, invitados y fot\u00f3grafos; un lugar donde se puedan ver documentales, videos, slide shows y todo referente a fotoperiodismo y foto documental.<\/p>\n<p><span style=\"text-decoration: underline;\">Categor\u00eda: <strong>Dispositivos M\u00f3viles<\/strong><\/span><\/p>\n<p>Disponible mediante Instagram.<br \/>\nToma un retrato o una selfie y ponle el hashtag #photofest2014. Al colocarlo, autom\u00e1ticamente se estar\u00e1 participando.<br \/>\nLas mejores fotograf\u00edas ser\u00e1n expuestas en el PHOTOFEST PARK, del jueves 13 al domingo 16 de marzo.<br \/>\nLa mejor foto tendr\u00e1 un reconocimiento especial.<\/p>\n<h3>Conferencias<\/h3>\n<p>Las conferencias de Photofest 2014 ser\u00e1n el viernes 14 y s\u00e1bado 15 de marzo en el Teatro Alameda ubicado en la calle 16 de de Septiembre casi esquina con Jard\u00edn Guerrero en el Centro Hist\u00f3rico de la ciudad de Quer\u00e9taro.<\/p>\n<h3>Invitados confirmados<\/h3>\n<p>STEPHEN MAYES &gt; Ex CEO de la agencia VII PHOTO<br \/>\nGREG MCGRUDEN &gt; Vicepresidente de programas p\u00fablicos de National Geographic<br \/>\nELIZABETH CHENG &gt; Editora de fotograf\u00eda Senior de National Geographic y curadora de Women Of Vision<br \/>\nSUSAN WELCHMAN &gt; Editora de fotograf\u00eda Senior de National Geographic<br \/>\nABBY BYSHE &gt; Directora de exposiciones internacionales de National Geographic<br \/>\nRON HAVIV &gt; Fundador y fot\u00f3grafo de la agencia VII PHOTO<br \/>\nFERNANDA VELCHIS &gt; Editora en jefe de la revista National Geographic en Espa\u00f1ol.<br \/>\nFABIOLA ANDRADE &gt; Publisher de la revista National Geographic en Espa\u00f1ol.<br \/>\nNARCISO CONTRERAS &gt; Fotoperiodista mexicano y permio Pulitzer 2013<br \/>\nAMY TOESING &gt; Fot\u00f3grafa documental y fot\u00f3grafa de Women Of Vision<\/p>\n<h3><a title=\"Gu\u00eda de Hoteles en la ciudad de Quer\u00e9taro\" href=\"http:\/\/www.travelbymexico.com\/hoteles\/queretaro\" target=\"_blank\">Reserva tu hotel en la ciudad de Quer\u00e9taro<\/a><\/h3>\n<h3><\/h3>\n","protected":false},"excerpt":{"rendered":"<p>La tercera edici\u00f3n del Festival Internacional de fotoperiodismo y fotograf\u00eda documental &#8216;Photo Fest 2014&#8217; se llevar\u00e1 a cabo del 10<\/p>\n","protected":false},"author":2,"featured_media":15819,"comment_status":"closed","ping_status":"closed","sticky":false,"template":"","format":"standard","meta":[],"categories":[9,912],"tags":[7293,7294,281,325,5819,7295,4565,421,508,537,1719,7292,4654,818,7298,2390,7296,7304,7302,7303,1019,7299,5954,1075,7300,7301,7297],"_links":{"self":[{"href":"https:\/\/www.travelbymexico.com\/blog\/wp-json\/wp\/v2\/posts\/15818"}],"collection":[{"href":"https:\/\/www.travelbymexico.com\/blog\/wp-json\/wp\/v2\/posts"}],"about":[{"href":"https:\/\/www.travelbymexico.com\/blog\/wp-json\/wp\/v2\/types\/post"}],"author":[{"embeddable":true,"href":"https:\/\/www.travelbymexico.com\/blog\/wp-json\/wp\/v2\/users\/2"}],"replies":[{"embeddable":true,"href":"https:\/\/www.travelbymexico.com\/blog\/wp-json\/wp\/v2\/comments?post=15818"}],"version-history":[{"count":1,"href":"https:\/\/www.travelbymexico.com\/blog\/wp-json\/wp\/v2\/posts\/15818\/revisions"}],"predecessor-version":[{"id":15820,"href":"https:\/\/www.travelbymexico.com\/blog\/wp-json\/wp\/v2\/posts\/15818\/revisions\/15820"}],"wp:featuredmedia":[{"embeddable":true,"href":"https:\/\/www.travelbymexico.com\/blog\/wp-json\/wp\/v2\/media\/15819"}],"wp:attachment":[{"href":"https:\/\/www.travelbymexico.com\/blog\/wp-json\/wp\/v2\/media?parent=15818"}],"wp:term":[{"taxonomy":"category","embeddable":true,"href":"https:\/\/www.travelbymexico.com\/blog\/wp-json\/wp\/v2\/categories?post=15818"},{"taxonomy":"post_tag","embeddable":true,"href":"https:\/\/www.travelbymexico.com\/blog\/wp-json\/wp\/v2\/tags?post=15818"}],"curies":[{"name":"wp","href":"https:\/\/api.w.org\/{rel}","templated":true}]}}