{"id":15789,"date":"2014-02-26T01:08:51","date_gmt":"2014-02-26T07:08:51","guid":{"rendered":"http:\/\/www.travelbymexico.com\/blog\/?p=15789"},"modified":"2014-02-26T01:09:50","modified_gmt":"2014-02-26T07:09:50","slug":"queretaro-celebrara-a-la-mujer-con-el-evento-marzo-de-mujeres","status":"publish","type":"post","link":"https:\/\/www.travelbymexico.com\/blog\/15789-queretaro-celebrara-a-la-mujer-con-el-evento-marzo-de-mujeres\/","title":{"rendered":"Quer\u00e9taro celebrar\u00e1 a la mujer con el evento Marzo de Mujeres"},"content":{"rendered":"<h2>Karen Souza, Aida Cuevas, Iraida Noriega, son unas de las artistas nacionales y extranjeras que se presentar\u00e1n durante el evento &#8220;Marzo de Mujeres&#8221; en la ciudad de Quer\u00e9taro.<\/h2>\n<h2>Esta edici\u00f3n 2014 tendr\u00e1 como pa\u00eds invitado a Suecia y ofrecer\u00e1 al p\u00fablico une serie de ciclos en torno a la m\u00fasica, el cine, la \u00f3pera, la literatura y la danza.<\/h2>\n<p>Organizado en torno al *<strong>D\u00eda Internacional de la Mujer<\/strong> por el <em>Consejo Nacional para las Artes y la Cultura<\/em> (CONACULTA), a trav\u00e9s del <em>Instituto Queretano de la Cultura y las Artes<\/em> (IQCA), &#8220;<strong>Marzo de Mujeres<\/strong>&#8221; es un evento en el que durante el mes de marzo destacados artistas nacionales e internacionales,\u00a0solistas y agrupaciones musicales y danc\u00edsticas, ofrecer\u00e1n presentaciones en torno a la m\u00fasica, la danza, el cine y la literatura, en seis plazas y recintos culturales de la <a title=\"Reserva tu hotel en la ciudad de Quer\u00e9taro, Quer. M\u00e9xico \" href=\"http:\/\/www.travelbymexico.com\/queretaro\/hoteles\" target=\"_blank\">ciudad de Quer\u00e9taro<\/a>.<\/p>\n<h3>Los ciclos de &#8220;Marzo de Mujeres&#8221;<\/h3>\n<p>Ciclo &#8220;Mujeres en la M\u00fasica&#8221;. Ciclo &#8220;Mujeres en el Cine&#8221;. Ciclo &#8220;Mujeres en la \u00d3pera&#8221;. Ciclo &#8220;Mujeres en la Literatura&#8221;. Ciclo &#8220;Mujeres en la Danza&#8221;.<\/p>\n<h3>Clase Magistral de canto<\/h3>\n<p>Martes 11 de marzo. Ver\u00f3nica Ituarte (D.F.) a las 17:00 hrs. en el CEART.<br \/>\nInscripciones: 251 9850 ext. 1052<\/p>\n<h3>Sedes<\/h3>\n<p>Plaza de Armas (PA), Plazuela Mariano de las Casas (PMC), el CAC UNAM Campus Juriquilla, el Museo de Arte de Quer\u00e9taro (MAQRO), el Auditorio del Centro de las Artes (CEART), el Real Colegio de Santa Rosa de Viterbo y Quer\u00e9taro Teatro Metropolitano (QTM).<\/p>\n<h3>Programa de eventos &#8220;Marzo de Mujeres&#8221; en Quer\u00e9taro<\/h3>\n<h3>Conciertos los s\u00e1bados a las 18 horas.<\/h3>\n<p>S\u00e1bado 1 de marzo: <strong>Dueto Montan\u00e9 Vargas<\/strong> (Qro). Homenaje a las Grandes Compositoras. M\u00fasica Tradicional. Lugar: PMC.<br \/>\nS\u00e1bado 8 de marzo: <strong>Karen Souza<\/strong> (Argentina &#8211; Jazz) Lugar: PMC.<br \/>\nS\u00e1bado 15 de marzo: <strong>Las Alondras Huastecas<\/strong> (SLP). M\u00fasica de Huapango. Lugar: PMC.<br \/>\nS\u00e1bado 22 de marzo: <strong>Laura Z\u00e1izar<\/strong> y <strong>Ma. Elena Leal Beltr\u00e1n<\/strong>. (Qro\/D.F.) con Mariachi Santa Rosa. Lugar: PMC.<br \/>\nS\u00e1bado 29 de marzo: Princesas. <strong>Pilar Vega<\/strong> (Qro) Teatro de Marionetas. Lugar: PA.<\/p>\n<h3>Conciertos los domingos a las 13 horas.<\/h3>\n<p>Domingo 2 de marzo: <strong>Orquesta t\u00edpica del Estado de Quer\u00e9taro<\/strong>. Dir. Julio G\u00e1ndara. Lugar: PMC. 13:00 horas.<br \/>\nDomingo 9 de marzo:<strong> Karen Souza<\/strong> (Argentina-Jazz) Lugar: QTM. 18:00 horas.<br \/>\nDomingo 16 de marzo: <strong>Mariachi Rosa Mexicano<\/strong> (Qro) Lugar: PMC. 13:00 horas.<br \/>\nDomingo 30 de marzo: La apasionada del tango. <strong>Alicia Rappoport<\/strong>. Lugar: PA. 13:00 horas.<\/p>\n<h3>Ciclo Mujeres en la M\u00fasica<\/h3>\n<p>A las 20:00 horas.<br \/>\nmi\u00e9rcoles 5 de marzo: Bien bonito &#8211; <strong>Calacas Jazz Band<\/strong> (D.F.) Lugar: PMC. mi\u00e9rcoles 12 de marzo: Mosaico &#8211; <strong>Ver\u00f3nica Ituarte<\/strong> (D.F.) Lugar: PMC.<br \/>\nmi\u00e9rcoles 19 de marzo: Nueva Estaci\u00f3n &#8211; <strong>Iraida Noriega<\/strong> (D.F.) Lugar: PMC.<br \/>\nMi\u00e9rcoles 26 de marzo: Listen to Kirppu &#8211; <strong>Grupo Klabbes Bank<\/strong> (Suecia &#8211; Jazz) Lugar: PA.<\/p>\n<p>Jueves 6 de marzo: El lado femenino del amor- <strong>Estudiantina Femenil de la UAQ<\/strong> (Qro) M\u00fasica tradicional. Lugar: PMC.<br \/>\nJueves 13 de marzo:<strong> Maril\u00fa la mu\u00f1equita que canta<\/strong> (D.F.) M\u00fasica del recuerdo. Lugar: PMC.<br \/>\nJueves 20 de marzo:\u00a0 Vivaldi, Las 4 Estaciones &#8211; <strong>Cuarteto Sonus<\/strong> (Qro) Claudia Ram\u00edrez. Lugar: CEART.<br \/>\nJueves 27 de marzo: <strong>Maricruz Leal<\/strong> (Qro) M\u00fasica tradicional mexicana. Lugar: PA.<\/p>\n<h3>Ciclo Mujeres en la \u00d3pera<\/h3>\n<p>A las 20:00 horas.<\/p>\n<p>Viernes 7 de marzo: <strong>Elba Mar\u00eda Flores<\/strong> (Mezzosoprano). Arias del Barroco al siglo XX. Lugar: Galer\u00eda CEART.<br \/>\nViernes 14 de marzo: <strong>Leticia de Altamirano<\/strong> (Soprano). Lugar: CAC.<br \/>\nViernes 21 de marzo: <strong>Martha Silva y Joaqu\u00edn Ledezma<\/strong>. Gala de Bel Canto. Lugar: Auditorio CEART.<br \/>\nViernes 28 de marzo: <strong>A\u00edda Garc\u00eda<\/strong> (Soprano). Lugar: Auditorio CEART.<\/p>\n<h3>Ciclo Mujeres en la Danza<\/h3>\n<p>Domingo 9 de marzo: <strong>M\u00e9xico orgullo y tradici\u00f3n<\/strong>. Dir. Tere G\u00f3mez. (Danza folkl\u00f3rica) en el PMC.<br \/>\nDomingo 23 de marzo: <strong>Danzas aut\u00f3ctonas y tradicionales del Estado de Quer\u00e9taro<\/strong>. Dir. Aurora y Dolores Zu\u00f1iga. (Danza folkl\u00f3rica) en el PMC.<\/p>\n<h3>Ciclo Mujeres en el Cine &#8211; Todos los jueves de marzo.<\/h3>\n<p><em>La voz, la mirada y la figura de la mujer.<\/em><br \/>\n<strong>Ciclo de Cine Latinoamericano de la novela al cine,<\/strong><br \/>\nDe 18:30 a 20:30 en el Centro de Lectura CEART.<\/p>\n<h3>Ciclo Mujeres en la Literatura<\/h3>\n<p>Del 3 al 28 de marzo, de lunes a viernes. 17:00 a 19:00 hrs.<br \/>\n<strong>De g\u00e9nero y narrativas<\/strong> (lecturas) en el CEART.<br \/>\nViernes 14 de marzo: <strong>Encuentro de mujeres Queretanas en la literatura<\/strong>. De 17:00 a 19:00 hrs. en el PMC.<br \/>\nDel lunes 17 al viernes 21 de marzo: <strong>Presentaciones de libros<\/strong> a las 20:00 hrs. en el MA.<br \/>\nLunes 24 de marzo: <strong>Bellas Artes a Todas Partes<\/strong>. Francesca Guill\u00e9n a las 19:00 hrs en el Auditorio CEART.<\/p>\n<p><strong><a title=\"Reserva tu hotel en la ciudad de Quer\u00e9taro, Quer. M\u00e9xico\" href=\"http:\/\/www.travelbymexico.com\/queretaro\/hoteles\" target=\"_blank\">Reserva tu hotel en la ciudad de Quer\u00e9taro<\/a><\/strong><\/p>\n<p>&nbsp;<\/p>\n","protected":false},"excerpt":{"rendered":"<p>Karen Souza, Aida Cuevas, Iraida Noriega, son unas de las artistas nacionales y extranjeras que se presentar\u00e1n durante el evento<\/p>\n","protected":false},"author":2,"featured_media":15790,"comment_status":"closed","ping_status":"closed","sticky":false,"template":"","format":"standard","meta":[],"categories":[36],"tags":[2082,1549,5315,7247,1704,325,357,360,3598,9799,400,4553,7244,7245,5730,763,7243,7248,896,926,1019,7249,1053,7246],"_links":{"self":[{"href":"https:\/\/www.travelbymexico.com\/blog\/wp-json\/wp\/v2\/posts\/15789"}],"collection":[{"href":"https:\/\/www.travelbymexico.com\/blog\/wp-json\/wp\/v2\/posts"}],"about":[{"href":"https:\/\/www.travelbymexico.com\/blog\/wp-json\/wp\/v2\/types\/post"}],"author":[{"embeddable":true,"href":"https:\/\/www.travelbymexico.com\/blog\/wp-json\/wp\/v2\/users\/2"}],"replies":[{"embeddable":true,"href":"https:\/\/www.travelbymexico.com\/blog\/wp-json\/wp\/v2\/comments?post=15789"}],"version-history":[{"count":2,"href":"https:\/\/www.travelbymexico.com\/blog\/wp-json\/wp\/v2\/posts\/15789\/revisions"}],"predecessor-version":[{"id":15792,"href":"https:\/\/www.travelbymexico.com\/blog\/wp-json\/wp\/v2\/posts\/15789\/revisions\/15792"}],"wp:featuredmedia":[{"embeddable":true,"href":"https:\/\/www.travelbymexico.com\/blog\/wp-json\/wp\/v2\/media\/15790"}],"wp:attachment":[{"href":"https:\/\/www.travelbymexico.com\/blog\/wp-json\/wp\/v2\/media?parent=15789"}],"wp:term":[{"taxonomy":"category","embeddable":true,"href":"https:\/\/www.travelbymexico.com\/blog\/wp-json\/wp\/v2\/categories?post=15789"},{"taxonomy":"post_tag","embeddable":true,"href":"https:\/\/www.travelbymexico.com\/blog\/wp-json\/wp\/v2\/tags?post=15789"}],"curies":[{"name":"wp","href":"https:\/\/api.w.org\/{rel}","templated":true}]}}