{"id":15763,"date":"2014-02-22T12:28:51","date_gmt":"2014-02-22T18:28:51","guid":{"rendered":"http:\/\/www.travelbymexico.com\/blog\/?p=15763"},"modified":"2014-02-22T12:30:44","modified_gmt":"2014-02-22T18:30:44","slug":"programa-de-la-feria-internacional-del-libro-del-palacio-de-mineria-2014","status":"publish","type":"post","link":"https:\/\/www.travelbymexico.com\/blog\/15763-programa-de-la-feria-internacional-del-libro-del-palacio-de-mineria-2014\/","title":{"rendered":"Programa de la Feria Internacional del Libro del Palacio de Miner\u00eda 2014"},"content":{"rendered":"<h2>Ciclo Escritoras Latinoamericanas, presentaciones de libros y revistas, talleres y libros infantiles, espect\u00e1culos musicales, lecturas de poes\u00edas y cuentos, conferencias y mesas redondas&#8230;<\/h2>\n<h2>Este a\u00f1o, la Feria Internacional del Libro del Palacio de Miner\u00eda (FILPM) tendr\u00e1 1440 eventos culturales y contar\u00e1 con la participaci\u00f3n de m\u00e1s de 500 editoriales.<\/h2>\n<p>La Feria Internacional del Libro del Palacio de Miner\u00eda (FILPM), el encuentro editorial m\u00e1s antiguo de M\u00e9xico, celebrar\u00e1 su XXXV edici\u00f3n del <strong>19 de febrero al 3 de marzo de 2014<\/strong>, como cada a\u00f1o en el <a title=\"Palacio de Miner\u00eda y Museo Manuel Tols\u00e1 en la ciudad de M\u00e9xico\" href=\"http:\/\/www.travelbymexico.com\/blog\/10740-palacio-de-mineria-y-museo-manuel-tolsa-en-la-ciudad-de-mexico\" target=\"_blank\">Palacio de Miner\u00eda<\/a>,<strong> <\/strong> teniendo como invitado especial al Estado de Morelos el cual ofrecer\u00e1 diversas actividades literarias y musicales.<\/p>\n<p>Organizada anualmente por la <strong>Universidad Nacional Aut\u00f3noma de M\u00e9xico<\/strong> (UNAM) a trav\u00e9s de la <strong>Facultad de Ingenier\u00eda<\/strong>, la &#8220;Feria Internacional del Libro del Palacio de Miner\u00eda&#8221; (FILPM) tiene el objetivo de dar a conocer a la sociedad en su conjunto y a la comunidad universitaria, las novedades de la industria editorial mexicana.<\/p>\n<p>La FILPM cuenta con el apoyo de importantes dependencias universitarias, de la C\u00e1mara Nacional de la Industria Editorial Mexicana (CANIEM); del Consejo Nacional para la Cultura y las Artes (CONACULTA), la Procuradur\u00eda General de la Rep\u00fablica as\u00ed como del Gobierno de la Ciudad de M\u00e9xico.<\/p>\n<h3>Algunos eventos destacados<\/h3>\n<h3>Ciclo Escritoras Latinoamericanas en Miner\u00eda<\/h3>\n<p>Espacio de encuentro para mujeres poetas, narradoras y ensayistas de M\u00e9xico, Colombia, Ecuador, Per\u00fa, El Salvador y Cuba. Del 20 al 23 de febrero 2014.<\/p>\n<h3>Jornadas Juveniles de la FILPM 2014<\/h3>\n<p>por realizarse los d\u00edas Lunes 24, martes 25 y mi\u00e9rcoles 26 de febrero.<br \/>\nConsulta el <strong>programa de actividades<\/strong> aqu\u00ed: http:\/\/www.ferialibromineria.mx\/xxxvfilpm\/index.php\/actividades-culturales\/jornadas-juveniles<\/p>\n<h3>Homenajes &#8211; Efem\u00e9rides por autor &#8211; FILPM 2014<\/h3>\n<p>Centenario del nacimiento de <strong>Adolfo Bioy Casares<\/strong><br \/>\nCentenario del nacimiento de <strong>Octavio Paz<\/strong><br \/>\nCentenario del nacimiento de <strong>Mar\u00eda del Carmen Mill\u00e1n<\/strong><br \/>\nCentenario del nacimiento de <strong>Efra\u00edn Huerta<\/strong><br \/>\nCentenario del nacimiento de <strong>Julio Cort\u00e1zar<\/strong><br \/>\nCentenario del nacimiento de <strong>Jos\u00e9 Revueltas<\/strong><br \/>\nCentenario del nacimiento de <strong>Marguerite Duras<\/strong><br \/>\nCiento cincuenta a\u00f1os del nacimiento de <strong>Federico Gamboa<\/strong><br \/>\nCiento treinta a\u00f1os del nacimiento de <strong>Le\u00f3n Felipe<\/strong><br \/>\nCuarenta a\u00f1os del fallecimiento de <strong>Rosario Castellanos<\/strong><br \/>\nCiento cuarenta a\u00f1os del nacimiento de <strong>Leopoldo Lugones<\/strong><br \/>\nBicentenario del fallecimiento del <strong>Marqu\u00e9s de Sade<\/strong><\/p>\n<p>In Memoriam: <strong>Doris Lessing<\/strong><br \/>\nIn Memoriam: <strong>\u00c1lvaro Mutis<\/strong><br \/>\nIn Memoriam: <strong>Seamus Heaney<\/strong><br \/>\nIn Memoriam: <strong>Jos\u00e9 Emilio Pacheco<\/strong><br \/>\nIn Memoriam: <strong>Francisco S\u00e1nchez<\/strong><br \/>\nIn Memoriam: <strong>Jos\u00e9 G. Moreno de Alba<\/strong><br \/>\nIn Memoriam: <strong>Jos\u00e9 Mar\u00eda P\u00e9rez Gay<\/strong><br \/>\nIn Memoriam: <strong>C\u00e9sar L\u00f3pez Cuadras<\/strong><br \/>\nCien a\u00f1os de <strong>Nicanor Parra<\/strong><br \/>\nOchenta a\u00f1os de <strong>Hugo Guti\u00e9rrez Vega<\/strong><br \/>\nOchenta a\u00f1os de <strong>Jos\u00e9 de la Colina<\/strong><br \/>\nSetenta a\u00f1os de <strong>Eugenio Aguirre<\/strong><br \/>\nSetenta a\u00f1os de <strong>Jos\u00e9 Agust\u00edn.<\/strong><\/p>\n<h3>Informaci\u00f3n al visitante: Direcci\u00f3n, horarios y costos<\/h3>\n<p>Lunes a viernes: 11:00 a 21:00 hrs.<br \/>\nS\u00e1bados y domingos: 10:00 a 21:00 hrs.<br \/>\n$ 15.00 pesos de lunes a viernes.<br \/>\n$ 20.00 pesos s\u00e1bados y domingos.<br \/>\nEntrada gratuita a ni\u00f1os menores de 6 a\u00f1os.<\/p>\n<p>Direcci\u00f3n del Palacio de Miner\u00eda y sus oficinas: Tacuba No.5, Centro Hist\u00f3rico, C.P. 06000. Ciudad de M\u00e9xico D.F. Tel\u00e9fonos: 5512 8723 y 5521 4687<br \/>\nHorario de atenci\u00f3n: De 9:00 a 17:00 hrs.<\/p>\n<p><strong>Servicios al p\u00fablico<\/strong><\/p>\n<p>&#8211; Centro de Informaci\u00f3n y documentaci\u00f3n Ingeniero Bruno Mazcanzoni:\u00a0 informaci\u00f3n cient\u00edfica y tecnol\u00f3gica de ingenier\u00eda, adem\u00e1s, se ofrecen diversos servicios de pr\u00e9stamo y consulta.<br \/>\n&#8211; M\u00f3dulos de informaci\u00f3n.<br \/>\n&#8211; Guardarropa (Plaza Tols\u00e1).<br \/>\n&#8211; Cajeros autom\u00e1ticos.<br \/>\n&#8211; Punto de Encuentro y tel\u00e9fonos p\u00fablicos.<br \/>\n&#8211; Cafeter\u00eda.<\/p>\n<h3>Enlaces de inter\u00e9s<\/h3>\n<p><a title=\"Feria Internacional del Libro del Palacio de Miner\u00eda 2013\" href=\"http:\/\/www.travelbymexico.com\/blog\/13711-feria-internacional-del-libro-del-palacio-de-mineria-2013\" target=\"_blank\">Feria Internacional del Libro del Palacio de Miner\u00eda 2013 <\/a><\/p>\n<p>Presentaci\u00f3n de publicaciones de la <strong>Facultad de Ciencias Pol\u00edticas y Sociales<\/strong> (FCPyS) en la XXXV FILPM<br \/>\nhttp:\/\/www.politicas.unam.mx\/pdf\/35filpm_fcpys.pdf<\/p>\n<p>Consulta el <strong>Programa de Actividades<\/strong> del <strong>Fondo de Cultura Econ\u00f3mica<\/strong> en la FILPM 2014 http:\/\/www.fondodeculturaeconomica.com\/invitaciones\/2014\/mineria.html<\/p>\n<p>Presentaci\u00f3n del <strong>libro<\/strong> &#8220;<strong>200 a\u00f1os del Palacio Miner\u00eda. Su historia a partir de fuentes documentales<\/strong>.&#8221;<br \/>\nS\u00e1bado 22 de febrero de 2014 a las 12:00 hrs. En la Biblioteca Ing. Antonio M. Anza (planta baja).<\/p>\n<h3>Consulta y\/o descarga el Programa de Actividades Culturales de la FILPM 2014<\/h3>\n<p>http:\/\/www.ferialibromineria.mx\/xxxvfilpm\/index.php\/actividades-culturales\/programa-general<\/p>\n<p><strong>Descarga el Programa de Actividades Culturales<\/strong> de la XXXV Feria Internacional del Libro del Palacio de Miner\u00eda. <strong>App<\/strong> para IPad, IPod y IPhone. http:\/\/www.edim.mx\/ProgramaActividades.html<\/p>\n<p><strong><a title=\"Palacio de Miner\u00eda y Museo Manuel Tolsa en la ciudad de M\u00e9xico\" href=\"http:\/\/www.travelbymexico.com\/blog\/10740-palacio-de-mineria-y-museo-manuel-tolsa-en-la-ciudad-de-mexico\" target=\"_blank\">Palacio de Miner\u00eda y Museo Manuel Tols\u00e1 en la Ciudad de M\u00e9xico<\/a><\/strong><\/p>\n<p><strong><a title=\"Conoce los inmuebles hist\u00f3ricos de la UNAM en la ciudad de M\u00e9xico\" href=\"http:\/\/www.travelbymexico.com\/blog\/10688-conoce-los-inmuebles-historicos-de-la-unam\" target=\"_blank\">Conoce los Inmuebles Hist\u00f3ricos de la Universidad Aut\u00f3noma de M\u00e9xico<\/a><\/strong><\/p>\n","protected":false},"excerpt":{"rendered":"<p>Ciclo Escritoras Latinoamericanas, presentaciones de libros y revistas, talleres y libros infantiles, espect\u00e1culos musicales, lecturas de poes\u00edas y cuentos, conferencias<\/p>\n","protected":false},"author":2,"featured_media":15764,"comment_status":"closed","ping_status":"closed","sticky":false,"template":"","format":"standard","meta":[],"categories":[9,912],"tags":[7215,318,357,363,7216,474,7213,7214,7219,1622,7212,4493,7217,6641,7218,7220,816,2561,2291,2977,4492,6642,3163,1236],"_links":{"self":[{"href":"https:\/\/www.travelbymexico.com\/blog\/wp-json\/wp\/v2\/posts\/15763"}],"collection":[{"href":"https:\/\/www.travelbymexico.com\/blog\/wp-json\/wp\/v2\/posts"}],"about":[{"href":"https:\/\/www.travelbymexico.com\/blog\/wp-json\/wp\/v2\/types\/post"}],"author":[{"embeddable":true,"href":"https:\/\/www.travelbymexico.com\/blog\/wp-json\/wp\/v2\/users\/2"}],"replies":[{"embeddable":true,"href":"https:\/\/www.travelbymexico.com\/blog\/wp-json\/wp\/v2\/comments?post=15763"}],"version-history":[{"count":3,"href":"https:\/\/www.travelbymexico.com\/blog\/wp-json\/wp\/v2\/posts\/15763\/revisions"}],"predecessor-version":[{"id":15767,"href":"https:\/\/www.travelbymexico.com\/blog\/wp-json\/wp\/v2\/posts\/15763\/revisions\/15767"}],"wp:featuredmedia":[{"embeddable":true,"href":"https:\/\/www.travelbymexico.com\/blog\/wp-json\/wp\/v2\/media\/15764"}],"wp:attachment":[{"href":"https:\/\/www.travelbymexico.com\/blog\/wp-json\/wp\/v2\/media?parent=15763"}],"wp:term":[{"taxonomy":"category","embeddable":true,"href":"https:\/\/www.travelbymexico.com\/blog\/wp-json\/wp\/v2\/categories?post=15763"},{"taxonomy":"post_tag","embeddable":true,"href":"https:\/\/www.travelbymexico.com\/blog\/wp-json\/wp\/v2\/tags?post=15763"}],"curies":[{"name":"wp","href":"https:\/\/api.w.org\/{rel}","templated":true}]}}