{"id":15755,"date":"2014-02-19T02:30:30","date_gmt":"2014-02-19T08:30:30","guid":{"rendered":"http:\/\/www.travelbymexico.com\/blog\/?p=15755"},"modified":"2014-02-19T02:37:24","modified_gmt":"2014-02-19T08:37:24","slug":"programa-de-conciertos-y-actividades-cumbre-tajin-2014","status":"publish","type":"post","link":"https:\/\/www.travelbymexico.com\/blog\/15755-programa-de-conciertos-y-actividades-cumbre-tajin-2014\/","title":{"rendered":"Programa de Conciertos y Actividades Cumbre Taj\u00edn 2014"},"content":{"rendered":"<h2>Titulada &#8220;La revelaci\u00f3n de lo posible&#8221;, la decimoquinta edici\u00f3n del Festival Cumbre Taj\u00edn 2014 se llevar\u00e1 a cabo del 20 a 24 de marzo celebrando otro a\u00f1o m\u00e1s de preservaci\u00f3n y difusi\u00f3n del legado Totonaca convertido en Patrimonio Cultural de la Humanidad.<\/h2>\n<p><em>&#8220;CumbreTaj\u00edn re\u00fane en un solo evento la energ\u00eda y el movimiento, as\u00ed como la relajaci\u00f3n y la renovaci\u00f3n de los sentidos.&#8221;<\/em><\/p>\n<p>Durante cinco d\u00edas Cumbre Taj\u00edn recibe a miles de artistas de Veracruz, M\u00e9xico, y el mundo quienes ofrecen <strong>actividades diversas<\/strong> como conciertos, espect\u00e1culos, danzas y rituales como los Voladores de Papantla, ceremonias prehisp\u00e1nicas, exposici\u00f3n y venta de artesan\u00edas, muestra gastron\u00f3mica, temazcales, tratamientos ofrecidos por terapeutas y sanadores nacionales y extranjeros, talleres de yoga,\u00a0 entre otros, en <strong>tres sedes<\/strong>: la <a title=\"Zona arqueol\u00f3gica El Taj\u00edn, Veracruz.\" href=\"http:\/\/www.travelbymexico.com\/blog\/1766-tajin-zona-arqueologica\" target=\"_blank\">Zona Arqueol\u00f3gica de El Taj\u00edn<\/a>, el Parque Takilhsukut y el Z\u00f3calo de la ciudad de Papantla.<\/p>\n<p><em><strong>Cumbre Taj\u00edn se lleva a cabo bajo el auspicio del Gobierno Veracruzano, el INAH, CONACULTA, el Centro de las Artes Ind\u00edgenas y el DIF de Veracruz.<\/strong><\/em><\/p>\n<h3>Conciertos y actividades de la Cumbre Taj\u00edn 2014<\/h3>\n<h3>Programa de conciertos<strong><\/strong><\/h3>\n<p><strong>Jueves 20 de marzo de 2014<\/strong><br \/>\nJack Johnson \/ Edward Sharoe &amp; The Magnetic Zeros \/ Bajofondo \/ L.A. \/ Macuiles.<\/p>\n<p><strong>Viernes 21 de marzo de 2014<\/strong><br \/>\nTool \/ Primus \/Puscifer \/ Tomahawk \/ Vayijel.<\/p>\n<p><strong>S\u00e1bado 22 de marzo de 2014<\/strong><br \/>\nBabas\u00f3nicos \/ Illya Kuryaki and The Valderramas \/ Fobia \/ Los Amigos Invisibles \/ Funker.<\/p>\n<p><strong>Domigo 23 de marzo de 2014<\/strong><br \/>\nEl elenco ser\u00e1 revelado el viernes 21 de febrero de 2014.<\/p>\n<p><strong>Lunes 24 de marzo de 2014<\/strong><br \/>\nBanda El Recodo de Cruz Liz\u00e1rraga \/ Jenny and The Mexicats \/ Los \u00c1ngeles Negros \/ Los Rom\u00e1nticos de Zacatecas \/ Soflama.<\/p>\n<h3>\u201cTaj\u00edn Vive\u201d, recorrido nocturno de luz y sonido por la ciudad sagrada.<\/h3>\n<p>Iluminaci\u00f3n de los <strong>principales edificio<\/strong>s y el<strong> Juego de Pelota<\/strong> de El Taj\u00edn.<\/p>\n<p>A trav\u00e9s de los bailes de los quetzalines o guaguas, el coro de los ni\u00f1os totonacas, y la fiesta religiosa de los <a title=\"Voladores de Papantla: homebres p\u00e1jaros de M\u00e9xico\" href=\"http:\/\/www.travelbymexico.com\/blog\/5696-voladores-de-papantla-hombres-pajaros-de-mexico\" target=\"_blank\">Voladores de Papantla<\/a>, vivir\u00e1s una experiencia profunda e inolvidable que te permitir\u00e1 entrar en contacto directo con la atm\u00f3sfera m\u00edstica del lugar, las deidades y la cultura totonaca.<\/p>\n<h3>\u00c1reas y Actividades en el Parque Takilhsukut<\/h3>\n<p>A lo largo del a\u00f1o, el Parque Takilhsukut es el epicentro del pensamiento ind\u00edgena y la actividad cultural en Veracruz ya que alberga al Consejo Supremo Totonaco, el Centro de las Artes Ind\u00edgenas, el Festival Infantil Kani Taj\u00edn, el Campamento de Verano, el Aula Clavijero y presenta eventos art\u00edsticos y culturales de toda \u00edndole.<\/p>\n<p>El parque Takilhsukut est\u00e1 ubicado en <strong>Totonacapan<\/strong>, a 15 kil\u00f3metros de Papantla, a 30 km de la ciudad de Poza Rica y a 1 km de la Zona Arqueol\u00f3gica de El Taj\u00edn.<\/p>\n<p><a title=\"Voladores de Papantla: homebres p\u00e1jaros de M\u00e9xico\" href=\"http:\/\/www.travelbymexico.com\/blog\/5696-voladores-de-papantla-hombres-pajaros-de-mexico\" target=\"_blank\"><strong>Ceremonia Ritual de Voladores<\/strong><\/a>:<strong> <\/strong>En 2009, La \u201cCeremonia Ritual de los Voladores\u201d ha sido reconocida por la UNESCO e inscrita a su lista de \u201cPatrimonios Inmateriales de la Humanidad\u201d.<br \/>\n<strong>Kantiy\u00e1n<\/strong> (casa de los abuelos sabios), Juegos Aut\u00f3ctonos, Nicho de los artesanos, Deportes de Aventura, Nicho del Florecimiento, Plaza del Fuego.<br \/>\n<strong>Aldea Totonaca<\/strong>: Talleres, exposiciones, sensoramas, acrobacia ind\u00edgene, conferencias, teatro, recorridos.<\/p>\n<p><strong>Nicho de la m\u00fasica<\/strong>: Conciertos de artistas nacionales y extranjeros.<br \/>\n<strong>Nicho de la Purificaci\u00f3n<\/strong>:\u00a0 Casa del arte de sanar. Sanadores y terapeutas mexicanos y extranjeros. Masajes, temazcal, consultas, etc.<br \/>\n<strong>Nicho de Aromas y Sabores<\/strong>: Recetas y comida tradicional Totonaca.<br \/>\n<strong>Plaza de las artes<\/strong>: Encuentro de artesan\u00eda con m\u00e1s de 400 creadores.<br \/>\n<strong>Cumbre ni\u00f1os<\/strong>: Espacio dedicado a los ni\u00f1os)<br \/>\n<strong>\u00c1reas verdes<\/strong>.<br \/>\n<strong>Aldea de la paz<\/strong>: Participa en acciones que buscan la armon\u00eda: danzas, cantos, reflexiones, di\u00e1logos y aprendizaje.<br \/>\n<strong>Latidos del mundo<\/strong>: M\u00fasica y rituales del Totonacapan y del mundo.<\/p>\n<h3>Boletos<\/h3>\n<p>Los boletos para Cumbre Taj\u00edn 2014 est\u00e1n disponibles v\u00eda el sistema Ticketmaster y las taquillas del Parque Takilhsukut: De 9:30 a 18:00 hrs y la taquilla Primaria Xalapa: Torre \u00c1nimas, despacho 608, de 10:00 a 19:00 hrs.<\/p>\n<p>Incluyen: Todos los conciertos y *actividades del parque. <span style=\"text-decoration: underline;\"><strong>* NO incluye<\/strong><\/span> Nicho de aromas y sabores y Nicho de purificaci\u00f3n.<\/p>\n<p><strong>Entrada general<\/strong>: Normal: $300 pesos. **Descuento: $240 pesos.<br \/>\n<strong>Pase 4 d\u00edas<\/strong>: Normal: $900 pesos. **Descuento: $720 pesos.<\/p>\n<p><strong>**Descuento<\/strong> de estudiante y tercera edad solo en Taquillas del Parque y Primaria.<\/p>\n<h3>Acerca del Festival Cumbre Taj\u00edn<\/h3>\n<p>Creado en el 2000 con el objetivo primordial de preservar y difundir la riqueza cultural y arqueol\u00f3gica de la Ciudad Sagrada de El Taj\u00edn y las tradiciones del pueblo Totonaca, el <strong>Festival Cultural Cumbre Taj\u00edn<\/strong> se realiza cada a\u00f1o en fechas cercanas al <strong>equinoccio de primavera<\/strong>.<\/p>\n<p>Aparte de conciertos se lleva a cabo una serie de actividades como ceremonias, talleres, terapias de medicina alternativa, conferencias, exposiciones de artesan\u00edas, juegos aut\u00f3ctonos, danzas y rituales que incluir\u00e1n a los Voladores de Papantla, y actos circenses entre otros; en la zona arqueol\u00f3gica El Taj\u00edn, el Parque Takilhsukut y el z\u00f3calo de la ciudad de Papantla.<\/p>\n<h3>Declaratorias relativas a la Zona Arqueol\u00f3gica de El Taj\u00edn<\/h3>\n<p>Por sus valores culturales, as\u00ed como por otras caracter\u00edsticas especiales, la Zona Arqueol\u00f3gica de El Taj\u00edn cuenta con las siguientes declaratorias:<\/p>\n<p>&#8211; El 30 de marzo del 2001 se public\u00f3 un decreto presidencial que protege las 1,221 hect\u00e1reas de zona arqueol\u00f3gica.<\/p>\n<p>-El 14 de diciembre de 1992, el Taj\u00edn fue inscrito como Bien Cultural en la <a title=\"Patrimonios de la Humanidad en M\u00e9xico, inscritos a la lista de la UNESCO\" href=\"http:\/\/www.travelbymexico.com\/blog\/5574-patrimonios-de-la-humanidad-en-mexico\" target=\"_blank\">Lista de Patrimonio Mundial de la Unesco<\/a>.<\/p>\n<p><strong><a title=\"Zona arqueol\u00f3gica El Taj\u00edn, Veracruz. \" href=\"http:\/\/www.travelbymexico.com\/blog\/1766-tajin-zona-arqueologica\" target=\"_blank\">Zona Arqueol\u00f3gica El Taj\u00edn<\/a>\u00a0 Carretera Federal Poza Rica \u2013 Taj\u00edn, a 16 Km al sur de la ciudad de Poza Rica y a 6 Km al oeste de Papantla.<\/strong><\/p>\n<p><strong>Oferta hotelera<\/strong>: http:\/\/cumbretajin.com\/2014\/img\/oferta_hoteles.pdf<\/p>\n","protected":false},"excerpt":{"rendered":"<p>Titulada &#8220;La revelaci\u00f3n de lo posible&#8221;, la decimoquinta edici\u00f3n del Festival Cumbre Taj\u00edn 2014 se llevar\u00e1 a cabo del 20<\/p>\n","protected":false},"author":2,"featured_media":15757,"comment_status":"closed","ping_status":"closed","sticky":false,"template":"","format":"standard","meta":[],"categories":[37,912],"tags":[4287,397,6005,537,4415,656,4416,1960,7210,5732,1690,7211,5232,4249,1433,4401,1044,6567,1052,1053,6565,3785,6383,6566,1643,1217,1219,1237,1279,3137,1301],"_links":{"self":[{"href":"https:\/\/www.travelbymexico.com\/blog\/wp-json\/wp\/v2\/posts\/15755"}],"collection":[{"href":"https:\/\/www.travelbymexico.com\/blog\/wp-json\/wp\/v2\/posts"}],"about":[{"href":"https:\/\/www.travelbymexico.com\/blog\/wp-json\/wp\/v2\/types\/post"}],"author":[{"embeddable":true,"href":"https:\/\/www.travelbymexico.com\/blog\/wp-json\/wp\/v2\/users\/2"}],"replies":[{"embeddable":true,"href":"https:\/\/www.travelbymexico.com\/blog\/wp-json\/wp\/v2\/comments?post=15755"}],"version-history":[{"count":4,"href":"https:\/\/www.travelbymexico.com\/blog\/wp-json\/wp\/v2\/posts\/15755\/revisions"}],"predecessor-version":[{"id":15761,"href":"https:\/\/www.travelbymexico.com\/blog\/wp-json\/wp\/v2\/posts\/15755\/revisions\/15761"}],"wp:featuredmedia":[{"embeddable":true,"href":"https:\/\/www.travelbymexico.com\/blog\/wp-json\/wp\/v2\/media\/15757"}],"wp:attachment":[{"href":"https:\/\/www.travelbymexico.com\/blog\/wp-json\/wp\/v2\/media?parent=15755"}],"wp:term":[{"taxonomy":"category","embeddable":true,"href":"https:\/\/www.travelbymexico.com\/blog\/wp-json\/wp\/v2\/categories?post=15755"},{"taxonomy":"post_tag","embeddable":true,"href":"https:\/\/www.travelbymexico.com\/blog\/wp-json\/wp\/v2\/tags?post=15755"}],"curies":[{"name":"wp","href":"https:\/\/api.w.org\/{rel}","templated":true}]}}