{"id":15718,"date":"2014-02-12T23:10:32","date_gmt":"2014-02-13T05:10:32","guid":{"rendered":"http:\/\/www.travelbymexico.com\/blog\/?p=15718"},"modified":"2014-02-12T23:12:01","modified_gmt":"2014-02-13T05:12:01","slug":"capulalpam-de-mendez-6to-aniversario-de-ser-pueblo-magico","status":"publish","type":"post","link":"https:\/\/www.travelbymexico.com\/blog\/15718-capulalpam-de-mendez-6to-aniversario-de-ser-pueblo-magico\/","title":{"rendered":"Capul\u00e1lpam de M\u00e9ndez, 6to. Aniversario de ser Pueblo M\u00e1gico"},"content":{"rendered":"<h2>La localidad de Capul\u00e1lpam de Ju\u00e1rez se alista para celebrar su 6\u00ba Aniversario como Pueblo M\u00e1gico con eventos variados entre los que destacan el Segundo encuentro cultural de bailes aut\u00f3ctonos, la II Feria del <a title=\"Cosas que tal vez no sab\u00edas sobre el Mezcal \" href=\"http:\/\/www.travelbymexico.com\/blog\/14164-cosas-que-tal-vez-no-sabias-sobre-el-mezcal\" target=\"_blank\">Mezcal<\/a> Sierra Ju\u00e1rez, una Expo Ecotur\u00edstica que reunir\u00e1 expertos de la red de ecoturismo de Sierra Ju\u00e1rez, la Mixteca, y Sierra Norte; as\u00ed como eventos religiosos y musicales.<strong><strong> <\/strong><\/strong><\/h2>\n<p>Enclavado en la Sierra Norte del estado de Oaxaca, a 70 kil\u00f3metros al noroeste de <a title=\"Gu\u00eda Tur\u00edstica de la ciudad de Oaxaca: hoteles, restaurantes, mapas, fotos, videos, clima, etc.\" href=\"http:\/\/www.travelbymexico.com\/oaxaca\" target=\"_blank\">la capital<\/a>, <strong>Capul\u00e1lpam de M\u00e9ndez<\/strong> es un peque\u00f1o poblado de menos de 2 mil habitantes situado a 2,064 m.s.n.m. en una zona de bosques que le ha valido un reconocimiento del Fondo Mundial para la Naturaleza en 2002.<\/p>\n<p>Considerado patrimonio cultural y arquitect\u00f3nico donde destacan un majestuoso <strong>templo dedicado a San Mateo<\/strong> que data del siglo XVI, un yacimiento de agua llamado &#8220;El Chorromonte&#8221;,\u00a0 casas tradicionales, Capul\u00e1lpam de M\u00e9ndez fue denominado &#8220;Pueblo M\u00e1gico&#8221; en el a\u00f1o de 2008, con la intenci\u00f3n de integrar un corredor tur\u00edstico de mayor impacto en la Sierra Norte de Oaxaca.<\/p>\n<p><em>Hoy\u00a0 d\u00eda, es el \u00fanico Pueblo M\u00e1gico del Estado de Oaxaca.<\/em><\/p>\n<h3>Tratamientos terape\u00faticos tradicionales<\/h3>\n<p>Si buscas acercarte a la experiencia ancestral a trav\u00e9s tratamientos terap\u00e9uticos tradicionales como \u201climpias\u201d, masajes o ba\u00f1os de temazcal, no dejes de visitar el <strong>Centro de Medicina Tradicional<\/strong> de Capul\u00e1lpam de M\u00e9ndez el cual, avalado por la Secretar\u00eda de Salud fue creado por m\u00e9dicos tradicionales de los municipios de <em>El Rinc\u00f3n<\/em> e <em>Ixtl\u00e1<\/em>, mismos que fundaron en 1995 la <strong>Organizaci\u00f3n de M\u00e9dicos Ind\u00edgenas Zapotecos<\/strong> de la Sierra de Ju\u00e1rez.<\/p>\n<h3>Programa de eventos &#8211; 6\u00ba Aniversario como Pueblo M\u00e1gico<\/h3>\n<h3>S\u00e1bado 22 de febrero de 2014<\/h3>\n<p>11:00 hrs. Inauguraci\u00f3n de la <strong>II Feria del Mezcal Sierra Ju\u00e1rez<\/strong>.<br \/>\nLugar: Parque Central.<\/p>\n<p><span style=\"text-decoration: underline;\">de 14:00 a 16:00 hrs &#8211; Lugar: Parque Central.<\/span><br \/>\n&#8211; Inauguraci\u00f3n de la <strong>Expo Ecotur\u00edstica<\/strong>: Participar\u00e1n la red de ecoturismo de Sierra Ju\u00e1rez, la red ecotur\u00edstica de la Mixteca, y Expediciones Sierra Norte.<\/p>\n<p>&#8211; Recepci\u00f3n de las <strong>Bandas de M\u00fasica<\/strong> visitante por parte de la autoridad municipal y pueblo en general.<\/p>\n<p>&#8211; Tradicional <strong>Concurso de papalote<\/strong> categor\u00eda infantil y adulto.<br \/>\nLugar: Campo de f\u00fatbol.<\/p>\n<p><span style=\"text-decoration: underline;\">16:00 hrs.<\/span> <strong>Coronaci\u00f3n de la Se\u00f1orita Pueblo M\u00e1gico 2014<\/strong><br \/>\nLugar: Atrio del Templo de San Mateo.<\/p>\n<p><span style=\"text-decoration: underline;\">17:00 hrs.<\/span><strong> Calenda Floral<\/strong> acompa\u00f1ada de bandas visitantes y local.<br \/>\nInicia en el atrio del Templo de San Mateo.<\/p>\n<p><span style=\"text-decoration: underline;\">19:00 hrs.<\/span><strong> Misa de Calenda<\/strong> en el\u00a0 Templo de San Mateo.<\/p>\n<p><span style=\"text-decoration: underline;\">20:00 hrs.<\/span> Audici\u00f3n Musical por <strong>bandas de m\u00fasicos Capulalpenses<\/strong> ejecutando piezas de compositores de la comunidad.<\/p>\n<p><span style=\"text-decoration: underline;\">21:00 hrs.<\/span> <strong>Espect\u00e1culo de pirotecn\u00eda<\/strong> y vistoso castillo.<br \/>\nLugar: Templo de San Mateo<\/p>\n<h3>Domingo 23 de febrero de 2014<\/h3>\n<p><span style=\"text-decoration: underline;\">12:00 hrs.<\/span> <strong>Misa de Acci\u00f3n de Gracias<\/strong>. En el Templo de San Mateo.<\/p>\n<p>14:00 hrs. Audici\u00f3n Musical por <strong>bandas de m\u00fasicos Capulalpenses<\/strong> ejecutando piezas de compositores de la comunidad.<br \/>\nLugar: Atrio del Templo de San Mateo.<\/p>\n<p>15:00 hrs.<strong> Convivio con todos los asistentes.<\/strong> Lugar: Atrio del Templo de San Mateo.<\/p>\n<p>17:00 hrs.<strong> Segundo encuentro cultural de bailes aut\u00f3ctonos<\/strong> de la Sierra Ju\u00e1rez de Oaxaca. Lugar: Atrio del Templo de San Mateo.<\/p>\n<p><strong><a title=\"Conoce los Pueblos M\u00e1gicos de M\u00e9xico\" href=\"http:\/\/www.travelbymexico.com\/blog\/13530-descubre-cuales-son-los-pueblos-magicos-de-mexico \" target=\"_blank\">Descubre cu\u00e1les son los Pueblos M\u00e1gicos de M\u00e9xico <\/a><\/strong><\/p>\n<h3>\u00bfC\u00f3mo llegar a Capul\u00e1lpam de M\u00e9ndez en coche?<\/h3>\n<p>Capul\u00e1lpam de M\u00e9ndez se localiza a 2,064 m.s.n.m. en una de las cordilleras de la <a title=\"Principales Sistemas Monta\u00f1osos de la Rep\u00fablica Mexicana \" href=\"http:\/\/mr.travelbymexico.com\/919-principales-sistemas-montanosos-de-la-republica-mexicana\" target=\"_blank\">Sierra Madre Oriental<\/a>, vertiente del golfo de M\u00e9xico; al sur de la cabecera del distrito de Ixtl\u00e1n de Ju\u00e1rez, y a 70 kil\u00f3metros al noroeste de la capital del estado de Oaxaca.<\/p>\n<p><strong><a title=\"Carreteras, rutas, costos y distancias entre las diferentes ciudades de M\u00e9xico\" href=\"http:\/\/www.travelbymexico.com\/blog\/carreterasyrutas \" target=\"_blank\">C\u00e1lcula tu ruta aqu\u00ed<\/a><\/strong>: http:\/\/www.travelbymexico.com\/blog\/carreterasyrutas (Carreteras, rutas, costos y distancias entre las diferentes ciudades de M\u00e9xico.)<\/p>\n<p><strong><a title=\"Gu\u00eda de Hoteles en la ciudad de Oaxaca\" href=\"http:\/\/www.travelbymexico.com\/oaxaca\/hoteles\" target=\"_blank\">Consulta nuestra Gu\u00eda de Hoteles en la ciudad de Oaxaca<\/a><\/strong><\/p>\n<p>&nbsp;<\/p>\n","protected":false},"excerpt":{"rendered":"<p>La localidad de Capul\u00e1lpam de Ju\u00e1rez se alista para celebrar su 6\u00ba Aniversario como Pueblo M\u00e1gico con eventos variados entre<\/p>\n","protected":false},"author":2,"featured_media":15719,"comment_status":"closed","ping_status":"closed","sticky":false,"template":"","format":"standard","meta":[],"categories":[31],"tags":[7170,7169,260,7173,7171,485,7172,7168,6058,4021,2611,1059,1061,6383,3775],"_links":{"self":[{"href":"https:\/\/www.travelbymexico.com\/blog\/wp-json\/wp\/v2\/posts\/15718"}],"collection":[{"href":"https:\/\/www.travelbymexico.com\/blog\/wp-json\/wp\/v2\/posts"}],"about":[{"href":"https:\/\/www.travelbymexico.com\/blog\/wp-json\/wp\/v2\/types\/post"}],"author":[{"embeddable":true,"href":"https:\/\/www.travelbymexico.com\/blog\/wp-json\/wp\/v2\/users\/2"}],"replies":[{"embeddable":true,"href":"https:\/\/www.travelbymexico.com\/blog\/wp-json\/wp\/v2\/comments?post=15718"}],"version-history":[{"count":4,"href":"https:\/\/www.travelbymexico.com\/blog\/wp-json\/wp\/v2\/posts\/15718\/revisions"}],"predecessor-version":[{"id":15723,"href":"https:\/\/www.travelbymexico.com\/blog\/wp-json\/wp\/v2\/posts\/15718\/revisions\/15723"}],"wp:featuredmedia":[{"embeddable":true,"href":"https:\/\/www.travelbymexico.com\/blog\/wp-json\/wp\/v2\/media\/15719"}],"wp:attachment":[{"href":"https:\/\/www.travelbymexico.com\/blog\/wp-json\/wp\/v2\/media?parent=15718"}],"wp:term":[{"taxonomy":"category","embeddable":true,"href":"https:\/\/www.travelbymexico.com\/blog\/wp-json\/wp\/v2\/categories?post=15718"},{"taxonomy":"post_tag","embeddable":true,"href":"https:\/\/www.travelbymexico.com\/blog\/wp-json\/wp\/v2\/tags?post=15718"}],"curies":[{"name":"wp","href":"https:\/\/api.w.org\/{rel}","templated":true}]}}