{"id":15712,"date":"2014-02-10T01:55:21","date_gmt":"2014-02-10T07:55:21","guid":{"rendered":"http:\/\/www.travelbymexico.com\/blog\/?p=15712"},"modified":"2014-02-10T02:00:13","modified_gmt":"2014-02-10T08:00:13","slug":"festival-gastronomico-internacional-veracruz-2014-invitara-a-francia","status":"publish","type":"post","link":"https:\/\/www.travelbymexico.com\/blog\/15712-festival-gastronomico-internacional-veracruz-2014-invitara-a-francia\/","title":{"rendered":"Festival Gastron\u00f3mico Internacional Veracruz 2014 invitar\u00e1 a Francia"},"content":{"rendered":"<h2>\u00a0&#8211; El Gobierno del Estado, a trav\u00e9s de la Secretar\u00eda de Turismo y Cultura (Sectur), en conjunto con la C\u00e1mara Nacional de la Industria de Restaurantes y Alimentos Condimentados (Canirac) presentan el Festival Gastron\u00f3mico Internacional Veracruz 2014, un evento dirigido a estudiantes de Gastronom\u00eda y Turismo, profesionales y empresarios del ramo as\u00ed como p\u00fablico en general.<\/h2>\n<h2>&#8211; Pa\u00eds invitado especial: Francia.<\/h2>\n<p>Fomentando el intercambio de experiencias y saberes entre la gastronom\u00eda y la producci\u00f3n de alimentos a escala regional, nacional e internacional, e impulsando el rescate, salvaguardia y promoci\u00f3n de la <strong>cocina popular veracruzana<\/strong>, la cual fue declarada <strong>patrimonio cultural del estado<\/strong> el 11 de julio de 2009, la primera edici\u00f3n del <strong>Festival Gastron\u00f3mico Internacional Veracruz 2014<\/strong> se llevar\u00e1 a cabo del 13 al 16 de marzo de 2014 en el Centro de Convenciones y Exposiciones <strong>World Trade Center<\/strong> de la ciudad de <a title=\"Reserva tu hotel en la ciudad de Veracruz\" href=\"http:\/\/www.travelbymexico.com\/veracruz\/hoteles\" target=\"_blank\">Veracruz<\/a>.<\/p>\n<h3>Actividades<\/h3>\n<p>El evento contar\u00e1 con<strong> clases magistrales<\/strong> de cocina tradicional y de vanguardia impartidas por prestigiados chefs mexicanos y franceses; <strong>conferencias<\/strong>, mesas de debate; <strong>degustaciones<\/strong> de bebidas tradicionales, <strong>demostraciones<\/strong> gastron\u00f3micas, entre otras actividades.<\/p>\n<h3>Chefs franceses invitados especiales<\/h3>\n<p><strong><strong>Francia<\/strong>,<\/strong> pa\u00eds invitado de honor de esta primera edici\u00f3n del festival estar\u00e1 representada por los siguientes\u00a0<strong>chefs de talla internacional<\/strong>: Patrick Louis, Jean Luc, Stephane Auge, Gilles Marchal y Gerard Cagna.<\/p>\n<p><strong>G\u00e9rard Cagna<\/strong><br \/>\n<strong>Padrino<\/strong> del Festival Gastron\u00f3mico Internacional 2014<br \/>\nPresidente del concurso estudiantil: &#8220;La cocina mexicana a base de cacao&#8221;.<br \/>\nChef reconocido con mas de 30 a\u00f1os de experiencia inici\u00f3 como Chef en el restaurante Maxim\u00b4s en Par\u00eds.<\/p>\n<p><strong>Patrick Louis<\/strong><br \/>\nChef Ejecutivo y Director de Alimentos y Bebidas para Latinoam\u00e9rica.<br \/>\nChef Corporativo Grupo Velas.<br \/>\nDirector de AyB y Director Culinario Las Palomas Resort, Puerto Pe\u00f1asco, Sonora.<\/p>\n<p><strong>Gilles Marchal<\/strong><br \/>\nConsultor internacional en arte culinario, pasteler\u00eda, Restauraci\u00f3n y Hoteler\u00eda de lujo 2012-2007.<br \/>\nChef y director creativo en la Casa del Chocolate en Par\u00eds, Cannes, Londres, Tokio, Hong Kong y New York 2007-1999<br \/>\nChef pastelero Hotel Le Bristol (2 estrellas Michelin et 4 estrellas de lujo) Par\u00eds<\/p>\n<p><strong>Jean-Luc Danjou<\/strong><br \/>\nHoy d\u00eda es Director de formaci\u00f3n de la Escuela de Foie Gras Rougi\u00e9 en Pau.<br \/>\nAsesor de empresas y asistencia en apertura de restaurantes.<\/p>\n<p><strong>St\u00e9phane Auge<\/strong><br \/>\nTitular de un &#8220;Master de Historia de Europa y de las Culturas de la alimentaci\u00f3n&#8221;, es profesor certificado, titular en el Liceo de Hoteler\u00eda- Restauraci\u00f3n y de Turismo de Gascogne en Talence, y profesor en pasteler\u00eda.<\/p>\n<h3>Direcci\u00f3n del World Trade Center de Veracruz<\/h3>\n<p>Boulevard Adolfo Ruiz Cortines No. 3497 Col. Ylang Ylang. Boca del R\u00edo, Veracruz. M\u00e9xico C.P. 94298<\/p>\n<h3>Art\u00edculos relacionados<\/h3>\n<p><strong><a title=\"Festival Gourmet Internacional Vallarta-Riviera Nayarit 2013\" href=\"http:\/\/www.travelbymexico.com\/blog\/14907-festival-gourmet-internacional-vallarta-riviera-nayarit-2013\" target=\"_blank\">Festival Gourmet Internacional Vallarta-Riviera Nayarit 2013 <\/a><\/strong><\/p>\n","protected":false},"excerpt":{"rendered":"<p>\u00a0&#8211; El Gobierno del Estado, a trav\u00e9s de la Secretar\u00eda de Turismo y Cultura (Sectur), en conjunto con la C\u00e1mara<\/p>\n","protected":false},"author":2,"featured_media":15713,"comment_status":"closed","ping_status":"closed","sticky":false,"template":"","format":"standard","meta":[],"categories":[37,17],"tags":[5099,294,6108,1588,7167,363,4615,4439,557,604,7161,7165,7163,4249,7162,972,7166,7164,1157,1257,1281],"_links":{"self":[{"href":"https:\/\/www.travelbymexico.com\/blog\/wp-json\/wp\/v2\/posts\/15712"}],"collection":[{"href":"https:\/\/www.travelbymexico.com\/blog\/wp-json\/wp\/v2\/posts"}],"about":[{"href":"https:\/\/www.travelbymexico.com\/blog\/wp-json\/wp\/v2\/types\/post"}],"author":[{"embeddable":true,"href":"https:\/\/www.travelbymexico.com\/blog\/wp-json\/wp\/v2\/users\/2"}],"replies":[{"embeddable":true,"href":"https:\/\/www.travelbymexico.com\/blog\/wp-json\/wp\/v2\/comments?post=15712"}],"version-history":[{"count":4,"href":"https:\/\/www.travelbymexico.com\/blog\/wp-json\/wp\/v2\/posts\/15712\/revisions"}],"predecessor-version":[{"id":15717,"href":"https:\/\/www.travelbymexico.com\/blog\/wp-json\/wp\/v2\/posts\/15712\/revisions\/15717"}],"wp:featuredmedia":[{"embeddable":true,"href":"https:\/\/www.travelbymexico.com\/blog\/wp-json\/wp\/v2\/media\/15713"}],"wp:attachment":[{"href":"https:\/\/www.travelbymexico.com\/blog\/wp-json\/wp\/v2\/media?parent=15712"}],"wp:term":[{"taxonomy":"category","embeddable":true,"href":"https:\/\/www.travelbymexico.com\/blog\/wp-json\/wp\/v2\/categories?post=15712"},{"taxonomy":"post_tag","embeddable":true,"href":"https:\/\/www.travelbymexico.com\/blog\/wp-json\/wp\/v2\/tags?post=15712"}],"curies":[{"name":"wp","href":"https:\/\/api.w.org\/{rel}","templated":true}]}}