{"id":15692,"date":"2014-02-04T19:47:29","date_gmt":"2014-02-05T01:47:29","guid":{"rendered":"http:\/\/www.travelbymexico.com\/blog\/?p=15692"},"modified":"2014-02-07T05:57:32","modified_gmt":"2014-02-07T11:57:32","slug":"zona-maco-2014-feria-de-arte-contemporaneo-de-mexico","status":"publish","type":"post","link":"https:\/\/www.travelbymexico.com\/blog\/15692-zona-maco-2014-feria-de-arte-contemporaneo-de-mexico\/","title":{"rendered":"ZONA MACO 2014, Feria de Arte Contempor\u00e1neo de M\u00e9xico"},"content":{"rendered":"<h2>Organizada por Cultura y Arte Contempor\u00e1neo Zeta S.A. de C.V., Zona Maco re\u00fane a coleccionistas, expositores y galeristas de varias partes del mundo; es la Feria de Arte Contempor\u00e1neo m\u00e1s importante de M\u00e9xico.<\/h2>\n<h3>Las cinco secciones de la Zona Maco 2014<\/h3>\n<p>En su d\u00e9cimo primera edici\u00f3n <strong>Zona Maco 2014<\/strong> se realizar\u00e1 del <strong>5 al 9 de febrero<\/strong>, como cada a\u00f1o en el <strong>Centro Banamex<\/strong> de la <a title=\"Conoce algunos de los principales atractivos tur\u00edsticos de la ciudad de M\u00e9xico\" href=\"http:\/\/www.travelbymexico.com\/ciudaddemexico\/atractivos\">ciudad de M\u00e9xico<\/a>, y estar\u00e1 dividida en cinco secciones.<\/p>\n<p><strong>Secci\u00f3n principal<\/strong>: galer\u00edas internacionales de mayor trayectoria aprobadas previamente por el Comit\u00e9 de Selecci\u00f3n, que este a\u00f1o estuvo integrado por: Jos\u00e9 Garc\u00eda (Proyectos Monclova, M\u00e9xico D.F), Patricia Ortiz Monasterio (Galer\u00eda OMR, M\u00e9xico DF) y Ben Loveless (Galerie Nordenhake, Berl\u00edn\/Estocolmo).<\/p>\n<p><strong>Secci\u00f3n nuevas propuestas<\/strong>: Este a\u00f1o esta secci\u00f3n le dar\u00e1 prioridad a los artistas que viven y trabajan en Am\u00e9rica Latina. Estar\u00e1 a cargo de Mirjam Varadinis (Z\u00farich, 1972), curadora de la Kunsthaus Zurich, quien presenta una selecci\u00f3n de galer\u00edas internacionales con proyectos individuales de artistas menores de 35 a\u00f1os.<\/p>\n<p><strong>Secci\u00f3n Zona Maco Sur<\/strong>: A cargo de Juan A. Gait\u00e1n (Toronto, 1973), curador de la octava Bienal de Berl\u00edn 2014.<\/p>\n<p><strong>Secci\u00f3n Arte Moderno<\/strong>: presentaci\u00f3n de arte moderno internacional de la primera mitad del siglo XX en la que se tomar\u00e1 como referente la ruptura de paradigmas que plantea La Sociedad An\u00f3nima, fundada en 1920 por <strong>Katherine Dreier<\/strong>, <strong>Marcel Duchamp<\/strong> y <strong>ManRay<\/strong>.<br \/>\nCuradora: Montserrat Albores Gleason (Ciudad de M\u00e9xico, 1974), curadora independiente y cofundadora del proyecto curatorial y de investigaci\u00f3n PETRA.<\/p>\n<p><strong>Secci\u00f3n Dise\u00f1o<\/strong>: se presentan trabajos de estudios y galer\u00edas de M\u00e9xico y Estados Unidos. Curadora: Cecilia Le\u00f3n de la Barra (Ciudad de M\u00e9xico 1975), dise\u00f1adora industrial y curadora independiente.<\/p>\n<h3>Horarios y costos de la Feria Zona Maco<\/h3>\n<p>Mi\u00e9rcoles 5 de febrero de 2014: <strong>Inauguraci\u00f3n Oficial<\/strong> de las 16:00 a las 21:00 horas.<\/p>\n<p>Jueves 6, Viernes 7 y S\u00e1bado 8 de febrero de 2014:<br \/>\nde las 12:00 a las 21:00 horas.<\/p>\n<p>Domingo 9 de febrero de 2014 de las 12:00 a las 20:00 horas.<\/p>\n<p>Lugar: <strong>Centro Banamex<\/strong>\u00a0 Av. Conscripto No. 311, Col. Lomas de Sotelo, Del. Miguel Hidalgo.<br \/>\nC.P.11200. M\u00e9xico D.F.<\/p>\n<h3>Programa General Zona Maco 2014<\/h3>\n<p><strong>http:\/\/zonamaco.com\/pages\/visitantes\/programa-general.php<\/strong><\/p>\n<h3>Galer\u00edas de la Secci\u00f3n Principal<\/h3>\n<p><strong>Galer\u00edas mexicanas<\/strong><br \/>\nLUIS ADELANTADO Valecia\/M\u00e9xico DF<br \/>\nARR\u00d3NIZ ARTE CONTEMPOR\u00c1NEO M\u00e9xico DF<br \/>\nCURRO Y PONCHO Guadalajara<br \/>\nEDS GALER\u00cdA M\u00e9xico DF<br \/>\nFIFI PROJECTS M\u00e9xico DF<br \/>\nFIFTY24MX M\u00e9xico DF<br \/>\nGAGA M\u00e9xico DF<br \/>\nGALER\u00cdA HILARIO GALGUERA M\u00e9xico DF<br \/>\nGAM M\u00e9xico DF<br \/>\nGE GALER\u00cdA Monterrey<br \/>\nALFREDO GINOCCHIO M\u00e9xico DF<br \/>\nGALER\u00cdA ENRIQUE GUERRERO M\u00e9xico DF<br \/>\nKURIMANZUTTO M\u00e9xico DF<br \/>\nLABOR M\u00e9xico DF<br \/>\nLE LABORATOIRE M\u00e9xico DF<br \/>\nTOCA M\u00e9xico DF<br \/>\nTRAVESIA CUATRO Madrid\/Guadalajara<br \/>\nMARSO M\u00e9xico DF<br \/>\nMYTO M\u00e9xico DF<br \/>\nPROYECTOS MONCLOVA M\u00e9xico DF<br \/>\nPATRICIA CONDE GALER\u00cdA M\u00e9xico DF<br \/>\nOMR (en colaboraci\u00f3n con H\u00e4usler Contemporary, Munich M\u00e9xico DF<br \/>\nTAL CUAL M\u00e9xico DF.<\/p>\n<p><strong>Galer\u00edas de Am\u00e9rica del Sur<\/strong><br \/>\nISABEL CROXATTO Santiago de Chile.<br \/>\nGALER\u00cdA RGR+ART Caracas.<br \/>\nROLF ART Buenos Aires.<\/p>\n<p><strong>Galer\u00edas espa\u00f1olas <\/strong><br \/>\nGALER\u00cdA BACELOS, Vigo.<br \/>\nGALER\u00cdA JUANA DE AIZPURU, Madrid.<br \/>\nGALER\u00cdA IN\u00c9S BARRENECHEA, Madrid.<br \/>\nOLIVA ARAUNA, Madrid.<br \/>\nLA CAJA NEGRA, Madrid.<br \/>\nCARRERAS MUGICA, Bilbao.<br \/>\nGALER\u00cdA HEINRICH EHRHARDT, Madrid.<br \/>\nMAX ESTRELLA, Madrid.<br \/>\nNF, Madrid.<br \/>\nGALERIA FILOMENA SOARES, Lisboa.<br \/>\nGALER\u00cdA JAVIER L\u00d3PEZ, Madrid.<br \/>\nPALMADOTZE\u00a0 Villafranca del Pened\u00e9s, Espa\u00f1a.<\/p>\n<p><strong>Galer\u00edas de alemania y otros pa\u00edses del Continente Europeo<\/strong><br \/>\nARRATIA BEER, Berl\u00edn.<br \/>\nMICHAEL JANSSEN, Berl\u00edn.<br \/>\nMICHAEL FUCHS GALERIE, Berl\u00edn.<br \/>\nNEU Berl\u00edn.<br \/>\nGALERIE NORDENHAKE Estocolmo\/Berl\u00edn<br \/>\nOMR (en colaboraci\u00f3n con H\u00e4usler Contemporary, Munich M\u00e9xico DF<br \/>\nPERES PROJECTS Berl\u00edn<br \/>\nGALERIE MICHAEL STURM Stuttgart.<br \/>\nGAZELLI ART HOUSE, Londres\/Bak\u00fa.<br \/>\ni8 GALLERY, Reikiavik, Islandia.<br \/>\nELASTIC GALLERY Malm\u00f6, Suecia.<br \/>\nNILS STAERK Copenhague, Dinamarca.<br \/>\nANDERSEN&#8217;S CONTEMPORARY Copenhague, Dinamarca.<br \/>\nMAI36 Z\u00farich, Suiza.<br \/>\nJONATHAN VINER, Londres.<br \/>\nMAX WIGRAM, Londres.<br \/>\nBRAND NEW GALLERY, Mil\u00e1n.<br \/>\nCONTINUA San Gimignano, Italia.<br \/>\nCARDI, Mil\u00e1n.<br \/>\nGALLERIA LORCAN O&#8217;NEILL ROMA, Roma.<\/p>\n<p><strong>Galer\u00edas de Nueva York y otras ciudades de E.E.U.U.<\/strong><br \/>\nJOS\u00c9E BIENVENU GALLERY, Nueva York<br \/>\nBORTOLAMI, Nueva York<br \/>\nDILLON GALLERY, Nueva York<br \/>\nGLADSTONE GALLERY, Nueva York<br \/>\nFREIGHT+VOLUME, Nueva York<br \/>\nKENT FINE ART, Nueva York<br \/>\nJAMES COHAN GALLERY, Nueva York<br \/>\nMARLBOROUGH CHELSEA, Nueva York.<br \/>\nUNIX GALLERY Nueva York<br \/>\nSALON 94, Nueva York<br \/>\nSAMSON, Boston.<br \/>\nSTEVE TURNER, Los \u00c1ngeles<br \/>\nNEW IMAGE ART GALLERY, Los \u00c1ngeles.<br \/>\nART LEXING CO. Miami.<br \/>\nTASENDE La Jolla, California.<\/p>\n<h3>Consulta las otras secciones de la Zona Maco 2014<\/h3>\n<p>http:\/\/zonamaco.com\/pages\/inicio\/secciones.php<\/p>\n<h3>Actividades paralelas<\/h3>\n<p><strong>Lugar<\/strong>: Sala D del Centro Banamex<\/p>\n<p>Jueves 6 de febrero de 18:00 a 19:00 horas.<br \/>\n<strong>Presentaci\u00f3n de SITE SANTA FE<\/strong>, serie de exposiciones bienales re-imaginadas.<br \/>\nEvento presentado por Carmen Cuenca, Directora del Museo Tamayo Arte Contempor\u00e1neo.<\/p>\n<p>Viernes 7 de febrero de 17:30 a 18:30 horas.<br \/>\n<strong>Presentaci\u00f3n del libro &#8220;Sin l\u00edmites. Arte Contempor\u00e1neo en la Ciudad de M\u00e9xico 2000-2010&#8221;<\/strong> por Promotora Cultural Cubo Blanco A.C. y Editorial RM.<br \/>\nImpartida por: Daniel Montero -Curador Acad\u00e9mico, MUAC; Inbal Miller &#8211; Curadora Independiente; Edgar A. Hern\u00e1ndez &#8211; Periodista.<\/p>\n<p>S\u00e1bado 8 de febrero a las 17:00 horas.<br \/>\n<strong>Anuncio del Premio Colecci\u00f3n 1800<\/strong>. Organizado por\u00a0 TEQUILA 1800, de Casa Cuervo, y Zona MACO este evento invita a las galer\u00edas participantes a presentar el trabajo de los artistas que desean impulsar.<\/p>\n<p>Domingo 9 de febrero a las 13:00 horas.<br \/>\n<strong>Presentaci\u00f3n del libro de Gabriel de la Mora<\/strong> &#8220;Originalmentefalso&#8221; de Francisco Reyes Palma.<br \/>\n<span style=\"text-decoration: underline;\">Participantes<\/span>: Francisco Reyes Palma, el autor; Axel Stein, Vicepresidente Senior y Jefe de Departamento, Latin American Art, Sotheby\u00b4s, Nueva York;<br \/>\nMariana P\u00e9rez Amor, Directora de la Galer\u00eda de Arte Mexicano GAM, y el artista Gabriel de la Mora.<\/p>\n<p><strong><a title=\"Reserva tu hotel en la ciudad de M\u00e9xico\" href=\"http:\/\/www.travelbymexico.com\/ciudaddemexico\/hoteles\" target=\"_blank\">Reserva tu hotel en la ciudad de M\u00e9xico <\/a><\/strong><\/p>\n<p>&nbsp;<\/p>\n","protected":false},"excerpt":{"rendered":"<p>Organizada por Cultura y Arte Contempor\u00e1neo Zeta S.A. de C.V., Zona Maco re\u00fane a coleccionistas, expositores y galeristas de varias<\/p>\n","protected":false},"author":2,"featured_media":15693,"comment_status":"closed","ping_status":"closed","sticky":false,"template":"","format":"standard","meta":[],"categories":[9],"tags":[7139,7137,7140,267,318,2481,398,602,7138,6722,7141,7136,1307],"_links":{"self":[{"href":"https:\/\/www.travelbymexico.com\/blog\/wp-json\/wp\/v2\/posts\/15692"}],"collection":[{"href":"https:\/\/www.travelbymexico.com\/blog\/wp-json\/wp\/v2\/posts"}],"about":[{"href":"https:\/\/www.travelbymexico.com\/blog\/wp-json\/wp\/v2\/types\/post"}],"author":[{"embeddable":true,"href":"https:\/\/www.travelbymexico.com\/blog\/wp-json\/wp\/v2\/users\/2"}],"replies":[{"embeddable":true,"href":"https:\/\/www.travelbymexico.com\/blog\/wp-json\/wp\/v2\/comments?post=15692"}],"version-history":[{"count":4,"href":"https:\/\/www.travelbymexico.com\/blog\/wp-json\/wp\/v2\/posts\/15692\/revisions"}],"predecessor-version":[{"id":15698,"href":"https:\/\/www.travelbymexico.com\/blog\/wp-json\/wp\/v2\/posts\/15692\/revisions\/15698"}],"wp:featuredmedia":[{"embeddable":true,"href":"https:\/\/www.travelbymexico.com\/blog\/wp-json\/wp\/v2\/media\/15693"}],"wp:attachment":[{"href":"https:\/\/www.travelbymexico.com\/blog\/wp-json\/wp\/v2\/media?parent=15692"}],"wp:term":[{"taxonomy":"category","embeddable":true,"href":"https:\/\/www.travelbymexico.com\/blog\/wp-json\/wp\/v2\/categories?post=15692"},{"taxonomy":"post_tag","embeddable":true,"href":"https:\/\/www.travelbymexico.com\/blog\/wp-json\/wp\/v2\/tags?post=15692"}],"curies":[{"name":"wp","href":"https:\/\/api.w.org\/{rel}","templated":true}]}}