{"id":15658,"date":"2014-01-27T20:19:57","date_gmt":"2014-01-28T02:19:57","guid":{"rendered":"http:\/\/www.travelbymexico.com\/blog\/?p=15658"},"modified":"2014-01-27T20:23:04","modified_gmt":"2014-01-28T02:23:04","slug":"programa-de-eventos-del-carnaval-de-merida-2014","status":"publish","type":"post","link":"https:\/\/www.travelbymexico.com\/blog\/15658-programa-de-eventos-del-carnaval-de-merida-2014\/","title":{"rendered":"Programa de eventos del Carnaval de M\u00e9rida 2014"},"content":{"rendered":"<h2>La pr\u00f3xima edici\u00f3n del Carnaval de <a title=\"Reserva tu hotel en la ciudad de M\u00e9rida, Yucat\u00e1n, M\u00e9xico\" href=\"http:\/\/www.travelbymexico.com\/merida\/hoteles\" target=\"_blank\">M\u00e9rida<\/a> 2014 se llevar\u00e1 a cabo del 26 de febrero al 5 de marzo del 2014 en las instalaciones de la Feria Yucat\u00e1n Xmatkuil.<\/h2>\n<h3>Artistas invitados<\/h3>\n<p>S\u00e1bado 1 de marzo de 2014 a las 19:00 horas.<br \/>\n<strong>Iv\u00e1n S\u00e1nchez<\/strong><br \/>\nPlaza Carnaval (Recinto Ferial Xmatkuil)<\/p>\n<p>Domingo 2 de marzo de 2014 a las 13:00 horas<br \/>\n<strong>Marillany Mar\u00edn<\/strong> y <strong>Daniel Arenas<\/strong><br \/>\nPlaza Carnaval (Recinto Ferial Xmatkuil)<\/p>\n<p>Martes 4 de marzo de 2014 a las 13:00 horas.<br \/>\n<strong>Maribel Guardia \u00a0\u00a0<\/strong><br \/>\nPlaza Carnaval (Recinto Ferial Xmatkuil)<\/p>\n<h3>Los personajes del Carnaval de M\u00e9rida 2014<\/h3>\n<p>Dados a conocer el 23 de enero de 2014 durante la presentaci\u00f3n oficial de los reyes de las carnestolendas (Coronaci\u00f3n de Reyes) que se llev\u00f3 a cabo en el Forum Maya Hall, los ocho personajes que animar\u00e1n las actividades del <strong>Carnaval de M\u00e9rida 2014<\/strong> son los siguientes:<\/p>\n<p><strong>Garrik<\/strong>: Guardi\u00e1n del Reino de la diversi\u00f3n.<br \/>\n<strong>Reina Sta<\/strong>r: Representa a la Reina del Carnaval.<br \/>\n<strong>Rey Imperial<\/strong>: Representa al Rey Feo del Carnaval.<br \/>\n<strong>Valent\u00edn<\/strong>: Representa a las personas con discapacidades intelectual.<br \/>\n<strong>Bravo<\/strong>: Representa al Rey Infantil.<br \/>\n<strong>Linda<\/strong>: Representa a la Reina Infantil.<br \/>\n<strong>Don Girondo<\/strong>: Representa a los Adultos Mayores.<br \/>\n<strong>Pixie<\/strong>: Representa a los personajes con discapacidad motriz.<\/p>\n<h3>Programa de eventos del Carnaval de M\u00e9rida (Yucat\u00e1n) 2014<\/h3>\n<h3>Quema del Mal Humor<\/h3>\n<p><strong>Mi\u00e9rcoles 26 de febrero<\/strong> de 2014 a las 8:00 p.m.<br \/>\nPlaza principal de la ciudad de M\u00e9rida, Bajos del Palacio Municipal, Colonia Centro.<\/p>\n<p>Esta ceremonia, en la cual participan los reyes y sus comparsas, da inicio oficialmente a los festejos al *<strong>Rey Momo<\/strong>. Como acto simb\u00f3lico se lee el bando de condena al mal humor y se le prende fuego, despu\u00e9s de esto se presenta un espect\u00e1culo de fuegos artificiales.<\/p>\n<p><em><strong>*Rey Momo<\/strong><\/em>: Momo es descendiente directo de Caos (abismo del que todo habr\u00eda de surgir), era hijo de Hipnos (Dios del sue\u00f1o) y de Nix (Diosa de la noche); sus hermanos son Eride (la discordia), Moro (el destino), Tanato (la muerte) y Apate (el enga\u00f1o). Momo personifica la cr\u00edtica jocosa, la burla inteligente. Habitualmente se le representa vestido de arlequ\u00edn.<\/p>\n<h3>Desfile de preescolar<\/h3>\n<p><strong>Jueves 27 de febrero de 2014<\/strong>\u00a0 a las 4:00 p.m.<br \/>\nCentro Hist\u00f3rico &#8211; Santa Luc\u00eda. El desfile de ni\u00f1os de preescolar inicia las festividades carnestolendas.<\/p>\n<h3>Desfile de corso<\/h3>\n<p><strong>Viernes 28 de febrero<\/strong> de 2014 a las 7:00 p.m.<br \/>\nPlaza Carnaval (Recinto Ferial Xmatkuil)<\/p>\n<p>En este desfile se da inicio a los concursos de comparsas y la participaci\u00f3n de los carros aleg\u00f3ricos del Carnaval. Desfilan los reyes de carnavales anteriores y los grupos de las escuelas primarias. El desfile, que re\u00fane artistas de fama nacional e internacional, est\u00e1 seguido de un baile integrado por m\u00e1s de 20 conjuntos de la m\u00e1s alta calidad que tocan en las tarimas instaladas en distintos puntos a lo largo del derrotero.<\/p>\n<h3>Desfile de fantas\u00eda<\/h3>\n<p><strong>S\u00e1bado 1 de marzo de 2014<\/strong> a las 7:00 p.m.<br \/>\nPlaza Carnaval (Recinto Ferial Xmatkuil)<\/p>\n<p>Este evento presenta de nuevo a las comparsas y los carros aleg\u00f3ricos, esta fiesta contin\u00faa hasta el amanecer con la m\u00fasica de los artistas nacionales y extranjeros que participan en esta gran entusiasmo.<\/p>\n<h3>Desfile de bachata<\/h3>\n<p><strong>Domingo 2 de marzo de 2014<\/strong> a las 1:00 p.m. Plaza Carnaval (Recinto Ferial Xmatkuil)<\/p>\n<p>La pachanga comienza al medio d\u00eda con el desfile de las comparsas y carros aleg\u00f3ricos, siendo amenizada con los conjuntos y los artistas que se presentan a lo largo de todo el derrotero.<\/p>\n<h3>Desfile regional<\/h3>\n<p><strong>Lunes 3 de marzo de 2014<\/strong> a las 7:00 p.m. Plaza Carnaval (Recinto Ferial Xmatkuil)<\/p>\n<p>En esta fecha regional el carnaval meridano se viste con los hermosos trajes de las mestizas, se baila jarana al comp\u00e1s de la m\u00fasica yucateca. Desfilan carros aleg\u00f3ricos y las calesas las cuales son las encargadas de llevar a las bellezas de nuestra sociedad.<\/p>\n<h3>Desfile de batalla de las flores<\/h3>\n<p><strong>Martes 4 de marzo de 2014<\/strong> a las 1:00 p.m. Plaza Carnaval (Recinto Ferial Xmatkuil)<\/p>\n<p>Se inicia el desfile presentando a las comparsas y los carros aleg\u00f3ricos, as\u00ed como a los diversos artistas que nos visitan, ambientado \u00e9ste con una batalla de flores con el p\u00fablico y terminando el evento bailando hasta morir.<\/p>\n<h3>Entierro de Juan Carnaval<\/h3>\n<p><strong>Mi\u00e9rcoles 5 de marzo de 2014<\/strong> a las 7:00 p.m. Plaza Principal,\u00a0 Bajos del Palacio Municipal.<\/p>\n<p>Con esta ceremonia se cierran oficialmente los festejos del Carnaval, la viuda llora la muerte de<strong> Juan Carnaval<\/strong> y lee el testamento chusco que le deja a los meridanos y a sus autoridades. Una de las ceremonias m\u00e1s simp\u00e1ticas y concurridas.<\/p>\n<h3>Lugar<\/h3>\n<p><strong>Feria Xmatkuil <\/strong>Hacienda Ixmatkuil por 42 y 50 s\/n,\u00a0 M\u00e9rida,\u00a0 YUC\u00a0 97100<\/p>\n<p><strong><a title=\"Reserva tu hotel en la ciudad de M\u00e9rida, Yucat\u00e1n, M\u00e9xico\" href=\"http:\/\/www.travelbymexico.com\/merida\/hoteles\" target=\"_blank\">Reserva tu hotel en la ciudad de M\u00e9rida, Yucat\u00e1n, M\u00e9xico <\/a><\/strong><\/p>\n<h3>Art\u00edculos relacionados<\/h3>\n<p><strong><a title=\"Eventos del Carnaval de Veracruz 2014\" href=\"http:\/\/www.travelbymexico.com\/blog\/15591-eventos-del-carnaval-de-veracruz-2014 \" target=\"_blank\">Eventos del Carnaval de Veracruz 2014 <\/a><\/strong><\/p>\n<p><strong><a title=\"Eventos del Carnaval de Mazatl\u00e1n 2014, Sinaloa, M\u00e9xico\" href=\"http:\/\/www.travelbymexico.com\/blog\/15597-eventos-y-conciertos-del-carnaval-de-mazatlan-2014 \" target=\"_blank\">Eventos y Conciertos del Carnaval de Mazatl\u00e1n 2014 <\/a><\/strong><\/p>\n","protected":false},"excerpt":{"rendered":"<p>La pr\u00f3xima edici\u00f3n del Carnaval de M\u00e9rida 2014 se llevar\u00e1 a cabo del 26 de febrero al 5 de marzo<\/p>\n","protected":false},"author":2,"featured_media":15659,"comment_status":"closed","ping_status":"closed","sticky":false,"template":"","format":"standard","meta":[],"categories":[36],"tags":[6980,7100,216,7109,7108,373,374,7105,7107,407,4348,7111,7102,7110,7103,7104,815,1053,7099,7101,7106,1288],"_links":{"self":[{"href":"https:\/\/www.travelbymexico.com\/blog\/wp-json\/wp\/v2\/posts\/15658"}],"collection":[{"href":"https:\/\/www.travelbymexico.com\/blog\/wp-json\/wp\/v2\/posts"}],"about":[{"href":"https:\/\/www.travelbymexico.com\/blog\/wp-json\/wp\/v2\/types\/post"}],"author":[{"embeddable":true,"href":"https:\/\/www.travelbymexico.com\/blog\/wp-json\/wp\/v2\/users\/2"}],"replies":[{"embeddable":true,"href":"https:\/\/www.travelbymexico.com\/blog\/wp-json\/wp\/v2\/comments?post=15658"}],"version-history":[{"count":3,"href":"https:\/\/www.travelbymexico.com\/blog\/wp-json\/wp\/v2\/posts\/15658\/revisions"}],"predecessor-version":[{"id":15662,"href":"https:\/\/www.travelbymexico.com\/blog\/wp-json\/wp\/v2\/posts\/15658\/revisions\/15662"}],"wp:featuredmedia":[{"embeddable":true,"href":"https:\/\/www.travelbymexico.com\/blog\/wp-json\/wp\/v2\/media\/15659"}],"wp:attachment":[{"href":"https:\/\/www.travelbymexico.com\/blog\/wp-json\/wp\/v2\/media?parent=15658"}],"wp:term":[{"taxonomy":"category","embeddable":true,"href":"https:\/\/www.travelbymexico.com\/blog\/wp-json\/wp\/v2\/categories?post=15658"},{"taxonomy":"post_tag","embeddable":true,"href":"https:\/\/www.travelbymexico.com\/blog\/wp-json\/wp\/v2\/tags?post=15658"}],"curies":[{"name":"wp","href":"https:\/\/api.w.org\/{rel}","templated":true}]}}