{"id":15633,"date":"2014-01-22T21:55:35","date_gmt":"2014-01-23T03:55:35","guid":{"rendered":"http:\/\/www.travelbymexico.com\/blog\/?p=15633"},"modified":"2014-01-22T21:56:30","modified_gmt":"2014-01-23T03:56:30","slug":"noche-de-museos-del-29-de-enero-de-2014-en-el-d-f","status":"publish","type":"post","link":"https:\/\/www.travelbymexico.com\/blog\/15633-noche-de-museos-del-29-de-enero-de-2014-en-el-d-f\/","title":{"rendered":"Noche de Museos del 29 de enero de 2014 en el D.F."},"content":{"rendered":"<h2>C\u00f3noce el programa de eventos y actividades que algunos museos de la ciudad de M\u00e9xico han preparado para ti en el marco de la Noche de Museos del mi\u00e9rcoles 29 de enero de 2014.<\/h2>\n<p>Los recintos participantes al programa &#8220;Noche de Museos&#8221; te esperar\u00e1n en un horario especial de 19:00 &#8211; 22: 00 horas. La mayor\u00eda son de entrada libre; otros manejan descuentos especiales.<\/p>\n<h3>Academia de San Carlos<\/h3>\n<p>19:00 horas &#8211; <strong>Visita guiada<\/strong> por el Lic. Dante D\u00edaz por las <strong>exposiciones<\/strong> &#8220;<em>Esos Otros<\/em>&#8221; de Benjam\u00edn Alc\u00e1ntara (Salas 1 y 2) y &#8220;<em>Fantasmagor\u00edas<\/em>&#8221; de Ricardo C\u00e1rdenas (Sala 3).<\/p>\n<p>19:45 horas &#8211; Conferencia del artista Benjam\u00edn Alc\u00e1ntara.<br \/>\n20:30 horas &#8211; Concierto del Colectivo Funketiliko.<\/p>\n<p><em>Academ\u00eda No. 22, Col. Centro.<\/em><\/p>\n<h3><a title=\"Archivo Hist\u00f3rico del Distrito Federal Carlos de Sig\u00fcenza y G\u00f3ngora\" href=\"http:\/\/www.travelbymexico.com\/blog\/11199-archivo-historico-del-distrito-federal-carlos-de-siguenza-y-gongora\" target=\"_blank\">Archivo Hist\u00f3rico del Distrito Federal &#8220;Carlos de Sig\u00fcenza y G\u00f3ngora&#8221;<\/a><\/h3>\n<p>19:00 y 20:00 hrs. <strong>Visita Guiada<\/strong> por la casa de los Condes Heras Soto y el Acervo Hist\u00f3rico. Entrada libre.<\/p>\n<p><em>Rep\u00fablica de Chile no. 8, Centro Hist\u00f3rico.\u00a0 <\/em><\/p>\n<h3>Museo del Estanquillo<\/h3>\n<p><strong>Recorridos guiados<\/strong> y <strong>talleres<\/strong> de 19:00 a 21:00 hrs.<\/p>\n<p>19:00 hrs. <strong>Marimba Uateki<\/strong> y <strong>Madame Chang<\/strong> interpretando canciones de <strong>Agust\u00edn Lara<\/strong> y otros compositores mexicanos. en la terraza del museo.<\/p>\n<p>\u00daltimos d\u00edas de la <strong>exposici\u00f3n<\/strong> &#8220;Covarrubias, im\u00e1genes de un mexicano universal. (hasta el 3 de febrero de 2014).<\/p>\n<p><em>Isabel la Cat\u00f3lica No. 26, esquina con Madero. Centro Hist\u00f3rico.<\/em><\/p>\n<h3><a title=\"Museo Frida Kahlo en Coyoac\u00e1n, M\u00e9xico\" href=\"http:\/\/www.travelbymexico.com\/blog\/9469-la-casa-azul-museo-frida-kahlo-en-coyoacan\" target=\"_blank\">Museo Frida Kahlo<\/a><\/h3>\n<p>20: 00 hrs &#8211; <strong>Obra de teatro<\/strong> sobre la vida de Frida Kahlo: <strong>Pies para que los quiero si tengo alas pa&#8217; volar<\/strong>. Costo $120 pesos.<br \/>\nEntrada General al museo $60 pesos.<\/p>\n<h3>Museo del Palacio de Bellas Artes<\/h3>\n<p>17:00 hrs <strong>Proyecci\u00f3n del documental<\/strong> sobre Louise Bourgeois: <strong>The Spider, the Mistress, and the Tangerine<\/strong> (La ara\u00f1a, la amante y la mandarina) de Marion Cajori &amp; Amei Wallach, en la sala Manuel M. Ponce.<\/p>\n<p>19:30 y 20:30 hrs Visitas guiadas Exposici\u00f3n <a title=\"Exposici\u00f3n Petite Maman de Louise Bourgeois\" href=\"http:\/\/www.travelbymexico.com\/blog\/15409-arana-monumental-recibe-a-los-visitantes-del-museo-de-bellas-artes\" target=\"_blank\">Louise Bourgeois, Petite Maman<\/a><br \/>\n<em><\/em><\/p>\n<p><em>Eje Central L\u00e1zaro C\u00e1rdenas esquina con Avenida Ju\u00e1rez, Centro Hist\u00f3rico, Ciudad de M\u00e9xico.<\/em><\/p>\n<h3><a title=\"Museo Nacional de Historia, Castillo de Chapultepec\" href=\"http:\/\/www.travelbymexico.com\/ciudaddemexico\/atractivos\/?nom=1309488451\" target=\"_blank\">Museo Nacional de Historia (Castillo de Chapultepec) <\/a><\/h3>\n<p>18:00 y 19:00 hrs. <strong>Recorrido guiado<\/strong> por los jardines, la arquitectura del monumento y el entorno.<\/p>\n<p>18:30 hrs. <strong>Pl\u00e1ticas de divulgaci\u00f3n<\/strong> en el Auditorio del museo<br \/>\n&#8220;<strong>Hacia la creaci\u00f3n del INAH: 75 Aniversario del Instituto Nacional de Antropolog\u00eda e Historia<\/strong>.<br \/>\nImpartidas por: Thal\u00eda Montes, MNH.<br \/>\nDurante estas pl\u00e1ticas se abordar\u00e1n los a\u00f1os previos a la formaci\u00f3n del INAH, algunos museos, instituciones y personajes de la talla de Andr\u00e9s Molina o Gerardo Murillo, mejor conocido como Dr. Atl, as\u00ed como las ideas que llevaron a la creaci\u00f3n de esta instituci\u00f3n el 3 de febrero de 1939.<\/p>\n<p>20:00 hrs. en el Patio de eventos<br \/>\n<strong>Conciertos para piano y orquesta de c\u00e1mara<\/strong><br \/>\nObras de J.S. Bach y D. Scarlatti.<br \/>\nIsaac Hern\u00e1ndez, pianista y director.<\/p>\n<p><em>Primera Secci\u00f3n del Bosque de Chapultepec, Polanco, Ciudad de M\u00e9xico<\/em><\/p>\n<h3><a title=\"Museo de la Mujer, ciudad de M\u00e9xico\" href=\"http:\/\/www.travelbymexico.com\/blog\/11280-el-museo-de-la-mujer-en-la-ciudad-de-mexico\" target=\"_blank\">Museo de la Mujer <\/a><\/h3>\n<p>19:00 hrs. <strong>Inauguraci\u00f3n<\/strong> de la exposici\u00f3n de Cintia Bolio: <strong>&#8220;C\u00f3mo ser due\u00f1a de tu cuerpo, sin ser criminalizada en el intento<\/strong>&#8220;.<\/p>\n<p><em>Rep\u00fablica de Bolivia no.17, Centro Hist\u00f3rico. \u00a0<\/em><\/p>\n<h3><em><\/em>Museo de la Ciudad de M\u00e9xico<\/h3>\n<p>19:00 hrs. <strong>Visita dramatizada<\/strong> y guiada por la Condesa de Santiago de Calimaya quien hablar\u00e1 acerca de la historia de la familia, la vida cotidiana y las leyendas del antiguo Palacio. &#8211; Entrada libre.<\/p>\n<p>20:00 hrs. <strong>Taller &#8220;Leyendas en sombras&#8221;<\/strong><br \/>\nLos participantes podr\u00e1n elaborar sus marionetas y recrear\u00e1n las leyendas de la ciudad de M\u00e9xico.<\/p>\n<p><em>Pino Su\u00e1rez no.30, Col. Centro. <\/em><\/p>\n<h3><em><\/em>Laboratorio Arte Alameda<\/h3>\n<p>19:00h. Visita guiada y charla con Mar\u00eda Jos\u00e9 Al\u00f3s sobre la pieza &#8220;Autorretrato apropiado&#8221;<\/p>\n<p>En la que se nos platicar\u00e1 fase por fase como se construy\u00f3 este proyecto de apropiaci\u00f3n audiovisual. Desde la visualizaci\u00f3n de los materiales, a la creaci\u00f3n y clasificaci\u00f3n de un archivo, la intervenci\u00f3n, la mezcla y la edici\u00f3n de los contenidos hasta obtener un producto final.<\/p>\n<p>20:30 hr. <strong>Inauguraci\u00f3n<\/strong> de la exposici\u00f3n &#8220;<strong>Intemporal<\/strong>&#8221; de Marina Corach<\/p>\n<p><em>Dr. Mora No.7, Centro Hist\u00f3rico, Ciudad de M\u00e9xico.<\/em><\/p>\n<h3><a title=\"Museo Nacional de San Carlos: rese\u00f1a, fotos y ubicaci\u00f3n\" href=\"http:\/\/www.travelbymexico.com\/ciudaddemexico\/atractivos\/?nom=edfesancarlos\" target=\"_blank\">Museo Nacional de San Carlos<\/a><\/h3>\n<p>Visita guiada por la exposici\u00f3n &#8220;<strong>La Divina Proporci\u00f3n<\/strong>&#8221;<br \/>\nConcierto de Guitarra con Jorge Pompa<br \/>\nDe 18:00 a 21:00 horas. <em>Puente de Alvarado No.50, Col.Tabacalera<\/em><\/p>\n<h3><a title=\"Antiguo Palacio de la Inquisici\u00f3n \u2013 Museo de Medicina\" href=\"http:\/\/www.travelbymexico.com\/blog\/1730-antiguo-palacio-de-la-inquisicion-museo-de-medicina\" target=\"_blank\">Palacio Escuela de Medicina Facultad de Medicina UNAM<\/a><\/h3>\n<p>(Antiguo Palacio de la Inquisici\u00f3n)<\/p>\n<p>Noche de Museos y de Geograf\u00edas<br \/>\n19:00 hrs. <strong>Recorrido Nocturno<\/strong> &#8220;Geograf\u00edas de un Palacio&#8221;.<br \/>\n20:00 hrs. <strong>Inauguraci\u00f3n<\/strong> de la <strong>exposici\u00f3n<\/strong> &#8220;Geograf\u00edas Ocultas&#8221; de Mariana Gruener.<br \/>\n<em>Brasil No.33, esquina Venezuela, Centro Hist\u00f3rico.<\/em> Entrada libre.<\/p>\n<h3>Museo Mural Diego Rivera<\/h3>\n<p>19:00 horas. <strong>El Kato Club<\/strong> en concierto. Disfruta de este original proyecto que rescata m\u00fasica para marimba.<br \/>\n<em>Av. Baleras y Col\u00f3n s\/n Centro Hist\u00f3rico.<\/em><\/p>\n<h3>CCU Tlatelolco<\/h3>\n<p>18:00 horas. Entrada libre.<br \/>\n&#8220;Memoria y verdad&#8221; &#8211; Muestra de cine para el di\u00e1logo participativo.<br \/>\n<strong>Presentaci\u00f3n de documentales<\/strong>:<br \/>\n&#8220;El paciente interno&#8221;, de Alejandro Solar.<br \/>\n&#8220;Daniel Reyes para presidente&#8221;, de Daniel Reyes.<\/p>\n<p><em>Ricardo Flores Mag\u00f3n No. 1, Col. Nonoalco, Tlatelolco.<\/em><\/p>\n<h3>Descarga nuestra Gu\u00eda completa de los Museos de la Ciudad de M\u00e9xico para Ipad<\/h3>\n<p>Descarga la nueva <strong>App<\/strong> para IPad de <strong>Travel by M\u00e9xico S.A. de C.V.<br \/>\n<\/strong><\/p>\n<p>Al descargar nuestra app tendr\u00e1s toda la informaci\u00f3n que necesitas sobre los destinos tur\u00edsticos m\u00e1s importantes de la Rep\u00fablica Mexicana, mediante gu\u00edas tur\u00edsticas (con m\u00e1s de 100 p\u00e1ginas de informaci\u00f3n) y suplementos gratuitos especiales a lo largo de todo el a\u00f1o.<strong> <a title=\"Gu\u00eda de Museos de la ciudad de M\u00e9xico en la App para IPad de Travel By M\u00e9xico\" href=\"https:\/\/itunes.apple.com\/us\/app\/travel-by-mexico\/id723184895?l=es&amp;ls=1&amp;mt=8\" target=\"_blank\">https:\/\/itunes.apple.com\/us\/app\/travel-by-mexico\/id723184895?l=es&amp;ls=1&amp;mt=8<\/a><\/strong><\/p>\n","protected":false},"excerpt":{"rendered":"<p>C\u00f3noce el programa de eventos y actividades que algunos museos de la ciudad de M\u00e9xico han preparado para ti en<\/p>\n","protected":false},"author":2,"featured_media":15634,"comment_status":"closed","ping_status":"closed","sticky":false,"template":"","format":"standard","meta":[],"categories":[9,912],"tags":[5061,6104,363,7059,2317,509,656,4800,6784,7058,7057,7061,4533,4127,9805,2446,918,6785,1053,7060,1157,6594],"_links":{"self":[{"href":"https:\/\/www.travelbymexico.com\/blog\/wp-json\/wp\/v2\/posts\/15633"}],"collection":[{"href":"https:\/\/www.travelbymexico.com\/blog\/wp-json\/wp\/v2\/posts"}],"about":[{"href":"https:\/\/www.travelbymexico.com\/blog\/wp-json\/wp\/v2\/types\/post"}],"author":[{"embeddable":true,"href":"https:\/\/www.travelbymexico.com\/blog\/wp-json\/wp\/v2\/users\/2"}],"replies":[{"embeddable":true,"href":"https:\/\/www.travelbymexico.com\/blog\/wp-json\/wp\/v2\/comments?post=15633"}],"version-history":[{"count":3,"href":"https:\/\/www.travelbymexico.com\/blog\/wp-json\/wp\/v2\/posts\/15633\/revisions"}],"predecessor-version":[{"id":15637,"href":"https:\/\/www.travelbymexico.com\/blog\/wp-json\/wp\/v2\/posts\/15633\/revisions\/15637"}],"wp:featuredmedia":[{"embeddable":true,"href":"https:\/\/www.travelbymexico.com\/blog\/wp-json\/wp\/v2\/media\/15634"}],"wp:attachment":[{"href":"https:\/\/www.travelbymexico.com\/blog\/wp-json\/wp\/v2\/media?parent=15633"}],"wp:term":[{"taxonomy":"category","embeddable":true,"href":"https:\/\/www.travelbymexico.com\/blog\/wp-json\/wp\/v2\/categories?post=15633"},{"taxonomy":"post_tag","embeddable":true,"href":"https:\/\/www.travelbymexico.com\/blog\/wp-json\/wp\/v2\/tags?post=15633"}],"curies":[{"name":"wp","href":"https:\/\/api.w.org\/{rel}","templated":true}]}}