{"id":15572,"date":"2014-01-09T21:10:04","date_gmt":"2014-01-10T03:10:04","guid":{"rendered":"http:\/\/www.travelbymexico.com\/blog\/?p=15572"},"modified":"2014-01-10T01:33:53","modified_gmt":"2014-01-10T07:33:53","slug":"el-mexicano-isaac-hernandez-nombrado-primer-bailarin-del-ballet-nacional-de-holanda","status":"publish","type":"post","link":"https:\/\/www.travelbymexico.com\/blog\/15572-el-mexicano-isaac-hernandez-nombrado-primer-bailarin-del-ballet-nacional-de-holanda\/","title":{"rendered":"El mexicano Isaac Hern\u00e1ndez nombrado Primer Bailar\u00edn del Ballet Nacional de Holanda"},"content":{"rendered":"<h2>\u00a1El bailar\u00edn de ballet cl\u00e1sico Isaac Hern\u00e1ndez sigue poniendo el nombre de M\u00e9xico en alto por el mundo! El Instituto Nacional de Bellas Artes (INBA) felicit\u00f3 hoy al mexicano Isaac Hern\u00e1ndez por su nombramiento como Primer bailar\u00edn del Ballet Nacional de Holanda.<\/h2>\n<p>Considerado el mejor bailar\u00edn de ballet del mundo de su edad, el bailar\u00edn mexicano de ballet cl\u00e1sico <strong>Isaac Hern\u00e1ndez<\/strong> hace historia del otro lado del Atl\u00e1ntico al ser nombrado Primer Bailar\u00edn del &#8220;<strong>Het Nationale Ballet<\/strong>&#8221; Ballet Nacional de Holanda (HET), una de las mejores compa\u00f1\u00edas europeas en esta disciplina.<\/p>\n<p><em>Oriundo de <a title=\"Gu\u00eda Tur\u00edstica de Guadalajara: informaci\u00f3n, hoteles, mapas, fotos, atractivos tur\u00edsticos, clima, etc.\" href=\"http:\/\/www.travelbymexico.com\/guadalajara\" target=\"_blank\">Guadalajara<\/a>, <\/em>cuando ten\u00eda 12 a\u00f1os<em> Isaac Hern\u00e1ndez fue<strong> el mexicano m\u00e1s joven en recibir el &#8220;Premio Nacional de la Juventud&#8221;<\/strong>, y obtuvo tres Gran Prix (premios a la excelencia): uno Nacional y dos Internacionales.<\/em><\/p>\n<p>A los 16 a\u00f1os, <strong>fue el primer mexicano<\/strong> en lograr la <strong>Medalla de Oro<\/strong> en la <em>USA International Ballet Competition de Jackson Mississipi<\/em>, y el premio a la excelencia t\u00e9cnica de la <em>Sociedad del Ballet Kirov de Rusia<\/em>.<\/p>\n<p>A la edad de 18 a\u00f1os, debut\u00f3 como bailar\u00edn solista en el &#8220;San Francisco Ballet&#8221;, el Ballet m\u00e1s antiguo de Estados Unidos.<\/p>\n<p>El 20 de agosto de 2012, dos d\u00edas despu\u00e9s de presentarse en la <strong><a title=\"http:\/\/www.travelbymexico.com\/blog\/12348-gala-despertares-en-el-auditorio-nacional\" href=\"http:\/\/www.travelbymexico.com\/blog\/12348-gala-despertares-en-el-auditorio-nacional\/ \" target=\"_blank\">Gala Despertares<\/a><\/strong> en el Auditorio Nacional de M\u00e9xico, Isaac Hern\u00e1ndez integr\u00f3 el HET como primer solista.<\/p>\n<p><strong>El 29 de diciembre de 2013 Ted Brandsen, Director del HET, otorg\u00f3 varios ascensos<\/strong>:<\/p>\n<p>&#8211; Isaac Hern\u00e1ndez ascendi\u00f3 a Primer Solista<\/p>\n<p>&#8211; Los <em>coryph\u00e9es<\/em> Young Guy Choi y Qian Liu fueron promovidos a <em>segundo solista<\/em>, y Mar\u00eda Chugai y Joanna Mednick a <em>grand sujet<\/em>).<\/p>\n<p>Ver la noticia original del ascenso de Isaac Hern\u00e1ndez como primer bailar\u00edn en el sitio oficial del Het Nationale Ballet <a title=\"Sitio oficial del HET (en holand\u00e9s) nota del Ascenso a Primer Bailarin de Isaac Hern\u00e1ndez\" href=\"http:\/\/www.het-ballet.nl\/nieuws\/nieuws\/2014\/01\/02\/promoties\" target=\"_blank\">http:\/\/www.het-ballet.nl\/nieuws\/nieuws\/2014\/01\/02\/promoties<\/a><\/p>\n<p>&nbsp;<\/p>\n","protected":false},"excerpt":{"rendered":"<p>\u00a1El bailar\u00edn de ballet cl\u00e1sico Isaac Hern\u00e1ndez sigue poniendo el nombre de M\u00e9xico en alto por el mundo! El Instituto<\/p>\n","protected":false},"author":2,"featured_media":15573,"comment_status":"closed","ping_status":"closed","sticky":false,"template":"","format":"standard","meta":[],"categories":[912],"tags":[114,3188,4946,6968,4607,400,6967,6963,6964,2160,3182,3319,6965,6966,3185],"_links":{"self":[{"href":"https:\/\/www.travelbymexico.com\/blog\/wp-json\/wp\/v2\/posts\/15572"}],"collection":[{"href":"https:\/\/www.travelbymexico.com\/blog\/wp-json\/wp\/v2\/posts"}],"about":[{"href":"https:\/\/www.travelbymexico.com\/blog\/wp-json\/wp\/v2\/types\/post"}],"author":[{"embeddable":true,"href":"https:\/\/www.travelbymexico.com\/blog\/wp-json\/wp\/v2\/users\/2"}],"replies":[{"embeddable":true,"href":"https:\/\/www.travelbymexico.com\/blog\/wp-json\/wp\/v2\/comments?post=15572"}],"version-history":[{"count":4,"href":"https:\/\/www.travelbymexico.com\/blog\/wp-json\/wp\/v2\/posts\/15572\/revisions"}],"predecessor-version":[{"id":15577,"href":"https:\/\/www.travelbymexico.com\/blog\/wp-json\/wp\/v2\/posts\/15572\/revisions\/15577"}],"wp:featuredmedia":[{"embeddable":true,"href":"https:\/\/www.travelbymexico.com\/blog\/wp-json\/wp\/v2\/media\/15573"}],"wp:attachment":[{"href":"https:\/\/www.travelbymexico.com\/blog\/wp-json\/wp\/v2\/media?parent=15572"}],"wp:term":[{"taxonomy":"category","embeddable":true,"href":"https:\/\/www.travelbymexico.com\/blog\/wp-json\/wp\/v2\/categories?post=15572"},{"taxonomy":"post_tag","embeddable":true,"href":"https:\/\/www.travelbymexico.com\/blog\/wp-json\/wp\/v2\/tags?post=15572"}],"curies":[{"name":"wp","href":"https:\/\/api.w.org\/{rel}","templated":true}]}}