{"id":15435,"date":"2013-12-15T13:10:29","date_gmt":"2013-12-15T19:10:29","guid":{"rendered":"http:\/\/www.travelbymexico.com\/blog\/?p=15435"},"modified":"2013-12-16T03:48:28","modified_gmt":"2013-12-16T09:48:28","slug":"inauguran-mayas-revelacion-de-un-tiempo-sin-fin-en-el-palacio-nacional","status":"publish","type":"post","link":"https:\/\/www.travelbymexico.com\/blog\/15435-inauguran-mayas-revelacion-de-un-tiempo-sin-fin-en-el-palacio-nacional\/","title":{"rendered":"Inauguran &#8220;Mayas Revelaci\u00f3n de un tiempo sin fin&#8221; en el Palacio Nacional"},"content":{"rendered":"<h2>Inaugurada el pasado viernes 13 de diciembre en la Galer\u00eda del Palacio Nacional de la ciudad de M\u00e9xico\u00a0 por el Presidente de la Rep\u00fablica Mexicana Enrique Pe\u00f1a Nieto, la exposici\u00f3n temporal &#8220;Mayas, revelaci\u00f3n de un tiempo sin fin&#8221; exhibe cerca de 500 piezas de extraodinaria belleza varias de ellas in\u00e9ditas, y estar\u00e1 disponible hasta el mes de abril de 2014. La entrada es libre.<\/h2>\n<p>Organizada por el <strong>Instituto Nacional de Antropolog\u00eda e Historia<\/strong> (INAH), en colaboraci\u00f3n con el <strong>Consejo Nacional para la Cultura y las Artes <\/strong>(CONACULTA) y <strong>Palacio Nacional<\/strong>, la muestra &#8220;<strong><em>Mayas, revelaci\u00f3n de un tiempo sin fin<\/em><\/strong>&#8221; re\u00fane 479 obras, varias de ellas in\u00e9ditas, pertenecientes a las colecciones del <a title=\"Museo Nacional de Antropologia de M\u00e9xico\" href=\"http:\/\/www.travelbymexico.com\/ciudaddemexico\/atractivos\/?nom=kdfemusantrop\" target=\"_blank\">Museo Nacional de Antropolog\u00eda<\/a> y de museos de la regi\u00f3n maya de M\u00e9xico\u00a0 as\u00ed como de los museos Nacional de Arqueolog\u00eda y Etnolog\u00eda, Popol Vuh y Miraflores, de Guatemala.<\/p>\n<p>Esta exposi\u00f3n temporal est\u00e1 integrada por objetos esenciales en la vida cotidiana, social, pol\u00edtica, religiosa, art\u00edstica de los Mayas, entre ellas calendarios en piedra y estuco, figurillas, urnas, incensarios, cer\u00e1mica, estelas, dinteles, tambores, huipiles, m\u00e1scaras funerarias de jade, entierros con sus ofrendas, y otros objetos que aluden a las \u00e9pocas colonial y contempor\u00e1nea como un <strong>cuadro<\/strong> de la pintora <strong>Leonora Carrington<\/strong>.<\/p>\n<p>La calidad excepcional de las piezas exhibidas, que abarcan desde el periodo Precl\u00e1sico Temprano o Formativo (2500 a.C.) hasta la actualidad y proceden de antiguas ciudades mayas como Xcancabil, Balamk\u00fa e Isla de Jaina, en Campeche; o Chincultik y <a title=\"Zona Arqueol\u00f3gica de Palenque, Chiapas, M\u00e9xico\" href=\"http:\/\/www.travelbymexico.com\/blog\/5239-zona-arqueologica-de-palenque\/\" target=\"_blank\">Palenque<\/a>, en Chiapas, refleja en todo su esplendor la capacidad creadora, la sensibilidad est\u00e9tica y la perfecci\u00f3n lograda por los <strong>mayas<\/strong>, extraordinaria <strong>civilizaci\u00f3n<\/strong> que <strong>floreci\u00f3<\/strong> en el <strong>sureste de M\u00e9xico<\/strong>, particularmente en los estados de Campeche, Chiapas, Quintana Roo, Tabasco y Yucat\u00e1n, y que adem\u00e1s se extendi\u00f3 hacia Centroam\u00e9rica.<\/p>\n<h3>La muestra est\u00e1 dividida en varios n\u00facleos<\/h3>\n<p><em><strong>Secci\u00f3n introductora<\/strong><\/em>: en la que se exhibe el impresionante &#8220;Tablero del Trono del Templo XXI de Palenque&#8221;.<\/p>\n<p><em><strong>El hombre frente a la naturaleza<\/strong><\/em><\/p>\n<p><em><strong>Comunidad y vida cotidiana<\/strong><\/em><\/p>\n<p><em><strong>El coraz\u00f3n de las ciudades<\/strong><\/em><\/p>\n<p><em><strong>El hombre frente al tiempo y los astros <\/strong><\/em><\/p>\n<p><em><strong>Las elites gobernantes y su historiograf\u00eda<\/strong><\/em><\/p>\n<p><em><strong>Las fuerzas sagradas<\/strong><\/em><\/p>\n<p><strong><em>Mayas coloniales y contempor\u00e1neos<\/em><\/strong><\/p>\n<h3>A la ceremonia de inauguraci\u00f3n de la exposici\u00f3n acudieron<\/h3>\n<p>La exposici\u00f3n temporal <em>&#8220;Mayas, revelaci\u00f3n de un tiempo sin fin&#8221;<\/em> fue inaugurada el viernes 13 de diciembre de 2013 en la Galer\u00eda del Palacio Nacional de la ciudad de m\u00e9xico por el el presidente de la naci\u00f3n, <strong>Enrique Pe\u00f1a Nieto<\/strong>, la directora del INAH, <strong>Teresa Franco<\/strong>; Jos\u00e9 Enrique Ortiz Lanz, coordinador nacional de Museos y Exposiciones, <strong>Mercedes de la Garza<\/strong>, curadora de la muestra; <strong>Claudia Ruiz Massieu<\/strong>, secretaria de Turismo; <strong>Luis Videgaray Caso<\/strong>, titular de la Secretar\u00eda de Hacienda y Cr\u00e9dito P\u00fablico; Emilio Chuayffet Chemor, secretario de Educaci\u00f3n P\u00fablica; <strong>Elisabeth Breton Del\u00e8gue<\/strong>, embajadora de Francia en M\u00e9xico; los gobernadores de Campeche; <strong>Fernando Ortega Bern\u00e9s<\/strong>; de Chiapas, <strong>Manuel Velasco Coello<\/strong>; de Quintana Roo, <strong>Roberto Borge Angulo<\/strong>, y de Yucat\u00e1n, <strong>Rolando Rodrigo Zapata Bello<\/strong>, as\u00ed como <strong>Rafael Tovar y de Teresa<\/strong>, presidente del Consejo Nacional para la Cultura y las Artes (CONACULTA)<\/p>\n<h3>Horarios<\/h3>\n<p><strong>Galer\u00eda del Palacio Nacional<\/strong>.<em> Plaza de la Constituci\u00f3n S\/N, Centro, Cuauht\u00e9moc, 06066 Ciudad de M\u00e9xico, Distrito Federal<\/em><\/p>\n<p>La muestra estar\u00e1 disponible del <strong>14 de diciembre de 2013 hasta el mes de abril de 2014<\/strong>, de martes a domingo de 10:00 a 17:00 horas. <strong>Entrada libre<\/strong>.<\/p>\n<p><strong>Entrada libre.<\/strong><\/p>\n<h3>Art\u00edculos relacionados<\/h3>\n<p><strong><a title=\"Paisajes Mayas, hilos de luz, en el Palacio Cant\u00f3n\" href=\"http:\/\/www.travelbymexico.com\/blog\/15088-paisajes-mayas-hilos-de-luz-en-el-palacio-canton\" target=\"_blank\">Paisajes Mayas, hilos de luz, en el Palacio Cant\u00f3n <\/a><\/strong><\/p>\n<p><strong><a title=\"http:\/\/www.travelbymexico.com\/blog\/10474-los-mayas-y-las-concepciones-del-tiempo-exposicion-y-mesa-redonda\" href=\"http:\/\/www.travelbymexico.com\/blog\/10474-los-mayas-y-las-concepciones-del-tiempo-exposicion-y-mesa-redonda\" target=\"_blank\">Los Mayas y las concepciones del tiempo: Exposici\u00f3n y Mesa Redonda<\/a> <\/strong><\/p>\n<p><strong><a title=\"Zonas Arqueol\u00f3gicas Mayas del INAH en el estado de Yucat\u00e1n\" href=\"http:\/\/www.travelbymexico.com\/blog\/15327-zonas-arqueologicas-mayas-del-inah-en-el-estado-de-yucatan\" target=\"_blank\">Zonas Arqueol\u00f3gicas Mayas del INAH en el estado de Yucat\u00e1n<\/a> <\/strong><\/p>\n<p><strong><a title=\"La Macro Ruta Maya: donde la leyenda cobra vida \" href=\"http:\/\/www.travelbymexico.com\/blog\/11419-la-macro-ruta-maya-donde-la-leyenda-cobra-vida\" target=\"_blank\">La Macro Ruta Maya: donde la leyenda cobra vida <\/a><\/strong><\/p>\n<p><strong><a title=\"Principios b\u00e1sicos de conteo del Calendario Maya \" href=\"http:\/\/www.travelbymexico.com\/blog\/12274-principios-basicos-de-conteo-del-calendario-maya \" target=\"_blank\">Principios b\u00e1sicos de conteo del Calendario Maya <\/a><\/strong><\/p>\n<p>&nbsp;<\/p>\n","protected":false},"excerpt":{"rendered":"<p>Inaugurada el pasado viernes 13 de diciembre en la Galer\u00eda del Palacio Nacional de la ciudad de M\u00e9xico\u00a0 por el<\/p>\n","protected":false},"author":2,"featured_media":15436,"comment_status":"closed","ping_status":"closed","sticky":false,"template":"","format":"standard","meta":[],"categories":[4,9],"tags":[6831,6833,318,6670,6836,4354,3357,5938,509,6829,2566,656,6832,1531,767,3654,6835,6834,936,1147,6330,3786,6830],"_links":{"self":[{"href":"https:\/\/www.travelbymexico.com\/blog\/wp-json\/wp\/v2\/posts\/15435"}],"collection":[{"href":"https:\/\/www.travelbymexico.com\/blog\/wp-json\/wp\/v2\/posts"}],"about":[{"href":"https:\/\/www.travelbymexico.com\/blog\/wp-json\/wp\/v2\/types\/post"}],"author":[{"embeddable":true,"href":"https:\/\/www.travelbymexico.com\/blog\/wp-json\/wp\/v2\/users\/2"}],"replies":[{"embeddable":true,"href":"https:\/\/www.travelbymexico.com\/blog\/wp-json\/wp\/v2\/comments?post=15435"}],"version-history":[{"count":1,"href":"https:\/\/www.travelbymexico.com\/blog\/wp-json\/wp\/v2\/posts\/15435\/revisions"}],"predecessor-version":[{"id":15437,"href":"https:\/\/www.travelbymexico.com\/blog\/wp-json\/wp\/v2\/posts\/15435\/revisions\/15437"}],"wp:featuredmedia":[{"embeddable":true,"href":"https:\/\/www.travelbymexico.com\/blog\/wp-json\/wp\/v2\/media\/15436"}],"wp:attachment":[{"href":"https:\/\/www.travelbymexico.com\/blog\/wp-json\/wp\/v2\/media?parent=15435"}],"wp:term":[{"taxonomy":"category","embeddable":true,"href":"https:\/\/www.travelbymexico.com\/blog\/wp-json\/wp\/v2\/categories?post=15435"},{"taxonomy":"post_tag","embeddable":true,"href":"https:\/\/www.travelbymexico.com\/blog\/wp-json\/wp\/v2\/tags?post=15435"}],"curies":[{"name":"wp","href":"https:\/\/api.w.org\/{rel}","templated":true}]}}