{"id":15400,"date":"2013-12-10T18:27:18","date_gmt":"2013-12-11T00:27:18","guid":{"rendered":"http:\/\/www.travelbymexico.com\/blog\/?p=15400"},"modified":"2013-12-10T18:28:13","modified_gmt":"2013-12-11T00:28:13","slug":"ecofest-madre-tierra-2013-del-14-al-16-de-diciembre-en-cuernavaca","status":"publish","type":"post","link":"https:\/\/www.travelbymexico.com\/blog\/15400-ecofest-madre-tierra-2013-del-14-al-16-de-diciembre-en-cuernavaca\/","title":{"rendered":"Ecofest Madre Tierra 2013, del 14 al 16 de diciembre en Cuernavaca"},"content":{"rendered":"<h2>\u00a1Ven al Ecofest Madre Tierra 2013 a disfrutar de m\u00fasica, danza, teatro, cine ambiental, medicina alternativa; participa en talleres de reciclaje y sustentabilidad, asiste a conferencias impartidas por el novelista <span style=\"text-decoration: underline;\">Antonio Velasco Pi\u00f1a<\/span> autor de &#8220;Tlacaelel&#8221; y &#8220;La mujer dormida debe dar a luz&#8221;, entre otras obras; el historiador, activista y escritor, Coyote Alberto Ruz Buenfil fundador de la comunidad &#8220;Huehuelcoyotl&#8221;, la maestra Evelyn Bethsana especialista en sustentabilidad, y el Dr. Arnoldo Matus experto en cambio clim\u00e1tico doctorado de la Universidad de Oxford, y haz tus <span style=\"text-decoration: underline;\">compras navide\u00f1as<\/span> de productos amigables con el ambiente!<\/h2>\n<p><em>&#8220;Salvaguardar el medio ambiente, es un principio rector de todo nuestro trabajo en el apoyo del desarrollo sostenible; es un componente esencial en la erradicaci\u00f3n de la pobreza y uno de los cimientos de la paz&#8221;. Kofi Annan.<\/em><\/p>\n<p>En esta primera edici\u00f3n del <strong>Ecofest Madre Tierra 2013<\/strong> encontrar\u00e1s un mercado alternativo de comercio verde y artesanal, as\u00ed como deliciosas y sanas opciones de alimentaci\u00f3n, terapeutas, sanadores, pintores, agrupaciones musicales, teatrales, presentaciones de danza, talleres de reciclaje y sustentabilidad, cine ambiental, e importantes conferencias con especialistas en temas sustentables, ambientales y sociales.<\/p>\n<h3>Programa de eventos del Ecofest Madre Tierra 2013<\/h3>\n<p>Avalado por la <em>Secretar\u00eda de Desarrollo Sustentable<\/em>, el\u00a0<strong>Ecofest Madre Tierra 2013<\/strong> es un evento familiar que se llevar\u00e1 a cabo en el <strong>Centro Cultural El Amate<\/strong>, del <strong>Parque Ecol\u00f3gico Chapultepec<\/strong> de la ciudad de Cuernavaca, Morelos.<\/p>\n<p><span style=\"text-decoration: underline;\"><strong>Los d\u00edas 14 y 15 de diciembre de 2013, de 9:00 de la ma\u00f1ana a 18:00 horas.<\/strong><\/span><\/p>\n<h3>S\u00e1bado 14 de diciembre de 2013<\/h3>\n<p>9:15-10:00 h. Deporte: Yogaser | Yogaser | Maestra Lyzzy.<br \/>\n9:30-11:00 h. Taller: Valores de la sustentabilidad | Maestra Marcela Cuevas.<br \/>\n10:00-10:35 h. M\u00fasica: Ittai Mazor &#8211; WAW.<br \/>\n10:40-11:20 h. <strong>Conferencia<\/strong>: <strong>El ser sustentable<\/strong> | Maestra Evelyne Bethsana.<br \/>\n11:30-12:00 h. M\u00fasica: Tepozcelta\/Cloe Varagnolo.<\/p>\n<p>11:50-12:10 h. <span style=\"text-decoration: underline;\"><strong>Inauguraci\u00f3n Oficial<\/strong><\/span>.<br \/>\n12:10-13:00 h. M\u00fasica: <strong>Coro de los ni\u00f1os cantores de Morelos<\/strong>.<br \/>\n13:00-14:10 h. Cine: FICMA Caudal-60 min. Dir. Mark Decena.<\/p>\n<p>13:00-14:00 h. <strong>Conferencia<\/strong>: <strong>Cambio clim\u00e1tico. \u00bfQu\u00e9 es y c\u00f3mo puedo actuar para yo para frenarlo?<\/strong> | Doctor Arnoldo Matus.<br \/>\n14:15-14:55 h. M\u00fasica: Los Papalos.<br \/>\n15:00-16:00 h. Cine: 13 pueblos en defensa del aire, el agua y la tierra &#8211; 63 min. Dir. Francesco Taboada.<br \/>\n16:30-17:10 h. M\u00fasica: Monodram.<br \/>\n17:15-18:10 h. M\u00fasica: Cosmonauta.<\/p>\n<h3>Domingo 15 de diciembre de 2013<\/h3>\n<p>9:15-10:00 h. Deporte: Actividad F\u00edsica.<br \/>\n10:00-10:45 h. Deporte:\u00a0 Yogaser | Maestra Lyzzy.<br \/>\n9:15-10:45 h. Cine: Despertar a la Tierra &#8211; 89 min. Dir. Ra\u00fal Alv\u00e1rez.<br \/>\n9:30-11:30 h. Taller: Viviendo tu sue\u00f1o Pachamama Alliance.<br \/>\n10:50-11:15 h. M\u00fasica: Manega Azul Ensamble Infantil. Maestro Dario Abdala.<br \/>\n11:30-11:50 h. Danza: Danza Azteca Fernando Robinson.<br \/>\n11:30-12:30 h. <strong>Taller<\/strong>:<strong> Reciclaje y sustentabilidad<\/strong>. Verde que te quiero verde A.C.<br \/>\n12:00-12:50 h. M\u00fasica: Quinteto de metales Rafael M\u00e9ndez.<\/p>\n<p>13:00-14:10 h. <strong>Cine FICMA<\/strong><br \/>\nResiduos-26 min. \/ Segunda mano-8 min. \/ El \u00e1rbol y la flor-5 min. \/ Sequ\u00eda-5 min.<\/p>\n<p>13:20-14:05 h. <strong>Conferencia<\/strong>:<strong> Eco aldeas<\/strong> |<strong> Coyote Alberto Ruz<\/strong>.<br \/>\n14:15-14:50 h. M\u00fasica: Los amos del recreo.<br \/>\n14:50-15:15 h. Danza: Danza Arabe Ayshel.<br \/>\n15:15-15:50 h. M\u00fasica: Neoplen, m\u00fasica contra el miedo.<\/p>\n<p>16:00-16:50 h. <span style=\"text-decoration: underline;\"><strong>Conferencia Magna de Antonio Velasco Pi\u00f1a<\/strong><\/span>.<\/p>\n<p>17:10-17:45 h. M\u00fasica: Ginga no Gueto.<br \/>\n17:45-18:00 h.<span style=\"text-decoration: underline;\"><strong> Clausura oficial del Ecofest Madre Tierra 2013<\/strong><\/span>.<\/p>\n<p><strong><a title=\"Reserva tu hotel en la ciudad de Cuernavaca, Morelos, M\u00e9xico\" href=\"http:\/\/www.travelbymexico.com\/cuernavaca\/hoteles\" target=\"_blank\">Reserva tu hotel en la ciudad de Cuernavaca. <\/a><\/strong><\/p>\n<p>&nbsp;<\/p>\n","protected":false},"excerpt":{"rendered":"<p>\u00a1Ven al Ecofest Madre Tierra 2013 a disfrutar de m\u00fasica, danza, teatro, cine ambiental, medicina alternativa; participa en talleres de<\/p>\n","protected":false},"author":2,"featured_media":15401,"comment_status":"closed","ping_status":"closed","sticky":false,"template":"","format":"standard","meta":[],"categories":[37],"tags":[2577,103,3141,6762,390,6770,6759,6771,6765,474,537,6767,6760,6768,6758,1050,6766,1053,6764,6769,6761,6763],"_links":{"self":[{"href":"https:\/\/www.travelbymexico.com\/blog\/wp-json\/wp\/v2\/posts\/15400"}],"collection":[{"href":"https:\/\/www.travelbymexico.com\/blog\/wp-json\/wp\/v2\/posts"}],"about":[{"href":"https:\/\/www.travelbymexico.com\/blog\/wp-json\/wp\/v2\/types\/post"}],"author":[{"embeddable":true,"href":"https:\/\/www.travelbymexico.com\/blog\/wp-json\/wp\/v2\/users\/2"}],"replies":[{"embeddable":true,"href":"https:\/\/www.travelbymexico.com\/blog\/wp-json\/wp\/v2\/comments?post=15400"}],"version-history":[{"count":2,"href":"https:\/\/www.travelbymexico.com\/blog\/wp-json\/wp\/v2\/posts\/15400\/revisions"}],"predecessor-version":[{"id":15403,"href":"https:\/\/www.travelbymexico.com\/blog\/wp-json\/wp\/v2\/posts\/15400\/revisions\/15403"}],"wp:featuredmedia":[{"embeddable":true,"href":"https:\/\/www.travelbymexico.com\/blog\/wp-json\/wp\/v2\/media\/15401"}],"wp:attachment":[{"href":"https:\/\/www.travelbymexico.com\/blog\/wp-json\/wp\/v2\/media?parent=15400"}],"wp:term":[{"taxonomy":"category","embeddable":true,"href":"https:\/\/www.travelbymexico.com\/blog\/wp-json\/wp\/v2\/categories?post=15400"},{"taxonomy":"post_tag","embeddable":true,"href":"https:\/\/www.travelbymexico.com\/blog\/wp-json\/wp\/v2\/tags?post=15400"}],"curies":[{"name":"wp","href":"https:\/\/api.w.org\/{rel}","templated":true}]}}