{"id":15396,"date":"2013-12-09T19:34:51","date_gmt":"2013-12-10T01:34:51","guid":{"rendered":"http:\/\/www.travelbymexico.com\/blog\/?p=15396"},"modified":"2013-12-09T19:34:51","modified_gmt":"2013-12-10T01:34:51","slug":"festival-internacional-del-centro-historico-de-campeche-2013","status":"publish","type":"post","link":"https:\/\/www.travelbymexico.com\/blog\/15396-festival-internacional-del-centro-historico-de-campeche-2013\/","title":{"rendered":"Festival Internacional del Centro Hist\u00f3rico de Campeche 2013"},"content":{"rendered":"<h2>Desde su creaci\u00f3n en 1996, el Festival Internacional del Centro Hist\u00f3rico (FICH) de San Francisco de Campeche se ha consolidado como un referente de escena cultural y arti\u0301stica regional, y un punto de encuentro y conocimiento para valorar y acrecentar el patrimonio, la identidad y la diversidad cultural de Campeche.<\/h2>\n<p><strong>Exposiciones<\/strong>, <strong>conciertos<\/strong> de jazz, rock, pop, o\u0301pera y mu\u0301sica cla\u0301sica, mu\u0301sica electro\u0301nica, ge\u0301neros alternativos, y mu\u0301sica distintiva del folclor como la marimba, la jarana y la trova campechana; <strong>presentaciones de libros<\/strong>, eventos de <strong>teatro<\/strong> y <strong>danza<\/strong>, as\u00ed como un especta\u0301culo de <strong>Video Mapping <\/strong>sobre la fachada del<strong> Ex Templo de San Jos\u00e9<\/strong>, forman parte de los eventos y actividades del FICH 2013 por llevarse a cabo <span style=\"text-decoration: underline;\"><strong>del lunes 9 al s\u00e1bado 21 de diciembre de 2013<\/strong><\/span> en el <a title=\"Centro Hist\u00f3rico de Campeche: un lugar palpitante, lleno de historia y leyendas\" href=\"http:\/\/www.travelbymexico.com\/blog\/11264-centro-historico-de-campeche-un-lugar-palpitante-lleno-de-historia-y-leyendas\" target=\"_blank\">Centro Hist\u00f3rico de la ciudad de Campeche<\/a>, as\u00ed como en los once municipios del estado de Campeche.<\/p>\n<h3>Programa de eventos del FICH 2013<\/h3>\n<p><strong>Eventos Preliminares<\/strong><\/p>\n<p><strong>Del 2 al 12 de diciembre<\/strong><br \/>\nExposicio\u0301n de grabado &#8220;Interpretacio\u0301n a Posada en su 100 aniversario&#8221; del Taller de Grabado que imparte el Mtro. Manuel de la Cruz en el Centro de Formacio\u0301n y Produccio\u0301n de Artes Visuales &#8220;La Arrocera&#8221;. Biblioteca Campeche.<\/p>\n<p><strong>Del 5 al 9 de diciembre<\/strong><br \/>\nExposicio\u0301n &#8220;Faros, luz y color&#8221; de Carlos Heredia Fuentes Galeri\u0301a de arte Domingo Pe\u0301rez Pin\u0303a.<\/p>\n<p><strong>Del 6 al 19 de diciembre<\/strong><br \/>\nExposicio\u0301n &#8220;Un punto diferente del arte. Punto de cruz&#8221; Celebracio\u0301n del 1er Aniversario de la &#8220;Casa San Pablo&#8221;- Mercado del Arte.<br \/>\nCasa San Pablo-Mercado del Arte<\/p>\n<h3>Lunes 9 de diciembre de 2013<\/h3>\n<p>18:00 h &#8211; Cuentos e historias naviden\u0303as desde &#8220;La Pampanera&#8221;. Parque Principal.<br \/>\n19:00 h &#8211; Presentacio\u0301n del grupo &#8220;Liming&#8221;. Foro de las Artes.<br \/>\n20:00 h &#8211; Presentacio\u0301n del grupo &#8220;Roll Circus&#8221;. Foro de las Artes.<br \/>\n21:00 h &#8211; Presentacio\u0301n de &#8220;Pano\u0301ptica Orchestra&#8221;. Foro de las Artes.<\/p>\n<h3>Martes 10 de diciembre de 2013<\/h3>\n<p>10:30 h &#8211; Programa de Artes Visuales Apertura de la <strong>exposicio\u0301n<\/strong> \u201cLa ruta de la fe\u201d Calle 10 (desde la calle 55 hasta el Parque de Guadalupe) <strong>Hasta el 10 de enero de 2014<\/strong><\/p>\n<p>19:00 h Presentacio\u0301n del libro \u201cSan Francisco de Campeche: entre Baluartes, Piratas y Leyendas\u201d de Jose\u0301 Manuel Alcocer Berne\u0301s Ex Templo de San Jos\u00e9.<br \/>\n19:00 h &#8211; Presentacio\u0301n del grupo Tuulu\u0301- Foro de las Artes.<br \/>\n20:00 h &#8211; Pastorela campechana del Gran Ballet Folclo\u0301rico de Campeche. A un costado de la Iglesia de San Roma\u0301n.<br \/>\n20:00 h &#8211; Presentacio\u0301n del grupo &#8220;Maya Ganja&#8221;. Foro de las Artes.<\/p>\n<p><strong>Del 10 de diciembre de 2013 al 13 de enero de 2014<\/strong><\/p>\n<p>20:30 h &#8211; Exposicio\u0301n de la Escuela Mexicana de Pintura (SHCP) Galeri\u0301a de arte Domingo Pe\u0301rez Pin\u0303a<br \/>\n21:00 h &#8211; Presentacio\u0301n de <strong>Dj Mijango<\/strong>s. Foro de las Artes.<br \/>\n21:00 h &#8211; Especta\u0301culo de <strong>Video Mapping<\/strong> sobre la fachada del <strong>Ex Templo de San Jos\u00e9.<\/strong><\/p>\n<h3>Mi\u00e9rcoles 11 de diciembre de 2013<\/h3>\n<p>19:00 h &#8211; Presentacio\u0301n del grupo \u201cChokoh Jazz\u201d. Foro de las Artes.<br \/>\n20:00 h &#8211; <strong>Pastorela<\/strong> campechana del <strong>Gran Ballet Folclo\u0301rico de Campeche<\/strong>. A un costado de la Iglesia de San Roma\u0301n.<br \/>\n20:00 h &#8211; Presentacio\u0301n de <strong>He\u0301ctor Infanzo\u0301n Cuarteto<\/strong>. Foro de las Artes.<br \/>\n20:00 h &#8211; Especta\u0301culo &#8220;l veneno que fascina&#8221;, de Margie Bermejo y Dmitri Dudin al piano. Casa de la Cultura de <span style=\"text-decoration: underline;\"><em>Ciudad del Carmen<\/em><\/span>.<br \/>\n20:30 h &#8211; Programa de Artes Visuales Exposicio\u0301n Muestra itinerante de escultura y exposicio\u0301n de Mario Marti\u0301n del Campo de la SHCP. Galeri\u0301a del Centro Cultural \u201cEl Claustro\u201d.<br \/>\n20:30 h &#8211; Presentacio\u0301n de la antologi\u0301a \u201cLa maestra Cojita\u201d, de la Asociacio\u0301n \u201cJuntos por Campeche A.C\u201d. Centro Cultural Casa 6.<br \/>\n20:30 h &#8211; Programa de Artes Esce\u0301nicas El taller experimental de teatro presenta \u201cJuegos de absurdos\u201d. Direccio\u0301n: Juan Arce Saavedra. Sala teatro del Centro Cultural \u201cEl Claustro\u201d.<br \/>\n21:00 h &#8211; Especta\u0301culo de <strong>Video Mapping<\/strong>. Ex Templo de San Jos\u00e9.<br \/>\n21:00 h &#8211; Presentacio\u0301n de Chacho Gayta\u0301n &amp; Manzana Jazz Band.\u00a0 Foro de las Artes.<\/p>\n<h3>Jueves 12 de diciembre de 2013<\/h3>\n<p>19:00 h &#8211; <strong>Festival Internacional de Mu\u0301sica de Calle<\/strong>: Leonid Kondakov (Rusia). Maleco\u0301n de <em><span style=\"text-decoration: underline;\">Ciudad del Carmen<\/span><\/em>.<br \/>\n19:00 h &#8211; Presentacio\u0301n de La Charanga del Gobierno del Estado. Foro de las Artes.<br \/>\n20:00 h &#8211; <strong>Pastorela<\/strong> campechana del <strong>Gran Ballet Folclo\u0301rico de Campeche<\/strong>. A un costado de la Iglesia de San Roma\u0301n.<br \/>\n20:00 h &#8211; Presentacio\u0301n de \u201cLos Folkloristas\u201d. Foro de las Artes.<br \/>\n20:00 h &#8211; Inauguracio\u0301n de la <strong>Instalacio\u0301n Esculto\u0301rica<\/strong> \u201cLa ciudad que no se ha contado\u201d del artista Miguel A\u0301ngel Madrigal Pilo\u0301n. Museo Victoriano Nie\u0301vez de<em><span style=\"text-decoration: underline;\"> Ciudad del Carmen<\/span><\/em>.<br \/>\n20:30 h &#8211; Programa de Artes Esce\u0301nicas \/ Jueves Teatral Presentacio\u0301n de la obra \u201cTengamos el sexo en paz\u201d Direccio\u0301n: Juan Arce Saavedra. Sala teatro del Centro Cultural \u201cEl Claustro\u201d.<br \/>\n21:00 h &#8211; Presentacio\u0301n de <strong>Susana Harp<\/strong> acompan\u0303ada de la <strong>Banda de Mu\u0301sica de Campeche<\/strong>. Foro de las Artes.<br \/>\n21:00 h &#8211; Especta\u0301culo de <strong>Video Mapping<\/strong>. Fachada del Ex Templo de San Jos\u00e9.<\/p>\n<h3>Viernes 13 de diciembre de 2013<\/h3>\n<p>18:00 h &#8211; Cuentos e historias naviden\u0303as desde \u201cLa Pampanera\u201d. Parque Principal.<br \/>\n18:00 h &#8211; Programa de <strong>Fomento Arti\u0301stico Mu\u0301sica<\/strong> en todas partes presenta: <strong>Noche de Danzo\u0301n<\/strong> y concurso de baile con la \u201cDanzonera Carey\u201d. Calle 59. (1er Lugar: $1,500.00, 2do Lugar: $1,000.00, 3er Lugar: $500.00 pesos.)<br \/>\n19:00 h &#8211;<strong> Festival Internacional de Mu\u0301sica de Calle<\/strong>: Paolo Sgallini (Italia) Plaza Principal de <em><span style=\"text-decoration: underline;\">Calkini<\/span><\/em>.<br \/>\n19:00 h &#8211; Programa de Artes Esce\u0301nicas Presentacio\u0301n de la <strong>obra de teatro<\/strong> \u201cEn el borde\u201d, de la Compan\u0303i\u0301a Independiente D-FORE Direccio\u0301n: Roberto Estrada. Cancha de usos mu\u0301ltiples \u201cFernando Gonza\u0301lez Ya\u0301n\u0303ez\u201d, <em><span style=\"text-decoration: underline;\">Xpujil<\/span><\/em>.<br \/>\n19:30 h &#8211; <strong>Premiacio\u0301n del Concurso Video Documental<\/strong> \u201cRicardo Encalada Arga\u0301ez\u201d Organizado por TRC, Secretari\u0301a de Cultura, Secretari\u0301a de Turismo y Comunicacio\u0301n social del Gobierno del Estado. Auditorio Herna\u0301n Loria Pe\u0301rez.<br \/>\n20:00 h &#8211; <strong>Pastorela<\/strong> campechana del <strong>Gran Ballet Folclo\u0301rico de Campeche<\/strong>. A un costado de la Iglesia de Santa Luci\u0301a.<br \/>\n20:00 h &#8211; <strong>Especta\u0301culo<\/strong> \u201cAmor Pirata\u201d con la <strong>Orquesta Sinfo\u0301nica de Campeche<\/strong> y la <strong>Escuela de Danza<\/strong> \u201cAna Rosa Ca\u0301ceres de Baqueiro\u201d. Foro de las Artes.<br \/>\n20:00 h &#8211; Presentacio\u0301n del Ensamble Mar y Tierra (proyecto beneficiario del PECDA). Teatro Virgilio Barrera.<br \/>\n20:00 h &#8211; Presentacio\u0301n del grupo \u201cQuattro\u201d. Plaza 7 de agosto de<em><span style=\"text-decoration: underline;\"> Ciudad del Carmen.<\/span><\/em><br \/>\n20:00 h &#8211; Presentacio\u0301n del grupo \u201cTambuco\u201d. Plaza Principal <em><span style=\"text-decoration: underline;\">Esca\u0301rcega<\/span><\/em>, Campeche.<br \/>\n20:00 h Presentacio\u0301n del grupo \u201cMetro\u0301polis\u201d. Plaza Principal <em><span style=\"text-decoration: underline;\">Hecelchaka\u0301n<\/span><\/em>, Campeche.<br \/>\n20:30 h &#8211; Presentacio\u0301n del <strong>libro<\/strong> \u201c<strong>Justo Sierra siempre joven<\/strong>\u201d Editado por la Secretari\u0301a de Cultura de Campeche y la UNAM. Centro Cultural \u201cCasa 6\u201d.<br \/>\n20:30 h -Exposicio\u0301n de Resultados del <strong>Concurso de Pintura<\/strong> del II Premio Estatal de Artes Visuales para jo\u0301venes \u201cEnrique Herrera Mari\u0301n\u201d. Galeri\u0301a \u201cManuel de la Cruz\u201d de la Biblioteca Campeche.<br \/>\n20:30 h -Programa de Artes Esce\u0301nicas Taller experimental de teatro presenta \u201cJuegos de absurdos\u201d Direccio\u0301n: Juan Arce Saavedra.Sala teatro del Centro Cultural \u201cEl Claustro\u201d.<br \/>\n21:00 h &#8211; <strong>Video Mapping<\/strong> sobre la fachada del Ex Templo de San Jos\u00e9.<\/p>\n<h3>S\u00e1bado 14 de diciembre de 2013<\/h3>\n<p>10:00 h &#8211;<strong>II Torneo de Ajedrez<\/strong> \u201cLa Cha\u0301cara\u201d. Biblioteca Pu\u0301blica Central \u201cLic. Francisco Sosa Escalante\u201d.<br \/>\n11:00 h -Programa de Artes Esce\u0301nicas Presentacio\u0301n de la obra \u201cLos suen\u0303os de Paco\u201d de la Compan\u0303i\u0301a de teatro Juvenil \u201cCuarta Pared\u201d Direccio\u0301n: Paola Bautista Che. Sala teatro del Centro Cultural \u201cEl Claustro\u201d.<br \/>\n17:00 h &#8211; Clausura de la Segunda Temporada del \u201c<strong>Pasaporte del Arte Infantil<\/strong> \u201c Payaso Crispi\u0301n. Foro de las Artes.<br \/>\n18:00 h &#8211; <strong>Cuenta Cuentos<\/strong> con Apolonio Mondrago\u0301n \u201cLa leyenda de la X\u2019tabay y el Cadejo\u201d. Foro de las Artes.<br \/>\n19:00 h -Arco y Lira Cla\u0301sica presenta el especta\u0301culo \u201c<strong>Una Tarde Ma\u0301gica con Tchaikovsky y el Cascanueces<\/strong>\u201d. Foro de las Artes.<br \/>\n19:00 h -Presentacio\u0301n del libro \u201cA Hopelche\u0301n\u201d de Rube\u0301n Soli\u0301s Lara.Centro Cultural de Hopelche\u0301n. <em><span style=\"text-decoration: underline;\">Hopelche\u0301n<\/span><\/em>, Campeche.<br \/>\n19:00 h &#8211; <strong>Festival Internacional de Mu\u0301sica de Calle<\/strong>: Daniel Domenico Zur Nieden \u201cSleepwalker\u2019s Station\u201d (Alemania). Parque Principal.<br \/>\n19:00 h &#8211; Presentacio\u0301n del grupo \u201cRai\u0301ces Antillanas\u201d Concha Acu\u0301stica de Palizada. Palizada, Campeche.<br \/>\n20:00 h &#8211; <strong>Homenaje a Carmen de la Fuente<\/strong>, poeta, ensayista y maestra. Participan: Pilar Acevedo, Maricela Cohuo\u0301, Alberto Falco\u0301n, Lulu\u0301 A\u0301vila Reyes, Bri\u0301gido A. Redondo Domi\u0301nguez y Pedro Moreno. Ex Templo de San Jos\u00e9.<br \/>\n20:00 h &#8211;<strong>Pastorela<\/strong> campechana del<strong> Gran Ballet Folclo\u0301rico de Campeche<\/strong>. A un costado de la Iglesia de Santa Ana.<br \/>\n20:00 h &#8211; <strong>Concierto del Grupo Quattro<\/strong>. Teatro Virgilio Barrera de Champoto\u0301n.<\/p>\n<p><em>20:00 h &#8211; <strong>Gala de o\u0301pera<\/strong>, cancio\u0301n napolitana y cancio\u0301n mexicana: \u201cMe\u0301xico, lindo y querido\u201d <strong>Alan Pingarro\u0301n<\/strong> y <strong>Sergio Va\u0301zquez<\/strong>. Teatro Juan de <\/em>la Cabada<em>, Campeche.<\/em><\/p>\n<p>20:00 h Presentacio\u0301n del <strong>Mariachi Real de Campeche Plaza<\/strong> Principal de Calkini\u0301 Calkini\u0301, Campeche.<br \/>\n20:00 h Presentacio\u0301n de la <strong>marimba<\/strong> \u201cEl Pregonero\u201d Plaza Principal de Hopelche\u0301n <em><span style=\"text-decoration: underline;\">Hopelche\u0301n<\/span><\/em>, Campeche.<\/p>\n<p>20:00 h &#8211; Exposicio\u0301n de Pintura de Mario Marti\u0301n del Campo. Museo Victoriano Nie\u0301vez de Ciudad del Carmen Carmen, Campeche.<\/p>\n<p>20:00 h &#8211; Presentacio\u0301n del grupo \u201cEl poder norten\u0303o ma\u0301s campechano\u201d Plaza Ci\u0301vica Cuauhte\u0301moc de Candelaria Candelaria, Campeche.<\/p>\n<p><strong>Continuar leyendo Programa del 14 al 21 de diciembre de 2013: Descarga el Programa de Eventos del FICH 2013\u00a0 http:\/\/www.culturacampeche.com\/fich_2013\/<\/strong><\/p>\n<h3>Enlaces<\/h3>\n<p><strong><a title=\"Centro Hist\u00f3rico de Campeche: un lugar palpitante, lleno de historia y leyendas\" href=\" http:\/\/www.travelbymexico.com\/blog\/11264-centro-historico-de-campeche-un-lugar-palpitante-lleno-de-historia-y-leyendas\" target=\"_blank\">Centro Hist\u00f3rico de Campeche: un lugar palpitante, lleno de historia y leyendas <\/a><\/strong><\/p>\n<p><strong><a title=\"Reserva tu hotel en la ciudad de Campeche, M\u00e9xico\" href=\"http:\/\/www.travelbymexico.com\/campeche\/hoteles\" target=\"_blank\">Reserva tu hotel en la ciudad de Campeche<\/a><\/strong><\/p>\n","protected":false},"excerpt":{"rendered":"<p>Desde su creaci\u00f3n en 1996, el Festival Internacional del Centro Hist\u00f3rico (FICH) de San Francisco de Campeche se ha consolidado<\/p>\n","protected":false},"author":2,"featured_media":15397,"comment_status":"closed","ping_status":"closed","sticky":false,"template":"","format":"standard","meta":[],"categories":[37],"tags":[4515,6755,2142,281,312,6748,360,6752,6754,4611,4829,6749,6742,6744,6740,6741,6743,6746,6750,4016,6739,6737,6751,6757,918,6747,6745,4492,1053,6756,1587,6753,6738,4393],"_links":{"self":[{"href":"https:\/\/www.travelbymexico.com\/blog\/wp-json\/wp\/v2\/posts\/15396"}],"collection":[{"href":"https:\/\/www.travelbymexico.com\/blog\/wp-json\/wp\/v2\/posts"}],"about":[{"href":"https:\/\/www.travelbymexico.com\/blog\/wp-json\/wp\/v2\/types\/post"}],"author":[{"embeddable":true,"href":"https:\/\/www.travelbymexico.com\/blog\/wp-json\/wp\/v2\/users\/2"}],"replies":[{"embeddable":true,"href":"https:\/\/www.travelbymexico.com\/blog\/wp-json\/wp\/v2\/comments?post=15396"}],"version-history":[{"count":1,"href":"https:\/\/www.travelbymexico.com\/blog\/wp-json\/wp\/v2\/posts\/15396\/revisions"}],"predecessor-version":[{"id":15398,"href":"https:\/\/www.travelbymexico.com\/blog\/wp-json\/wp\/v2\/posts\/15396\/revisions\/15398"}],"wp:featuredmedia":[{"embeddable":true,"href":"https:\/\/www.travelbymexico.com\/blog\/wp-json\/wp\/v2\/media\/15397"}],"wp:attachment":[{"href":"https:\/\/www.travelbymexico.com\/blog\/wp-json\/wp\/v2\/media?parent=15396"}],"wp:term":[{"taxonomy":"category","embeddable":true,"href":"https:\/\/www.travelbymexico.com\/blog\/wp-json\/wp\/v2\/categories?post=15396"},{"taxonomy":"post_tag","embeddable":true,"href":"https:\/\/www.travelbymexico.com\/blog\/wp-json\/wp\/v2\/tags?post=15396"}],"curies":[{"name":"wp","href":"https:\/\/api.w.org\/{rel}","templated":true}]}}