{"id":15387,"date":"2013-12-05T10:31:46","date_gmt":"2013-12-05T16:31:46","guid":{"rendered":"http:\/\/www.travelbymexico.com\/blog\/?p=15387"},"modified":"2013-12-10T01:45:29","modified_gmt":"2013-12-10T07:45:29","slug":"festival-de-la-cuetlaxochitl-2013-ensuenos-y-realidades-en-taxco","status":"publish","type":"post","link":"https:\/\/www.travelbymexico.com\/blog\/15387-festival-de-la-cuetlaxochitl-2013-ensuenos-y-realidades-en-taxco\/","title":{"rendered":"Festival de la Cuetlax\u00f3chitl 2013 &#8216;Ensue\u00f1os y Realidades&#8217; en Taxco"},"content":{"rendered":"<h2>Como el a\u00f1o anterior, en el piso de la Plaza Borda de la ciudad de Taxco se colocar\u00e1n m\u00e1s de cinco mil flores de Cuetlax\u00f3chitl para para crear \u00a1la Flor de Navidad m\u00e1s grande del Mundo!<\/h2>\n<p>Organizado por la Sociedad Mexicana de la Cuetlaxochitl (Flor de Nochebuena) A.C., el <strong>5\u00ba. Festival de la Cuetlax\u00f3chitl &#8220;Ensue\u00f1os y Realidades&#8221;<\/strong> se llevar\u00e1 a cabo del <strong>6 al 20 de diciembre de 2013<\/strong> en la ciudad de <a title=\"Reserva tu hotel en la ciudad de Taxco de Alarc\u00f3n, Estado de Guerrero\" href=\"http:\/\/www.travelbymexico.com\/taxco\/hoteles\" target=\"_blank\"><strong>Taxco de Alarc\u00f3n<\/strong><\/a>, Gro. culminando el \u00faltimo d\u00eda con la puesta en el Z\u00f3calo de Taxco de \u00a1la Flor de Nochebuena m\u00e1s grande del mundo!<\/p>\n<p>Eventos culturales, gastron\u00f3micos y religiosos te esperan en la ciudad de Taxco del 6 al 20 de diciembre para celebrar a la Cuetlaxochitl o &#8216;flor de nochebuena&#8221; cuyo significado en n\u00e1huatl es &#8216;flor que se marchita&#8217; ya que para los aztecas su color rojo simbolizaba la sangre de los sacrificios que ofrendaban al sol para renovar sus fuerzas.<\/p>\n<h3>Programa General 5to. Festival de la Cuetlaxochitl &#8220;Ensue\u00f1os y Realidades&#8221;<\/h3>\n<h3>Viernes 6 de diciembre de 2013<\/h3>\n<p>de 10:00 a 14:00 h. en el Centro Cultural &#8220;Casa Borda&#8221;<br \/>\n<strong>Inauguraci\u00f3n.<\/strong><br \/>\n&#8211; Inicio del 5to. Simposio sobre la &#8220;Cuetlaxochitl&#8221;-Presentaci\u00f3n Gr\u00e1fica.<br \/>\n&#8211; La Cuetlaxochitl m\u00e1s Grande del Mundo\u201d<br \/>\n5ta. Exposici\u00f3n de fotograf\u00eda.<\/p>\n<p>15:00 h. &#8211; Museo de Arte Virreinal de Taxco<br \/>\n<strong>Muestra Gastron\u00f3mica<\/strong><\/p>\n<p>19:00 h. &#8211; Museo de Arte Virreinal de Taxco<br \/>\n<strong>Inauguraci\u00f3n: 2da. Muestra de Pintura<\/strong><\/p>\n<h3>S\u00e1bado 7 de diciembre de 2013<\/h3>\n<p>12:00 h. &#8211; Z\u00f3calo de Taxco<br \/>\n<strong>Concurso Art\u00edstico de Balcones adornados con Cuetlaxochitl<\/strong><\/p>\n<p>18:00 h. &#8211; Parroquia de &#8220;Santa Prisca y San Sebasti\u00e1n&#8221;<br \/>\n<strong>Inauguraci\u00f3n 5ta. Exposici\u00f3n Dise\u00f1o floral &#8220;Ensue\u00f1os y Realidades&#8221;<\/strong><br \/>\nClub Xanath de Jardiner\u00eda y Dise\u00f1o floral, Federaci\u00f3n Mexicana de Jardiner\u00eda y Dise\u00f1o Floral, A.C.<\/p>\n<p>18:00 h. &#8211; Atrio Parroquia de &#8220;Santa Prisca y San Sebasti\u00e1n&#8221;<br \/>\n<strong>Inauguraci\u00f3n Exposici\u00f3n &#8220;Alfombra Floral Cuetlaxochitl&#8221;<\/strong><br \/>\nEscuela Nacional de Artes Pl\u00e1sticas<\/p>\n<p>18:00 a 19:00 h. <strong>Procesi\u00f3n y Ofrenda: &#8220;Virgen de los Dolores&#8221;<\/strong><br \/>\nDel Ex convento de San Bernardino de Siena a la Parroquia de &#8220;Santa Prisca y San Sebasti\u00e1n\u201d por parte de la Comunidad de Tehuilotepec.<\/p>\n<p>19:00 h. Parroquia de &#8220;Santa Prisca y San Sebasti\u00e1n&#8221;<br \/>\n<strong>Misa Solemne<\/strong> por Monse\u00f1or Alejo Zavala Castro Obispo de la Di\u00f3cesis Chilpancingo-Chilapa.<\/p>\n<h3>Domingo 8 Diciembre de 2013<\/h3>\n<p>12:00 h. &#8211; Museo de Arte Virreinal de Taxco<br \/>\n<strong>Entrega de reconocimientos.<\/strong><\/p>\n<h3>Viernes 20 de Diciembre de 2013<\/h3>\n<p>En la Plaza Borda<br \/>\n<strong>Puesta en el Z\u00f3calo de Taxco de la &#8220;Cuetlaxochitl Monumental&#8221;, \u00a1la flor de nochebuena m\u00e1s grande del mundo y es Taxque\u00f1a!<\/strong><\/p>\n<h3>Participantes del 5\u00ba. Festival de la Cuetlax\u00f3chitl<strong> <\/strong><\/h3>\n<p>Gobierno del Estado de Guerrero; Secretaria de Fomento Tur\u00edstico de Guerrero; H. Ayuntamiento Municipal de Taxco de Alarc\u00f3n; Instituto Guerrerense de la Cultura; Taxco \u201cPueblo M\u00e1gico\u201d; Direcci\u00f3n Municipal de Cultura de Taxco; Casa de la Cultura \u201cJos\u00e9 Guadalupe Posada\u201d, UAG.; Consejo Ciudadano para la Cultura y las Artes de Taxco; \u201cSociedad Amigos de la Parroquia de Santa Prisca\u201d, AC; \u201cFederaci\u00f3n Mexicana de Jardiner\u00eda y Arreglo Floral\u201d, AC; Escuela Nacional de Artes Pl\u00e1sticas UNAM; \u201cClub Xanath de Jardiner\u00eda y Dise\u00f1o Floral\u201d; Red Nochebuena SNICS; SINAREFI; Museo de Arte Virreinal de Taxco.<\/p>\n<h3>Art\u00edculos relacionados<\/h3>\n<p><a title=\"Programa de eventos Feria Nacional de la Plata 2013 en Taxco \" href=\"http:\/\/www.travelbymexico.com\/blog\/15354-programa-de-eventos-feria-nacional-de-la-plata-2013-en-taxco\" target=\"_blank\">Programa de eventos Feria Nacional de la Plata 2013 en Taxco <\/a><\/p>\n","protected":false},"excerpt":{"rendered":"<p>Como el a\u00f1o anterior, en el piso de la Plaza Borda de la ciudad de Taxco se colocar\u00e1n m\u00e1s de<\/p>\n","protected":false},"author":2,"featured_media":15388,"comment_status":"closed","ping_status":"closed","sticky":false,"template":"","format":"standard","meta":[],"categories":[37],"tags":[118,4633,6727,2848,485,6728,2611,6729,6725,2120,1053,6730,6731,4173],"_links":{"self":[{"href":"https:\/\/www.travelbymexico.com\/blog\/wp-json\/wp\/v2\/posts\/15387"}],"collection":[{"href":"https:\/\/www.travelbymexico.com\/blog\/wp-json\/wp\/v2\/posts"}],"about":[{"href":"https:\/\/www.travelbymexico.com\/blog\/wp-json\/wp\/v2\/types\/post"}],"author":[{"embeddable":true,"href":"https:\/\/www.travelbymexico.com\/blog\/wp-json\/wp\/v2\/users\/2"}],"replies":[{"embeddable":true,"href":"https:\/\/www.travelbymexico.com\/blog\/wp-json\/wp\/v2\/comments?post=15387"}],"version-history":[{"count":4,"href":"https:\/\/www.travelbymexico.com\/blog\/wp-json\/wp\/v2\/posts\/15387\/revisions"}],"predecessor-version":[{"id":15399,"href":"https:\/\/www.travelbymexico.com\/blog\/wp-json\/wp\/v2\/posts\/15387\/revisions\/15399"}],"wp:featuredmedia":[{"embeddable":true,"href":"https:\/\/www.travelbymexico.com\/blog\/wp-json\/wp\/v2\/media\/15388"}],"wp:attachment":[{"href":"https:\/\/www.travelbymexico.com\/blog\/wp-json\/wp\/v2\/media?parent=15387"}],"wp:term":[{"taxonomy":"category","embeddable":true,"href":"https:\/\/www.travelbymexico.com\/blog\/wp-json\/wp\/v2\/categories?post=15387"},{"taxonomy":"post_tag","embeddable":true,"href":"https:\/\/www.travelbymexico.com\/blog\/wp-json\/wp\/v2\/tags?post=15387"}],"curies":[{"name":"wp","href":"https:\/\/api.w.org\/{rel}","templated":true}]}}