{"id":15384,"date":"2013-12-06T22:41:03","date_gmt":"2013-12-07T04:41:03","guid":{"rendered":"http:\/\/www.travelbymexico.com\/blog\/?p=15384"},"modified":"2013-12-06T22:41:03","modified_gmt":"2013-12-07T04:41:03","slug":"llego-la-magia-de-la-navidad-2013-en-el-zocalo-de-mexico","status":"publish","type":"post","link":"https:\/\/www.travelbymexico.com\/blog\/15384-llego-la-magia-de-la-navidad-2013-en-el-zocalo-de-mexico\/","title":{"rendered":"Lleg\u00f3 la Magia de la Navidad 2013 en el Z\u00f3calo de M\u00e9xico"},"content":{"rendered":"<h2>Hoy, viernes 6 de diciembre de 2013, lleg\u00f3 la Magia de la Navidad 2013 al Z\u00f3calo de la ciudad de M\u00e9xico y con ella la pr\u00f3xima instalaci\u00f3n de su tradicional pista de hielo que para esta ocasi\u00f3n ser\u00e1 la m\u00e1s grande de Am\u00e9rica Latina.<\/h2>\n<p>Hoy, alrededor de las 19:00 horas, fueron encendidos el tradicional \u00e1rbol navide\u00f1o de 40 metros de alto y los adornos decembrinos en el Z\u00f3calo de la <a title=\"Ciudad de M\u00e9xico: hoteles, atractivos tur\u00edsticos, v\u00eddeos, fotos, mapas, clima, etc.\" href=\"http:\/\/www.travelbymexico.com\/ciudaddemexico\" target=\"_blank\">ciudad de M\u00e9xico<\/a>.<\/p>\n<p>El Gobierno del Distrito Federal engalan\u00f3 las fachadas del <strong>Antiguo Palacio del Ayuntamiento<\/strong> y de los <strong>hoteles<\/strong> de\u00a0 la <strong>Plaza de la Constituci\u00f3n<\/strong> con ocho conjuntos decorativos con velas, flores de nochebuena, estrellas, listones, aves, ni\u00f1os cantores y las leyendas &#8220;Feliz Navidad&#8221; y &#8220;Pr\u00f3spero A\u00f1o 2014&#8221;.<\/p>\n<h3>\u00a1La pista de hielo del D.F. ser\u00e1 la m\u00e1s grande de Latinoam\u00e9rica!<\/h3>\n<p>Programada para ser inaugurada la pr\u00f3xima semana la pista de hielo del Z\u00f3calo Capitalino medir\u00e1 un<strong> poco m\u00e1s de 4,400 m2<\/strong>, es decir el doble de la que se instal\u00f3 el a\u00f1o pasado, y ser\u00e1 la <strong>m\u00e1s grande de Latinoam\u00e9rica<\/strong>.<\/p>\n<p><span style=\"text-decoration: underline;\"><strong>La pista de hielo del Z\u00f3calo Capitalino estar\u00e1 dividida en tres secciones:<\/strong><\/span> una pista central para el p\u00fablico en general que ser\u00e1 enmarcada por una pista destinada a las personas con discapacidad y otra para los ni\u00f1os.<\/p>\n<p>Si no sabes patinar esto no ser\u00e1 un inconveniente ya que la pista, rodeada de \u00e1rboles navide\u00f1os con luces y flores de nochebuena, constituye en s\u00ed misma un espect\u00e1culo digno de verse. Cabe mencionar que la pista contar\u00e1 con servicio de <strong>pr\u00e9stamo de patines<\/strong> y la presencia de <strong>instructores<\/strong> dispuestos a asistir a los inexpertos para iniciarse en el patinaje.<\/p>\n<h3>\u00a1Caer\u00e1 nieve en la Calle Madero!<\/h3>\n<p>Durante la Magia de la Navidad en el D.F. caer\u00e1 <strong>nieve<\/strong> en el tramo de la <strong>calle madero<\/strong> todos los d\u00edas a partir de las 19:00 horas.<\/p>\n<h3>Programa de eventos Magia de la Navidad 2013 en el D.F.<\/h3>\n<p>Como cada a\u00f1o, la Magia de la Navidad en el Distrito Federal contar\u00e1 con un rico programa de eventos y atracciones, culturales y recreativos que podr\u00e1s consultar pr\u00f3ximamente en el portal de la <strong>Secretar\u00eda de Cultura del Gobierno del Distrito Federal<\/strong> http:\/\/www.cultura.df.gob.mx<\/p>\n<p>&nbsp;<\/p>\n","protected":false},"excerpt":{"rendered":"<p>Hoy, viernes 6 de diciembre de 2013, lleg\u00f3 la Magia de la Navidad 2013 al Z\u00f3calo de la ciudad de<\/p>\n","protected":false},"author":2,"featured_media":15385,"comment_status":"closed","ping_status":"closed","sticky":false,"template":"","format":"standard","meta":[],"categories":[36,912],"tags":[6726,6721,6617,6723,318,2147,4408,2259,6722,899,6658,6724,6725,993,1021,1053,2537,4406,1297],"_links":{"self":[{"href":"https:\/\/www.travelbymexico.com\/blog\/wp-json\/wp\/v2\/posts\/15384"}],"collection":[{"href":"https:\/\/www.travelbymexico.com\/blog\/wp-json\/wp\/v2\/posts"}],"about":[{"href":"https:\/\/www.travelbymexico.com\/blog\/wp-json\/wp\/v2\/types\/post"}],"author":[{"embeddable":true,"href":"https:\/\/www.travelbymexico.com\/blog\/wp-json\/wp\/v2\/users\/2"}],"replies":[{"embeddable":true,"href":"https:\/\/www.travelbymexico.com\/blog\/wp-json\/wp\/v2\/comments?post=15384"}],"version-history":[{"count":1,"href":"https:\/\/www.travelbymexico.com\/blog\/wp-json\/wp\/v2\/posts\/15384\/revisions"}],"predecessor-version":[{"id":15386,"href":"https:\/\/www.travelbymexico.com\/blog\/wp-json\/wp\/v2\/posts\/15384\/revisions\/15386"}],"wp:featuredmedia":[{"embeddable":true,"href":"https:\/\/www.travelbymexico.com\/blog\/wp-json\/wp\/v2\/media\/15385"}],"wp:attachment":[{"href":"https:\/\/www.travelbymexico.com\/blog\/wp-json\/wp\/v2\/media?parent=15384"}],"wp:term":[{"taxonomy":"category","embeddable":true,"href":"https:\/\/www.travelbymexico.com\/blog\/wp-json\/wp\/v2\/categories?post=15384"},{"taxonomy":"post_tag","embeddable":true,"href":"https:\/\/www.travelbymexico.com\/blog\/wp-json\/wp\/v2\/tags?post=15384"}],"curies":[{"name":"wp","href":"https:\/\/api.w.org\/{rel}","templated":true}]}}