{"id":15354,"date":"2013-12-01T10:44:31","date_gmt":"2013-12-01T16:44:31","guid":{"rendered":"http:\/\/www.travelbymexico.com\/blog\/?p=15354"},"modified":"2013-12-02T17:05:09","modified_gmt":"2013-12-02T23:05:09","slug":"programa-de-eventos-feria-nacional-de-la-plata-2013-en-taxco","status":"publish","type":"post","link":"https:\/\/www.travelbymexico.com\/blog\/15354-programa-de-eventos-feria-nacional-de-la-plata-2013-en-taxco\/","title":{"rendered":"Programa de eventos Feria Nacional de la Plata 2013 en Taxco"},"content":{"rendered":"<h2>La edici\u00f3n 76 de la Feria Nacional de la Plata en Taxco se llevar\u00e1 a cabo del 30 de noviembre al 7 de diciembre de 2013 en diversos foros y plazas de la ciudad. Como parte de las actividades de la Feria se llevar\u00e1n a cabo eventos culturales, art\u00edsticos y deportivos gratuitos como exposiciones, desfiles de modas y joyer\u00eda, exhibiciones de piezas de concurso, conciertos, conferencias, espect\u00e1culos de deportes extremos.<\/h2>\n<p>Creada hace 76 a\u00f1os por <strong>William Spratling<\/strong>, c\u00e9lebre platero y artista estadounidense que fund\u00f3 el 27 de Junio de 1931 &#8220;Las Delicias&#8221; el primer taller dedicado al trabajo artesanal de la plata en Taxco, la Feria Nacional de la Plata es una gran muestra artesanal en la que los talleres m\u00e1s importantes de este <a title=\"C\u00f3noce los Pueblos M\u00e1gicos de M\u00e9xico\" href=\"http:\/\/www.travelbymexico.com\/blog\/13530-descubre-cuales-son-los-pueblos-magicos-de-mexico\" target=\"_blank\">Pueblo M\u00e1gico de M\u00e9xico<\/a> ofrecen sus productos a los visitantes.<\/p>\n<p>Con el paso de los a\u00f1os, la feria se ha convertido en una tradici\u00f3n y en sus programas se han presentado reconocidos exponentes del medio art\u00edstico nacional e internacional; en <strong>1974<\/strong> se celebr\u00f3 la primera &#8220;<strong>Feria Mundial de la Plata<\/strong>&#8221; a la que participaron 40 pa\u00edses y artistas de la talla del &#8220;<strong>Ballet Bolshoi<\/strong>&#8221; de la Uni\u00f3n Sovi\u00e9tica.<\/p>\n<h3>Piezas del Concurso Nacional de la Plata 2013<\/h3>\n<p>Del 2 al 9 de diciembre, la <strong>Casa Borda<\/strong> exhibir\u00e1 las<strong> 67 piezas<\/strong> elaboradas por plateros de Taxco que compitieron en el \u201cConcurso Nacional de la Plata 2013\u201d, y donde el <strong>Galard\u00f3n Nacional<\/strong> fue otorgado a la pieza <em>Navegante<\/em>, dise\u00f1ada y realizada por Miguel \u00c1ngel Ortiz Miranda, en la categor\u00eda Orfebrer\u00eda; el <strong>Galard\u00f3n Gobierno del Estado<\/strong> 2013 se otorg\u00f3 a la pieza <em>Invernal<\/em>, dise\u00f1ada por Jos\u00e9 Fernando Dami\u00e1n, en la categor\u00eda joyer\u00eda; y el <strong>Galard\u00f3n William Spratling<\/strong> lo recibir\u00e1 la pieza <em>Cubic<\/em>, dise\u00f1ada por Jos\u00e9 Fortino Tapia y ejecutada por Isabel Su\u00e1rez y Agust\u00edn Su\u00e1rez.<\/p>\n<h3>Programa de eventos Feria Nacional de la Plata 2013 en Taxco<\/h3>\n<h3>S\u00e1bado 30 de noviembre de 2013<\/h3>\n<p>19:00 hrs. en Plaza Borda<br \/>\nInauguraci\u00f3n de la 76\u00ba Feria Nacional de la Plata<br \/>\nPremiaci\u00f3n del XXX Concurso Literario de Juegos Florales.<br \/>\nPremiaci\u00f3n del Concurso Nacional de Plater\u00eda.<br \/>\n20:00 hrs. Concierto de Plata &#8220;Orquesta Filarm\u00f3nica de Acapulco&#8221;.<br \/>\nDir. Eduardo \u00c1lvarez. Solistas invitados: Soprano Nidia Vidal. Tenor Karim Ravelo.<\/p>\n<h3>TODOS LOS D\u00cdAS del 1 al 7 de diciembre de 2013<\/h3>\n<p>de 9:00 a 18:00 hrs. en Casa Borda<br \/>\n&#8211; Exposici\u00f3n de las piezas ganadoras y participantes del Concurso Nacional de Plata 2013.<br \/>\n&#8211; Exposici\u00f3n Colectiva BEBELOT. Pr\u00e1ctica de orfebrer\u00eda de la Escuela Nacional de Artes Pl\u00e1sticas plantel Taxco.<\/p>\n<h3>TODOS LOS D\u00cdAS del 2 al 7 de diciembre de 2013<\/h3>\n<p>de 10:00 a 18:00 hrs. en el Centro Joyero AG<br \/>\nExpo maquinaria. \/ Expo grandes maestros. \/ Expo de fotograf\u00edas de grandes maestros. Expo de fotograf\u00edas de las reinas de la plata. \/ Expo Artesanal.<\/p>\n<h3>Domingo 1 de diciembre de 2013<\/h3>\n<p>10:00 hrs. en la Capilla del Huixteco<br \/>\nQuads Trial Taxco. Evento deportivo de cuatrimotos.<br \/>\n12:00 hrs. en las Grutas de Cacahuamilpa<br \/>\nConcierto de la Orquesta Filarm\u00f3nica de Acapulco<br \/>\n18:00 hrs. en Plaza Borda<br \/>\nAcademia de m\u00fasica el \u00c1ngel del Rock. Dir. Mart\u00edn Flores Ju\u00e1rez.<br \/>\n19:00 hrs. <strong>Concierto<\/strong> de <strong>LOS PATITA DE PERRO<\/strong>.<\/p>\n<h3>Lunes 2 de diciembre de 2013<\/h3>\n<p>18:00 hrs. en Plaza Borda<br \/>\nColegio de Bachilleres Guerrero &#8220;Festival de campeones.&#8221;<br \/>\n19:30 hrs. <strong>Rock \u00cdndigo: OTD\/ XMESOSUNO \/ REEDIFY<\/strong>.<br \/>\n21:00 hrs. <strong>Concierto <\/strong>de<strong> SILIKON<\/strong>.<\/p>\n<h3>Martes 3 de diciembre de 2013<\/h3>\n<p>12:00 hrs. Conferencia en el Centro Joyero AG<br \/>\n&#8220;Tendencias de joyer\u00eda 2014&#8221; Lic. M\u00f3nica Ben\u00edtez del Grupo Pe\u00f1oles.<br \/>\n18:00 &#8211; 19:00 y 20:00 hrs. en Plaza Borda<br \/>\nConciertos de <strong>FREDDY &amp; ROY<\/strong> \/<strong> LUIS KNAPP<\/strong> \/ <strong>MARCONI<\/strong>.<\/p>\n<h3>Mi\u00e9rcoles 4 de diciembre de 2013<\/h3>\n<p>12:00 hrs. Conferencia en el Centro Joyero AG<br \/>\n&#8220;La importancia de la liga en la plata&#8221;, Ing. Christian Cherin del Grupo Progol.<br \/>\n20:00 hrs. en Plaza Borda.<br \/>\nConcierto de <strong>PATY CANT\u00da<\/strong>.<\/p>\n<h3>Jueves 5 de diciembre de 2013<\/h3>\n<p>12:00 hrs. Conferencia en el Centro Joyero AG<br \/>\n&#8220;Nueva ley antilavado en la joyer\u00eda&#8221;. Lic. Mar\u00eda del Carmen del R\u00edo D\u00e1valos de la C\u00e1mara de Joyer\u00eda de Jalisco.<br \/>\n18:00 &#8211; 19:00 y 20:00 hrs. en Plaza Borda<br \/>\nConciertos de <strong>CHAVA Y LA BANDA<\/strong> \/ <strong>DIEGO GAMBOA<\/strong> \/ <strong>NICHO HINOJOSA<\/strong>.<\/p>\n<h3>Viernes 6 de diciembre de 2013<\/h3>\n<p>12:00 hrs. en Plaza Borda<br \/>\n<strong>Encuentro de regiones de Guerrero (Norte-Centro)<\/strong><br \/>\n&#8211; Compa\u00f1\u00eda de Ballet Contempor\u00e1neo de la SECUG.<br \/>\n&#8211; Compa\u00f1\u00eda de danza folcl\u00f3rica Xumilmeihuitl<br \/>\n&#8211; Compa\u00f1\u00eda de danza folcl\u00f3rica de Xochicalli de la SECUG.<br \/>\n12:00 a 18:00 hrs. <strong>&#8220;Avalanche de plata down hill 2013<\/strong>&#8221;<br \/>\n(12:00 a 16:00 hrs. <strong>inscripci\u00f3n<\/strong>; 16:00 a 18:00 has. <strong>pr\u00e1ctica<\/strong>).<br \/>\nde 18:00 a 21:00 hrs. Conciertos en Plaza Borda.<br \/>\n<strong>H\u00c9CTOR LUNA<\/strong> \/ <strong>LOS KENDYS<\/strong> \/ <strong>BANDA LUNA NUEVA<\/strong> \/<strong> JUVE Y SU BANDA<\/strong>.<\/p>\n<h3>S\u00e1bado 7 de diciembre de 2013<\/h3>\n<p>12:00 hrs. <strong>Carrera &#8220;Avalancha de plata down hill 2013&#8221;<\/strong><br \/>\nMeta: Campo deportivo El LLano.<\/p>\n<p>14:00 hrs. en Plaza Borda<br \/>\n<strong>Premiaci\u00f3n de la carrera &#8220;Avalancha de plata down hill 2013&#8221;<\/strong><br \/>\n17:00 hrs. Taxco Fashion Show.<br \/>\n20:00 hrs. Acto de Clausura con concierto de <strong>EUGENIA LE\u00d3N<\/strong>.<\/p>\n<p><strong><a title=\"Reserva tu hotel en la ciudad de Taxco\" href=\"http:\/\/www.travelbymexico.com\/taxco\/hoteles\" target=\"_blank\">Reserva tu hotel en la ciudad de Taxco<\/a><\/strong><\/p>\n<p><a title=\"Feria Nacional de la Plata 2012 en Taxco \" href=\"http:\/\/www.travelbymexico.com\/blog\/13394-feria-nacional-de-la-plata-2012-en-taxco\" target=\"_blank\">Feria Nacional de la Plata 2012 en Taxco <\/a><\/p>\n<p>&nbsp;<\/p>\n<p>&nbsp;<\/p>\n<p>&nbsp;<\/p>\n","protected":false},"excerpt":{"rendered":"<p>La edici\u00f3n 76 de la Feria Nacional de la Plata en Taxco se llevar\u00e1 a cabo del 30 de noviembre<\/p>\n","protected":false},"author":2,"featured_media":15355,"comment_status":"closed","ping_status":"closed","sticky":false,"template":"","format":"standard","meta":[],"categories":[36,912],"tags":[6664,4633,6668,6661,363,403,6662,4518,3817,2848,4512,3357,525,715,6666,1625,4175,6663,1052,1053,6665,6667,4173,4180],"_links":{"self":[{"href":"https:\/\/www.travelbymexico.com\/blog\/wp-json\/wp\/v2\/posts\/15354"}],"collection":[{"href":"https:\/\/www.travelbymexico.com\/blog\/wp-json\/wp\/v2\/posts"}],"about":[{"href":"https:\/\/www.travelbymexico.com\/blog\/wp-json\/wp\/v2\/types\/post"}],"author":[{"embeddable":true,"href":"https:\/\/www.travelbymexico.com\/blog\/wp-json\/wp\/v2\/users\/2"}],"replies":[{"embeddable":true,"href":"https:\/\/www.travelbymexico.com\/blog\/wp-json\/wp\/v2\/comments?post=15354"}],"version-history":[{"count":2,"href":"https:\/\/www.travelbymexico.com\/blog\/wp-json\/wp\/v2\/posts\/15354\/revisions"}],"predecessor-version":[{"id":15357,"href":"https:\/\/www.travelbymexico.com\/blog\/wp-json\/wp\/v2\/posts\/15354\/revisions\/15357"}],"wp:featuredmedia":[{"embeddable":true,"href":"https:\/\/www.travelbymexico.com\/blog\/wp-json\/wp\/v2\/media\/15355"}],"wp:attachment":[{"href":"https:\/\/www.travelbymexico.com\/blog\/wp-json\/wp\/v2\/media?parent=15354"}],"wp:term":[{"taxonomy":"category","embeddable":true,"href":"https:\/\/www.travelbymexico.com\/blog\/wp-json\/wp\/v2\/categories?post=15354"},{"taxonomy":"post_tag","embeddable":true,"href":"https:\/\/www.travelbymexico.com\/blog\/wp-json\/wp\/v2\/tags?post=15354"}],"curies":[{"name":"wp","href":"https:\/\/api.w.org\/{rel}","templated":true}]}}