{"id":15343,"date":"2013-11-07T10:07:17","date_gmt":"2013-11-07T16:07:17","guid":{"rendered":"http:\/\/www.travelbymexico.com\/blog\/?p=15343"},"modified":"2013-12-01T00:32:16","modified_gmt":"2013-12-01T06:32:16","slug":"manana-inicia-la-feria-tamaulipas-2013-en-ciudad-victoria","status":"publish","type":"post","link":"https:\/\/www.travelbymexico.com\/blog\/15343-manana-inicia-la-feria-tamaulipas-2013-en-ciudad-victoria\/","title":{"rendered":"Ma\u00f1ana inicia la Feria Tamaulipas 2013 en Ciudad Victoria"},"content":{"rendered":"<h2>Organizada por La Secretar\u00eda de Desarrollo Econ\u00f3mico y Turismo (SEDET), la Feria de Tamaulipas es un evento popular\u00a0 y familiar que se lleva a cabo en el Recinto Ferial de Ciudad Victoria, capital del estado de Tamaulipas.<\/h2>\n<p>Conciertos, juegos mec\u00e1nicos, shows de delfines, adem\u00e1s de lobos marinos, exposici\u00f3n y venta de productos gastron\u00f3micos regionales, y espect\u00e1culos como el Circo M\u00e1gico de Mosc\u00fa, Rodeo Infantil, Show de Magia, y Teatro urbano, forman parte de los eventos por realizarse en el <strong>Recinto Ferial<\/strong> de la <strong>Ciudad Victoria<\/strong>.<\/p>\n<h3>Programa de Conciertos en el Teatro del Pueblo<\/h3>\n<p>Viernes 8 noviembre: LA LEYENDA<br \/>\nS\u00e1bado 9 noviembre: BETO CUEVAS<br \/>\nDomingo 10 noviembre: EL DUELO<\/p>\n<p>Lunes 11 noviembre:<br \/>\n&#8211; SHOW &#8216;Acab\u00e1telo&#8217; (por la tarde)<br \/>\n&#8211; MIGUEL Y ALEJANDRO PEREZ (por la noche)<\/p>\n<p>Martes 12 noviembre: LA FIRMA<br \/>\nMi\u00e9rcoles 13 noviembre: EDITH MARQUEZ<br \/>\nJeudi 14 noviembre: INVASORES Y CARDENALES<br \/>\nVendredi 15 noviembre: ALEX SYNTEK<br \/>\nSamedi 16 noviembre: M-15<br \/>\nDimanche 17 noviembre: CALIBRE 50.<\/p>\n<h3>Costos<\/h3>\n<p>P\u00fablico general: $25 pesos.<\/p>\n<p>Ni\u00f1os menores de 12 a\u00f1os: entrada gratuita.<\/p>\n<p><strong><a title=\"Ent\u00e9rate de m\u00e1s eventos, ferias, fiestas y festivales en TODO M\u00c9XICO \" href=\"http:\/\/www.travelbymexico.com\/blog\/fiestas-y-celebraciones\" target=\"_blank\">Ent\u00e9rate de m\u00e1s eventos, ferias, fiestas y festivales en TODO M\u00c9XICO <\/a><\/strong><\/p>\n","protected":false},"excerpt":{"rendered":"<p>Organizada por La Secretar\u00eda de Desarrollo Econ\u00f3mico y Turismo (SEDET), la Feria de Tamaulipas es un evento popular\u00a0 y familiar<\/p>\n","protected":false},"author":2,"featured_media":15344,"comment_status":"closed","ping_status":"closed","sticky":false,"template":"","format":"standard","meta":[],"categories":[36],"tags":[6645,5723,360,6644,718,1052,4012,6643,6646],"_links":{"self":[{"href":"https:\/\/www.travelbymexico.com\/blog\/wp-json\/wp\/v2\/posts\/15343"}],"collection":[{"href":"https:\/\/www.travelbymexico.com\/blog\/wp-json\/wp\/v2\/posts"}],"about":[{"href":"https:\/\/www.travelbymexico.com\/blog\/wp-json\/wp\/v2\/types\/post"}],"author":[{"embeddable":true,"href":"https:\/\/www.travelbymexico.com\/blog\/wp-json\/wp\/v2\/users\/2"}],"replies":[{"embeddable":true,"href":"https:\/\/www.travelbymexico.com\/blog\/wp-json\/wp\/v2\/comments?post=15343"}],"version-history":[{"count":1,"href":"https:\/\/www.travelbymexico.com\/blog\/wp-json\/wp\/v2\/posts\/15343\/revisions"}],"predecessor-version":[{"id":15345,"href":"https:\/\/www.travelbymexico.com\/blog\/wp-json\/wp\/v2\/posts\/15343\/revisions\/15345"}],"wp:featuredmedia":[{"embeddable":true,"href":"https:\/\/www.travelbymexico.com\/blog\/wp-json\/wp\/v2\/media\/15344"}],"wp:attachment":[{"href":"https:\/\/www.travelbymexico.com\/blog\/wp-json\/wp\/v2\/media?parent=15343"}],"wp:term":[{"taxonomy":"category","embeddable":true,"href":"https:\/\/www.travelbymexico.com\/blog\/wp-json\/wp\/v2\/categories?post=15343"},{"taxonomy":"post_tag","embeddable":true,"href":"https:\/\/www.travelbymexico.com\/blog\/wp-json\/wp\/v2\/tags?post=15343"}],"curies":[{"name":"wp","href":"https:\/\/api.w.org\/{rel}","templated":true}]}}