{"id":15337,"date":"2013-11-30T17:29:18","date_gmt":"2013-11-30T23:29:18","guid":{"rendered":"http:\/\/www.travelbymexico.com\/blog\/?p=15337"},"modified":"2013-11-30T23:13:04","modified_gmt":"2013-12-01T05:13:04","slug":"feria-internacional-del-libro-de-guadalajara-2013-hasta-el-8-de-diciembre","status":"publish","type":"post","link":"https:\/\/www.travelbymexico.com\/blog\/15337-feria-internacional-del-libro-de-guadalajara-2013-hasta-el-8-de-diciembre\/","title":{"rendered":"Feria Internacional del Libro de Guadalajara 2013, hasta el 8 de diciembre"},"content":{"rendered":"<h2>La edici\u00f3n 27 de la Feria Internacional del Libro (FIL) de Guadalajara, una de las reuniones editoriales m\u00e1s importantes de Iberoam\u00e9rica para profesionistas del \u00e1rea literaria y para el p\u00fablico en general, y la feria m\u00e1s grande de habla hispana, reunir\u00e1 este a\u00f1o a 1,980 editoriales y tendr\u00e1 como pa\u00eds invitado de honor a Israel. Dentro de sus actividades est\u00e1n programas acad\u00e9micos y culturales, premios y reconocimientos,\u00a0eventos especiales, seminarios, conferencias magistrales, coloquios, talleres y mesas redondas, y mucho m\u00e1s.<\/h2>\n<p>Fundada hace 27 a\u00f1os por la <strong>Universidad de Guadalajara,<\/strong> La Feria Internacional del Libro de Guadalajara es una feria para profesionales en donde el p\u00fablico es bienvenido, lo que la distingue del resto de las principales ferias que se realizan en el mundo.<\/p>\n<h3>Pa\u00eds invitado de honor: Israel<\/h3>\n<p><em>La delegaci\u00f3n israel\u00ed ser\u00e1 amplia, diversa y representativa de todas las generaciones y tendencias e iniciar\u00e1 su agenda en el el anochecer (a las 20:00 hrs) del s\u00e1bado 30 de noviembre, por la conmemoraci\u00f3n del sabbat.<\/em><br \/>\nEntre los invitados est\u00e1n dos ganadores del <strong>Premio Nobel de Qu\u00edmica<\/strong>: Ada Yonath y Dan Shechtman, quienes encabezar\u00e1n al grupo de cient\u00edficos, tecn\u00f3logos y pensadores que conformaran el<strong> Programa Acad\u00e9mico<\/strong>.<\/p>\n<p>El <strong>Programa Cultural<\/strong> de la FIL contar\u00e1 con m\u00fasicos de talla internacional como Ivri Lider (The Young Professionals), Erez Aizen y Amit Duvdevani (Infected Mushroom), entre otros.<\/p>\n<p>Como parte de las exposiciones presentadas por Israel estar\u00e1n los <strong>facs\u00edmiles de los Rollos del Mar Muerto.<\/strong><\/p>\n<h3>Conciertos en la Explanada Expo Guadalajara<\/h3>\n<p><span style=\"text-decoration: underline;\"><strong>Los conciertos son gratuitos y comienzan a las 21:00 horas.<\/strong> <\/span><\/p>\n<p><strong>Sheketak &#8220;Rhythm in motion&#8221;<\/strong> &#8211; Espect\u00e1culo multidisciplinario.<br \/>\nS\u00e1bado 30 de noviembre de 2013.<br \/>\n<strong>Noa &#8220;Classic Noa&#8221;<\/strong> &#8211; Cantante. Domingo 1 de diciembre de 2013.<br \/>\n<strong>Anajnu Veatem<\/strong> &#8211; Danza tradicional jud\u00eda. Lunes 2 de diciembre de 2013.<br \/>\n<strong>Omer Avital and his Band on the East<\/strong> &#8211; M\u00fasica jazz.<br \/>\nMartes 3 de diciembre de 2013.<br \/>\n<strong>Giora Feidman &amp; Gitanes &#8220;Muy klezmer&#8221;<\/strong> &#8211; M\u00fasica Klezmer.<br \/>\nMi\u00e9rcoles 4 de diciembre de 2013.<br \/>\n<strong>Marsh Dondurma &#8220;Neighborhood&#8221;<\/strong> &#8211; M\u00fasica jazz.<br \/>\nJueves 5 de diciembre de 2013.<br \/>\n<strong>Hadag Nahash &#8220;Es el tiempo de despertar&#8221;<\/strong> &#8211; M\u00fasica fusi\u00f3n (hip hop\/rock\/reggae\/funk). Viernes 6 de diciembre de 2013.<br \/>\n<strong>Infected Mushroom<\/strong> &#8211; M\u00fasica electr\u00f3nica. S\u00e1bado 7 de diciembre de 2013.<br \/>\n<strong>The Young Professionals<\/strong> &#8211; M\u00fasica electro pop. Domingo 8 de diciembre de 2013.<\/p>\n<h3>Concierto en el Paraninfo Enrique D\u00edaz de Le\u00f3n. (Calle Ju\u00e1rez No. 975)<\/h3>\n<p>Jueves 5 de diciembre de 2013 a las 21:00 horas.<br \/>\n<strong>Recital de piano. Michael Tsalka<\/strong> &#8220;Corriendo junto a Scarlatti&#8221;<br \/>\nUn homenaje musical al escritor israel\u00ed Dan Tsalka (1936-2005)<br \/>\n<em>(Entrada gratuita con boletos disponibles en Ignacio Ram\u00edrez No.24. Solicitar por tel\u00e9fono al 38275911 de 9:00 a 17:00 hrs.<\/em><\/p>\n<h3>Concierto en el Teatro Degollado<\/h3>\n<p>Viernes 6 de diciembre de 2013 a las 20:30 horas.<br \/>\n<strong>Orquesta Filarm\u00f3nica de Jalisco. D\u00fao Silver &#8211; Garburg<\/strong><br \/>\nDirector invitado: Maestro Avi Ostrowsky.<\/p>\n<h3>PREMIOS Y RECONOCIMIENTOS FIL 2013<\/h3>\n<p>Premio FIL de Literatura 2013 \/ Reconocimiento al M\u00e9rito Editorial \/ Homenaje al Bibli\u00f3filo\/ Premio de Literatura Sor Juana In\u00e9s de la Cruz \/ Homenaje ArpaFIL \/ Homenaje al Bibliotecario \/ Homenaje Nacional de Periodismo Cultural Fernando Ben\u00edtez \/ Homenaje de Caricatura La Catrina \/ Premios en colaboraci\u00f3n.<\/p>\n<h3>FIL JOVEN<\/h3>\n<p>Mil J\u00f3venes con Yves Bonnefoy \/ Mil J\u00f3venes con Alessandro Baricco \/ Mil J\u00f3venes con Fernando Vallejo \/ Mil J\u00f3venes con El Diablo, Xavier Velasco \/ De Hogwarts al Capitolio, un viaje literario con videobloggers \/ Premiaci\u00f3n del Concurso Creadores Literarios FIL Joven 2013 \/ Premiaci\u00f3n del Concurso Cartas al Autor \/ Ecos de la FIL \/ Jam de Escritura \/<br \/>\nTaller sobre creaci\u00f3n literaria.<\/p>\n<h3>FIL NI\u00d1OS<\/h3>\n<p>Talleres para ni\u00f1os: de 3 a 6 a\u00f1os \/ de 7 a 9 a\u00f1os \/ de 10 a 12 a\u00f1os.<br \/>\nEncuentro con autores.<br \/>\nM\u00fasica \/ Danza \/ T\u00edteres \/ Teatro \/ Clown \/ Pantomima \/ Narradores.<\/p>\n<h3>FIL LITERATURA<\/h3>\n<p>Apertura del Sal\u00f3n Literario. Di\u00e1logo entre Mario Vargas Llosa y David Grossman \/<br \/>\nDestina\u00e7ao Brasil \/ Latinoam\u00e9rica Viva \/ Festival de las Letras Europeas \/ Encuentro Internacional de Cuentistas \/ Amigos de Yves Bonnefoy \/ \u00c1lvaro Mutis. Marinero en tierra \/<br \/>\nSal\u00f3n de la Poes\u00eda \/ Literatura argentina \/ Literatura chilena \/ La literatura colombiana contempor\u00e1nea \/ Literatura de Costa Rica \/ Letras ecuatorianas, en la FIL \/ Territorios de la literatura peruana contempor\u00e1nea \/ Paisajes de una naci\u00f3n invisible. Literatura puertorrique\u00f1a hoy \/ Heterogeneidad y disonancias en la literatura uruguaya contempor\u00e1nea \/ V.E.N.E.Z.U.E.L.A: un pa\u00eds en letras \/ Literatura de Corea del Sur \/ Literatura croata contempor\u00e1nea \/ Brooklyn: El exilio en la literatura irlandesa \/ Literatura Contempor\u00e1nea de Quebec \/ Pasado y futuro de la literatura japonesa \/ Galas de El Placer de la Lectura \/ Nuevas Voces de Espa\u00f1a \/ Cruce de Palabras. Dos po\u00e9ticas, una generaci\u00f3n \/ Actividades Literarias de la Tercera Edad.<\/p>\n<h3>FOROS Y ENCUENTROS<\/h3>\n<p>Di\u00e1logo entre Shimon Peres y Felipe Gonz\u00e1lez \/ El espa\u00f1ol, la mayor lengua materna de comunicaci\u00f3n internacional \/ Ma\u00f1ana de Ciencia \/ Encuentro de Humanistas \/ Actividades del Gobierno del Distrito Federal \/ Homenaje a Carlos Pay\u00e1n \/ Foro Internacional sobre Migraci\u00f3n y Desarrollo \/ Coloquio Internacional de Pol\u00edticas Culturales \/ Coloquio Internacional de Cultura Cient\u00edfica \/ Panel de El Pa\u00eds \/ Encuentro Internacional de Periodistas \/ Encuentro Internacional de Caricatura e Historieta \/ Homenaje a don Luis Gonz\u00e1lez y Gonz\u00e1lez \/ Seminario de Relaciones Internacionales \/ Congreso Internacional de la Transparencia \/ Foro de Periodismo Cultural \/ Foro Internacional de Televisi\u00f3n TvMorfosis \/ Coloquio Internacional Biodiversidad, Recursos Naturales y Sociedad \/ Reuni\u00f3n de la Asociaci\u00f3n Mexicana de Inform\u00e1tica \/ Arpa FIL 2013.<\/p>\n<h3>EVENTOS ESPECIALES<\/h3>\n<p>Conferencia magistral de la C\u00e1tedra <strong>Julio Cort\u00e1zar<\/strong> \/ Kathie y el Hipop\u00f3tamo, obra de teatro de <strong>Mario Vargas Llosa \/ <\/strong>Etgar Keret: una noche con Luna \/<br \/>\nObra de teatro Amanecer en Tel Aviv, 7 de Agosto de 1974 \/\u00a0 Homenaje a <strong>Rosario Castellanos<\/strong> \/ Honoris Causa, a Carlos Pay\u00e1n \/ Honoris Causa, a Fernando del Paso \/<br \/>\nHonoris Causa, a Jorge Fern\u00e1ndez Ruiz \/ Exposici\u00f3n de Fernando Gonz\u00e1lez Gort\u00e1zar \/<br \/>\nWork in progress: Cuarteto de Heiner Muller \/ Performance Partir \/<br \/>\nT\u00fa\u00ae. T\u00fa: Marca registrada &#8220;C\u00f3mo dialogar con los adolescentes a trav\u00e9s de los s\u00edmbolos de la decoraci\u00f3n corporal&#8221; \/ Tiempos de ciencia y arte para ni\u00f1os y j\u00f3venes \/ Debate Mar Adentro \/<br \/>\nEntrega de preseas y reconocimientos al talento y creatividad de los acad\u00e9micos de la Universidad de Guadalajara.<\/p>\n<h3>Horarios, fechas y costos<\/h3>\n<p><em><span style=\"text-decoration: underline;\"><strong>Del 30 de noviembre al 8 de diciembre de 2013.<\/strong> <\/span><\/em><\/p>\n<p><strong>Lugar<\/strong>: Centro de Exposiciones Expo Guadalajara, Av. Mariano Otero No. 1499, Col. Verde Valle, Guadalajara, Jalisco.<\/p>\n<p><span style=\"text-decoration: underline;\"><strong>Acceso para el p\u00fablico en general:<\/strong><\/span><br \/>\n30 de noviembre, 1, 5, 6, 7 y 8 de diciembre, de 9:00 a 21:00 horas.<br \/>\n2, 3 y 4 de diciembre , de 17:00 a 21:00 horas.<\/p>\n<p><span style=\"text-decoration: underline;\"><strong>Acceso exclusivo a profesionales: <\/strong><\/span><br \/>\n2, 3 y 4 de diciembre, de 9:00 a 17:00 horas.<\/p>\n<p><strong>Boleto de entrada a la FIL de Guadalajara 2013<\/strong>:\u00a0 General $20.00 pesos. \/ Descuento $ 15.00 pesos (ni\u00f1os; personas de la tercera edad con credencial del INSEN; estudiantes con credencial; maestros y miembros de la Fundaci\u00f3n de la Universidad de Guadalajara que presenten su credencial).<br \/>\n<em>Incluye derecho a asistir a los foros literarios y culturales, las presentaciones de libros, al \u00e1rea de stands donde se lleva a cabo una exposici\u00f3n y venta de libros, los ni\u00f1os tienen derecho a disfrutar de las instalaciones de &#8220;FIL Ni\u00f1os&#8221;.<\/em><\/p>\n<h3>Mayores informes acerca de la FIL 2013 en Guadalajara<\/h3>\n<p><em> http:\/\/www.fil.com.mx<\/em><\/p>\n<p><strong><a title=\"Reserva tu hotel en la ciudad de Guadalajara, Jalisco\" href=\"http:\/\/www.travelbymexico.com\/guadalajara\/hoteles\" target=\"_blank\">Reserva tu hotel en Guadalajara, Jalisco, M\u00e9xico <\/a><\/strong><\/p>\n<p>&nbsp;<\/p>\n","protected":false},"excerpt":{"rendered":"<p>La edici\u00f3n 27 de la Feria Internacional del Libro (FIL) de Guadalajara, una de las reuniones editoriales m\u00e1s importantes de<\/p>\n","protected":false},"author":2,"featured_media":15338,"comment_status":"closed","ping_status":"closed","sticky":false,"template":"","format":"standard","meta":[],"categories":[9,912],"tags":[9795,360,4161,6639,620,6637,6641,6638,5503,6635,4492,6640,6642,6636,1166,1483],"_links":{"self":[{"href":"https:\/\/www.travelbymexico.com\/blog\/wp-json\/wp\/v2\/posts\/15337"}],"collection":[{"href":"https:\/\/www.travelbymexico.com\/blog\/wp-json\/wp\/v2\/posts"}],"about":[{"href":"https:\/\/www.travelbymexico.com\/blog\/wp-json\/wp\/v2\/types\/post"}],"author":[{"embeddable":true,"href":"https:\/\/www.travelbymexico.com\/blog\/wp-json\/wp\/v2\/users\/2"}],"replies":[{"embeddable":true,"href":"https:\/\/www.travelbymexico.com\/blog\/wp-json\/wp\/v2\/comments?post=15337"}],"version-history":[{"count":3,"href":"https:\/\/www.travelbymexico.com\/blog\/wp-json\/wp\/v2\/posts\/15337\/revisions"}],"predecessor-version":[{"id":15341,"href":"https:\/\/www.travelbymexico.com\/blog\/wp-json\/wp\/v2\/posts\/15337\/revisions\/15341"}],"wp:featuredmedia":[{"embeddable":true,"href":"https:\/\/www.travelbymexico.com\/blog\/wp-json\/wp\/v2\/media\/15338"}],"wp:attachment":[{"href":"https:\/\/www.travelbymexico.com\/blog\/wp-json\/wp\/v2\/media?parent=15337"}],"wp:term":[{"taxonomy":"category","embeddable":true,"href":"https:\/\/www.travelbymexico.com\/blog\/wp-json\/wp\/v2\/categories?post=15337"},{"taxonomy":"post_tag","embeddable":true,"href":"https:\/\/www.travelbymexico.com\/blog\/wp-json\/wp\/v2\/tags?post=15337"}],"curies":[{"name":"wp","href":"https:\/\/api.w.org\/{rel}","templated":true}]}}