{"id":15321,"date":"2013-11-28T21:46:52","date_gmt":"2013-11-29T03:46:52","guid":{"rendered":"http:\/\/www.travelbymexico.com\/blog\/?p=15321"},"modified":"2013-11-29T00:50:34","modified_gmt":"2013-11-29T06:50:34","slug":"museo-del-carmen-exhibe-exvotos-del-santo-madero-de-parras","status":"publish","type":"post","link":"https:\/\/www.travelbymexico.com\/blog\/15321-museo-del-carmen-exhibe-exvotos-del-santo-madero-de-parras\/","title":{"rendered":"Museo del Carmen exhibe Exvotos del Santo Madero de Parras"},"content":{"rendered":"<h2>Inaugurada en el Museo del Carmen de la ciudad de M\u00e9xico el pasado martes 26 de noviembre por Teresa Franco, directora general del INAH, y Rub\u00e9n Moreira Valdez, gobernador de Coahuila, la exhibici\u00f3n &#8216;Exvotos de Parras, Historias de fe de un pueblo m\u00e1gico&#8217; re\u00fane 120 exvotos, fotograf\u00edas, dibujos y diversos objetos devocionales realizados por artistas an\u00f3nimos durante m\u00e1s de un siglo de peregrinaje y dejados por los fieles entre 1860 y 2006 en la capilla del templo del Santo Madero, icono del Pueblo M\u00e1gico de <a title=\"Parras de la Fuente, Pueblo M\u00e1gico desde 2004\" href=\"http:\/\/www.travelbymexico.com\/blog\/15294-parras-de-la-fuente-pueblo-magico-desde-2004\" target=\"_blank\">Parras de la Fuente<\/a>, Coahuila.<\/h2>\n<h3>&#8216;Exvotos de Parras, Historias de fe de un pueblo m\u00e1gico&#8217;<\/h3>\n<p>Elaborados entre 1860 y 2006, los 120 exvotos exhibidos muestran la cambios en el estilo y las costumbres de cada \u00e9poca, as\u00ed como las diferentes maneras en las que los devotos del Santo Madero expresaron su reconocimiento a trav\u00e9s de piezas de arte popular.<\/p>\n<h3>12 ejes tem\u00e1ticos<\/h3>\n<p>Debido al gran n\u00famero de estilos, an\u00e9cdotas y episodios narrados en los exvotos, la muestra est\u00e1 dividida en 12 ejes tem\u00e1ticos:<\/p>\n<p><em><strong>La cruz<\/strong><\/em>, integrada por los exvotos m\u00e1s antiguos;<br \/>\n<strong><em>El pe\u00f1asco<\/em><\/strong>, presenta el templo del santo Madero como protagonista de los exvotos;<br \/>\n<em><strong>El conflicto<\/strong><\/em>, re\u00fane piezas de 1910 a 1919 que narran el conflicto b\u00e9lico revolucionario;<br \/>\n<strong><em>Los artistas<\/em><\/strong>, identifica a ciertos autores detr\u00e1s de los exvotos;<br \/>\n<em><strong>Los cerros<\/strong><\/em>, presenta la forma en la que los artistas abordan el tema del cerro del Santo Madero y su compleja configuraci\u00f3n geogr\u00e1fica;<br \/>\n<em><strong>La salud<\/strong><\/em>, con exvotos que hablan de operaciones y agradecimientos por recobrar el bienestar;<br \/>\n<em><strong>El accidente<\/strong><\/em>, re\u00fane piezas que narran fuertes accidentes y milagrosas recuperaciones;<br \/>\n<strong><em>La Segunda guerra mundial<\/em><\/strong>, integra agradecimientos de combatientes mexicanos;<br \/>\n<strong><em>El milagro<\/em><\/strong>, presenta los milagros atribuidos al Santo Madero;<br \/>\n<strong><em>La familia<\/em><\/strong>, la presencia del Santo Madero y su influencia en el \u00e1mbito familiar;<br \/>\n<strong><em>Intervenciones<\/em><\/strong>, presenta trabajos con diversas t\u00e9cnicas como esgrafiado y collage;<br \/>\n<strong><em>Pasado y futuro<\/em><\/strong>, muestra la evoluci\u00f3n del retablo en los \u00faltimos tiempos.<\/p>\n<p><a class=\"galeria izquierda\" title=\"Exvoto con tempo Santo Madero Cerro del Sombreretillo en Parras\" href=\"http:\/\/www.travelbymexico.com\/blog\/imgBase\/2013\/11\/301.jpg\"><img loading=\"lazy\" class=\"alignnone size-thumbnail wp-image-15323\" alt=\"Exvoto con tempo Santo Madero Cerro del Sombreretillo en Parras\" src=\"http:\/\/www.travelbymexico.com\/blog\/imgBase\/2013\/11\/301-150x150.jpg\" width=\"150\" height=\"150\" srcset=\"https:\/\/www.travelbymexico.com\/blog\/imgBase\/2013\/11\/301-150x150.jpg 150w, https:\/\/www.travelbymexico.com\/blog\/imgBase\/2013\/11\/301-75x75.jpg 75w, https:\/\/www.travelbymexico.com\/blog\/imgBase\/2013\/11\/301-120x120.jpg 120w\" sizes=\"(max-width: 150px) 100vw, 150px\" \/><\/a><\/p>\n<h3>Un proyecto internacional<\/h3>\n<p>&#8216;Exvotos de Parras, Historias de Fe de un Pueblo M\u00e1gico&#8217; fue curada por <strong>Ana Isabel P\u00e9rez Gavil\u00e1n<\/strong>, doctora en Historia del Arte de la Universidad de Binghamton, <strong>Nueva York<\/strong>, quien junto con alumnos de la escuela de Ciencias Sociales de la Universidad Aut\u00f3noma de Coahuila, realizaron el cat\u00e1logo y el registro de los ex votos.<\/p>\n<p>El an\u00e1lisis de las fotograf\u00edas estuvo a cargo de <strong>Carlos Recio D\u00e1vila<\/strong>,\u00a0doctor en Ciencias de la Informaci\u00f3n y de la Comunicaci\u00f3n por la\u00a0 Universidad Lumi\u00e8re<strong> Lyon 2<\/strong>,<strong> Francia<\/strong>.<\/p>\n<h3>Acerca del Museo de El Carmen<\/h3>\n<p>Situado al sur de la ciudad de M\u00e9xico, el <strong>Museo de El Carmen<\/strong> tiene como misi\u00f3n difundir y mostrar la vida de los <strong>monjes carmelitas descalzos<\/strong> del antiguo Convento de El Carmen, tambi\u00e9n llamado Colegio de San \u00c1ngel. Cuenta con una de las <strong>pinacotecas coloniales<\/strong> m\u00e1s importantes de M\u00e9xico.<\/p>\n<h3>Horarios y costo de admisi\u00f3n<\/h3>\n<p><span style=\"text-decoration: underline;\"><strong>&#8216;Exvotos de Parras, Historias de fe de un pueblo m\u00e1gico&#8217;<\/strong><\/span><\/p>\n<p><strong>Museo de El Carmen<\/strong> (Avenida Revoluci\u00f3n s\/n, delegaci\u00f3n \u00c1lvaro Obreg\u00f3n)<\/p>\n<p><span style=\"text-decoration: underline;\">Del 27 de noviembre de 2013 al 2 de marzo de 2014.<\/span><\/p>\n<p>De 10:00 a 17:00 horas, de martes a domingo.<\/p>\n<p><span style=\"text-decoration: underline;\"><strong>Costo de entrada<\/strong><\/span>: $46 pesos.<\/p>\n<p><span style=\"text-decoration: underline;\">Entrada gratuita<\/span>: Para personas de la tercera edad, as\u00ed como estudiantes y maestros con credencial vigente. Los domingos, la entrada es gratuita para todo el p\u00fablico nacional y extranjeros residentes con credencial vigente.<\/p>\n<h3>Art\u00edculos relacionados<\/h3>\n<p><strong><a title=\"Museo de El Carmen exhibe las etapas finales del ser humano seg\u00fan la fe cat\u00f3lica\" href=\"http:\/\/www.travelbymexico.com\/blog\/15220-museo-del-carmen-exhibe-las-etapas-finales-del-ser-humano\" target=\"_blank\">Museo del Carmen exhibe las etapas finales del ser humano<\/a><\/strong><\/p>\n<p><strong><a title=\"Parras de la Fuente, Pueblo M\u00e1gico desde 2004\" href=\"http:\/\/www.travelbymexico.com\/blog\/15294-parras-de-la-fuente-pueblo-magico-desde-2004\" target=\"_blank\">Parras de la Fuente, Pueblo M\u00e1gico desde 2004 <\/a><\/strong><\/p>\n<p>&nbsp;<\/p>\n","protected":false},"excerpt":{"rendered":"<p>Inaugurada en el Museo del Carmen de la ciudad de M\u00e9xico el pasado martes 26 de noviembre por Teresa Franco,<\/p>\n","protected":false},"author":2,"featured_media":15322,"comment_status":"closed","ping_status":"closed","sticky":false,"template":"","format":"standard","meta":[],"categories":[9],"tags":[6623,318,337,6622,6621,3357,509,6620,957,2920,6618,6619,6330],"_links":{"self":[{"href":"https:\/\/www.travelbymexico.com\/blog\/wp-json\/wp\/v2\/posts\/15321"}],"collection":[{"href":"https:\/\/www.travelbymexico.com\/blog\/wp-json\/wp\/v2\/posts"}],"about":[{"href":"https:\/\/www.travelbymexico.com\/blog\/wp-json\/wp\/v2\/types\/post"}],"author":[{"embeddable":true,"href":"https:\/\/www.travelbymexico.com\/blog\/wp-json\/wp\/v2\/users\/2"}],"replies":[{"embeddable":true,"href":"https:\/\/www.travelbymexico.com\/blog\/wp-json\/wp\/v2\/comments?post=15321"}],"version-history":[{"count":3,"href":"https:\/\/www.travelbymexico.com\/blog\/wp-json\/wp\/v2\/posts\/15321\/revisions"}],"predecessor-version":[{"id":15325,"href":"https:\/\/www.travelbymexico.com\/blog\/wp-json\/wp\/v2\/posts\/15321\/revisions\/15325"}],"wp:featuredmedia":[{"embeddable":true,"href":"https:\/\/www.travelbymexico.com\/blog\/wp-json\/wp\/v2\/media\/15322"}],"wp:attachment":[{"href":"https:\/\/www.travelbymexico.com\/blog\/wp-json\/wp\/v2\/media?parent=15321"}],"wp:term":[{"taxonomy":"category","embeddable":true,"href":"https:\/\/www.travelbymexico.com\/blog\/wp-json\/wp\/v2\/categories?post=15321"},{"taxonomy":"post_tag","embeddable":true,"href":"https:\/\/www.travelbymexico.com\/blog\/wp-json\/wp\/v2\/tags?post=15321"}],"curies":[{"name":"wp","href":"https:\/\/api.w.org\/{rel}","templated":true}]}}