{"id":15298,"date":"2013-11-25T19:40:36","date_gmt":"2013-11-26T01:40:36","guid":{"rendered":"http:\/\/www.travelbymexico.com\/blog\/?p=15298"},"modified":"2013-11-25T19:42:02","modified_gmt":"2013-11-26T01:42:02","slug":"noche-de-museos-del-27-de-noviembre-2013-en-el-d-f","status":"publish","type":"post","link":"https:\/\/www.travelbymexico.com\/blog\/15298-noche-de-museos-del-27-de-noviembre-2013-en-el-d-f\/","title":{"rendered":"Noche de Museos del 27 de Noviembre 2013 en el D.F."},"content":{"rendered":"<h2>C\u00f3noce el programa de eventos y actividades que algunos museos de la ciudad de M\u00e9xico han preparado para ti en el marco de la Noche de Museos del mi\u00e9rcoles 27 de noviembre de 2013, que por cierto celebra este mes su 4\u00ba Aniversario.<\/h2>\n<p>El \u00faltimo mi\u00e9rcoles de cada mes, varios museos del <a title=\"El Centro Hist\u00f3rico de la Ciudad de M\u00e9xico \" href=\"http:\/\/www.travelbymexico.com\/blog\/12424-el-centro-historico-de-la-ciudad-de-mexico\/\" target=\"_blank\">Centro Hist\u00f3rico de la ciudad de M\u00e9xico <\/a>abren sus puertas al p\u00fablico en un horario nocturno de 19:00 a 22:00 hrs. ofreciendo <strong>actividades<\/strong> diversas, <strong>en su mayor\u00eda gratuitas<\/strong>, como <span style=\"text-decoration: underline;\">visitas guiadas, visitas dramatizadas, presentaci\u00f3n de libros, inauguraci\u00f3n de exposici\u00f3n, conciertos, ciclo de cine, charlas, etc<\/span>.<\/p>\n<h3>Programa de la Noche de Museos del 27 de noviembre de 2013<\/h3>\n<p><span style=\"text-decoration: underline;\"><strong>Los museos participantes est\u00e1n agrupados por zonas:<\/strong> <\/span><\/p>\n<p><em>Circuito Norte<\/em> \/ <em>Circuito Centro<\/em> \/ <em>Circuito Centro-Norte<\/em> \/ <em>Circuito Centro-Sur<\/em> \/ <em>Circuito Centro-Oriente \/ <\/em><em>Circuito Sur \/ Circuito Chapultepec.<\/em><\/p>\n<h3>&#8216;Circuito Norte&#8217;<\/h3>\n<p>Noche de Museos llena de m\u00fasica\u2026<\/p>\n<p><span style=\"text-decoration: underline;\"><strong>Museo Ind\u00edgena<\/strong><\/span> <em>Paseo de la Reforma Norte No.707, Col. Morelos.<\/em><br \/>\nCharla con m\u00fasica por el Grupo &#8216;El Costumbre&#8217;<br \/>\n<strong>&#8216;M\u00fasica ind\u00edgena: mitos y realidades.<\/strong><br \/>\nde 18:00 a 19:00 hrs. Charla did\u00e1ctica con Julio Herrera.<\/p>\n<p><span style=\"text-decoration: underline;\"><strong>Museo de la Bas\u00edlica de Guadalupe<\/strong><\/span><br \/>\n<em>Plaza de las Am\u00e9ricas No.1, Col. Villa de Guadalupe. Del. Gustavo A. Madero.<\/em><br \/>\n&#8216;<strong>El coro de la villa de las ni\u00f1as<\/strong>&#8216;, interpretando canciones mexicanas y otras bellas melod\u00edas. <span style=\"text-decoration: underline;\">Entrada libre pagando la entrada al museo de $5 pesos<\/span>.<\/p>\n<p><span style=\"text-decoration: underline;\"><strong>Museo de los Ferrocarriles<\/strong><\/span><br \/>\n<em>Alberto Herrera s\/n, Col. Arag\u00f3n La Villa, Del. Gustavo A. Madero.<\/em><br \/>\n<strong>Concierto de la argentina &#8216;Melina Sarmiento&#8217;<\/strong> (Voz, guitarra y acorde\u00f3n interpretando desde jazz hasta tango cabaret.)<\/p>\n<p><span style=\"text-decoration: underline;\"><strong>Centro Cultural Universitario (CCU) Tlatelolco<\/strong><\/span><br \/>\n<em>Ricardo Flores Mag\u00f3n No.1, Col. Nonoalco, Tlatelolco.<\/em><\/p>\n<p>18:00 hrs. Visita Guiada por el Memorial del 68 y Museo de Tlatelolco.<br \/>\n19:00 hrs. Concierto de m\u00fasica cl\u00e1sica.<\/p>\n<h3>Circuito Centro<\/h3>\n<p><span style=\"text-decoration: underline;\"><strong>El Museo del Estanquillo<\/strong><\/span><br \/>\n<em>Madero e Isabel La Cat\u00f3lica, Delegaci\u00f3n Cuauht\u00e9moc. Centro Hist\u00f3rico, Ciudad de M\u00e9xico.<\/em><\/p>\n<p>&#8211; 17:00 hrs. <strong>Conferencia<\/strong>: &#8216;Los teatros de \u00f3pera de fines de S. XIX como espacio de la libertad femenina.&#8217;<br \/>\n&#8211; 19:00 <strong>Conferencia<\/strong>: &#8216;Sones del liberalismo: la caricatura pol\u00edtica en las partituras mexicanas del S. XIX.&#8217; &#8211; Rafael Barajas &#8216;El Fisg\u00f3n&#8217;.<br \/>\n<strong>Talleres<\/strong>: 18:00-20:00 hrs. Retratos del mundo\/ Notas de luz y color\/ Mini Orquesta (coleccionable).<br \/>\n<strong>Recorridos guiados<\/strong>: 18, 19, 20 y 21 hrs.<br \/>\nRecuerden que en el piso 1 del museo se exhibe la muestra &#8220;<a title=\"Exposici\u00f3n Partituras Mexicanas Ilustradas, un tesoro inaudito, Museo del Estanquillo\" href=\"http:\/\/www.travelbymexico.com\/blog\/15111-exhiben-partituras-mexicanas-ilustradas-de-carlos-monsivais\" target=\"_blank\">Partituras Mexicanas Ilustradas, un tesoro inaudito<\/a>.&#8221; pertenecientes a <strong>Carlos Monsiv\u00e1is<\/strong>.<\/p>\n<p><strong><span style=\"text-decoration: underline;\">Museo Palacio de Bellas Artes<\/span><\/strong><\/p>\n<p><strong>Exposici\u00f3n &#8216;Petite Maman&#8217;<\/strong> de Louise Bourgeois. Entrada libre.<\/p>\n<p><span style=\"text-decoration: underline;\"><strong>Casa de la Primera Imprenta de Am\u00e9rica<\/strong><\/span><br \/>\n<em>Calle Lic. Primo de Verdad No. 10, Esq. Moneda, Col. Centro, Del. Cuauht\u00e9moc.<\/em><\/p>\n<p>19:00 horas &#8211; <strong>Recital de guitarra barroca<\/strong> con Miguel Alc\u00e1zar. Entrada libre.<\/p>\n<h3>Circuito Centro-Norte<\/h3>\n<p><strong><a title=\"Antiguo Palacio de la Inquisici\u00f3n \u2013 Museo de Medicina \" href=\"http:\/\/www.travelbymexico.com\/blog\/1730-antiguo-palacio-de-la-inquisicion-museo-de-medicina\/\" target=\"_blank\">Palacio de la Escuela de Medicina <\/a><\/strong><br \/>\nRep\u00fablica de Brasil No. 33. (entre las calles: Rep\u00fablica de Brasil, Rep\u00fablica de Argentina y Belisario Dom\u00ednguez).<\/p>\n<p><strong>&#8220;Por la libre&#8221;<\/strong>: recorra a su propio ritmo el Palacio de la Escuela de Medicina, as\u00ed como todas las salas, gabinetes m\u00e9dicos y laboratorios del Museo de la Medicina Mexicana. De 19:00 a 21:30 hrs.<\/p>\n<p><strong><span style=\"text-decoration: underline;\"><a title=\"Archivo Hist\u00f3rico del Distrito Federal en la ciudad de M\u00e9xico\" href=\"http:\/\/www.travelbymexico.com\/blog\/11199-archivo-historico-del-distrito-federal-carlos-de-siguenza-y-gongora\" target=\"_blank\">Archivo Hist\u00f3rico del Distrito Federal Carlos de Sig\u00fcenza y G\u00f3ngora<\/a><\/span><\/strong><br \/>\n<em>Rep\u00fablica de Chile No. 8, Centro Hist\u00f3rico.<\/em><br \/>\n19:30 hrs. <strong>Visita dramatizada<\/strong>, a trav\u00e9s de la cual conocer\u00e1s la historia del palacio de los Condes de Heras-Soto y descubrir\u00e1s cu\u00e1l es el documento m\u00e1s antiguo que resguarda este inmueble.<br \/>\n20:30 hrs. La <strong>brigada de Ciencia<\/strong> en las Calles, del INJUVE impartir\u00e1 el <strong>taller<\/strong> Torres de Hanoi donde podr\u00e1s cabildear sobre decisiones que te divertir\u00e1n.<\/p>\n<p><a title=\"Antiguo Colegio de San Ildefonso: rese\u00f1a, fotos y mapa de ubicaci\u00f3n\" href=\"http:\/\/www.travelbymexico.com\/ciudaddemexico\/atractivos\/?nom=edfeildefonso\" target=\"_blank\"><span style=\"text-decoration: underline;\"><strong>Antiguo Colegio de San Ildefonso<\/strong><\/span><\/a><\/p>\n<p><strong>Rodada de bicicletas<\/strong> de la colonia Roma al Antiguo Colegio de San Ildefonso, en colaboraci\u00f3n con Apolorama (Revista digital).<br \/>\n<strong>Concierto de Jazz Funck<\/strong> con el grupo Los Guadaloops.<br \/>\n<strong>Cine club<\/strong>: Proyecci\u00f3n de la pel\u00edcula La maleta mexicana.<br \/>\n<strong>Visitas guiadas a los murales<\/strong> (19:00 a 19:30 hrs) y a la exposici\u00f3n La maleta mexicana (20:00 a 20:30 hrs).<br \/>\n<strong>El redescubrimiento de los negativos de la Guerra Civil Espa\u00f1ola de Capa, Chim y Taro.<\/strong><br \/>\nPromoci\u00f3n: $22,50 (no aplica con otros descuentos y promociones).<br \/>\nEntrada libre a ni\u00f1os menores de 12 a\u00f1os, personas de la tercera edad y participantes del programa de membres\u00edas del museo.<\/p>\n<h3>Circuito Centro-Sur<\/h3>\n<p><span style=\"text-decoration: underline;\"><strong>Museo de la Ciudad de M\u00e9xico<\/strong> <\/span><br \/>\n<em>Pino Su\u00e1rez No.30, Centro Hist\u00f3rico.<\/em><\/p>\n<p>20:00 hrs. &#8216;Leyendas y sombras&#8217; <strong>Taller de teatro de sombras<\/strong> en d\u00f3nde los participantes elaboran sus marionetas y recrean las leyendas de la Ciudad de M\u00e9xico. Entrada libre.<br \/>\n<strong>Exposici\u00f3n<\/strong> &#8216;<strong>Utop\u00eda, Arte y Tecnolog\u00eda en interacci\u00f3n<\/strong>&#8216; (hasta el 1 de diciembre).<\/p>\n<p><span style=\"text-decoration: underline;\"><strong>Templo de Regina Coeli<\/strong> <\/span>&#8211; <em>Bolivar No.92, Col. Centro.<\/em><br \/>\n17:00 horas. Historias por M\u00e9xico, conferencia &#8216;De santos y v\u00edrgenes, inspiraci\u00f3n novohispana.&#8217; Donativo: $100.<\/p>\n<p><span style=\"text-decoration: underline;\"><strong>Universidad del Claustro de Sor Juana<\/strong><\/span><br \/>\n<em>Ex Convento de San Jer\u00f3nimo y Celda de Sor Juana<\/em>.<br \/>\nActividades y visitas guiadas de las 20:00 a las 21:30 hrs.<\/p>\n<p>En la Celda Contempor\u00e1nea\/ formato 3: <strong>Exposici\u00f3n &#8220;Horizontes fracturados&#8221;<\/strong>, tributo a <strong>Sor Juana In\u00e9s de la Cruz<\/strong>; de Aurora Nore\u00f1a, Magali \u00c1vila y Lorena Camarena, musicalizada por <strong>Michael Nyman<\/strong>.<br \/>\n<strong>Visitas guiadas<\/strong> de 19:00 a 22:00 hrs. (Esta exposici\u00f3n permanecer\u00e1 hasta el 14 de diciembre de 2013. De lunes a viernes de 10:00 a 17:00 hrs. S\u00e1bado de 10:00 a 14:00 horas.<\/p>\n<h3>Circuito Centro-Oriente<\/h3>\n<p><span style=\"text-decoration: underline;\"><strong>Museo de las Constituciones<\/strong><\/span><br \/>\nConcierto de &#8216;Gacela&#8217; a las 19:30 hrs. (en punto).<\/p>\n<p><strong><span style=\"text-decoration: underline;\">Academia de San Carlos<\/span> <\/strong>Academ\u00eda No. 22, Col. Centro.<br \/>\nActividades a partir de las 19:00 horas.<br \/>\n19:15 hrs. <strong>Visita guiada a cargo del historiador Dante D\u00edaz Mendieta.<\/strong><br \/>\n20:00 hrs. <strong>Concierto visual: &#8216;La inaudita quinteta de hombres fatales&#8217;<\/strong> (fusi\u00f3n de cabaret). Entrada libre<br \/>\n<strong>Exposiciones<\/strong>: &#8216;Cenizas vivas&#8217; de Jorge Trujillo; &#8216;Anatom\u00eda Quim\u00e9rica&#8217; de Julio Ch\u00e1vez; &#8216;Universo&#8217; de Eduardo Ch\u00e1vez Silva.<\/p>\n<p><span style=\"text-decoration: underline;\"><strong>Archivo General de la Naci\u00f3n<\/strong><\/span><br \/>\nEduardo Molina No.113, Col.Penitenciaria.<br \/>\n19:00 hrs. <strong>Concierto del grupo &#8216;Los Ultramarinos&#8217;<\/strong>. Donativo: $50.<\/p>\n<h3>Circuito Sur (Coyoac\u00e1n)<\/h3>\n<p><strong><a title=\"La Casa Azul, Museo Frida Kahlo en Coyoac\u00e1n\" href=\"http:\/\/www.travelbymexico.com\/blog\/9469-la-casa-azul-museo-frida-kahlo-en-coyoacan\" target=\"_blank\">Museo Frida Kahlo <\/a><\/strong><br \/>\nActividades: de 18:00 a 22: 00 hrs. Entrada general $60 pesos.\u00a0 Obra de teatro: $140 pesos<\/p>\n<p>20:00\u00a0 hrs. &#8220;<strong>Pies para qu\u00e9 los quiero, si tengo alas pa\u2019 volar<\/strong>.&#8221;\u00a0 Obra de teatro sobre la vida de Frida Kahlo $140 pesos<\/p>\n<p><span style=\"text-decoration: underline;\"><strong>Museo Nacional de la Acuarela<\/strong><\/span><br \/>\n<em>Salvador Novo No.88, Col. Santa Caterina. <\/em><br \/>\n<strong>Visitas guiadas<\/strong>, a partir de las 19:00 hrs.<br \/>\n<strong>Concierto<\/strong> del cantautor de trova Juan Jos\u00e9 Lavaniegos.<br \/>\nActividades a partir de las 19:00 horas.Entrada libre.<\/p>\n<h3>Circuito Chapultepec<\/h3>\n<p><strong>Galer\u00eda Casa Lamm<\/strong> <em>\u00c1lvaro Obreg\u00f3n No.99, esquina con Orizaba, Colonia Roma Norte, Delegaci\u00f3n Cuauht\u00e9moc.<\/em><\/p>\n<p>Mini Ciclo de Cine de<strong> Tim Burton.<\/strong> 19:00 hrs. Entrada libre.<br \/>\n<strong>&#8216;Beetlejuice&#8217;<\/strong> &#8211; 1988<br \/>\n<strong>&#8216;The nightmare before Christmas&#8217;<\/strong> &#8211; 1993<\/p>\n<p><span style=\"text-decoration: underline;\"><strong>Museo del Chocolate (Mucho)<\/strong><\/span><br \/>\nde 19:00 a 22:00 hrs.<br \/>\n<strong>Visitas Guiadas<\/strong> (Entrada libre) 19:30, 20:30 y 21:30 hrs.<br \/>\n20: 00 hrs. <strong>Conferencia<\/strong>, &#8220;El estado actual de la investigaci\u00f3n, transferencia y desarrollo tecnol\u00f3gico en el sistema agroindustrial del cacao en M\u00e9xico&#8221;.<br \/>\n<strong>Cata de cacao de origen y chocolate artesanal mexicano<\/strong> ($75 pesos) 19:30, 20:30 y 21:30 hrs.<br \/>\n<strong>Admisi\u00f3n<\/strong>: Adultos: $65 pesos. Ni\u00f1os, estudiantes y personas de la tercera edad: $40 pesos.<br \/>\nPaquetes: Familiar: dos adultos + dos ni\u00f1os: $160 pesos. Uno+Tres: un adulto + tres ni\u00f1os: $160 pesos.<\/p>\n<p><strong><a title=\"Museo Soumaya Plaza Carso: rese\u00f1a, fotos y mapa de ubicaci\u00f3n\" href=\"http:\/\/www.travelbymexico.com\/blog\/5749-el-nuevo-museo-soumaya-abrio-sus-puertas-en-plaza-carso\" target=\"_blank\">Museo Soumaya Plaza Carso<\/a><\/strong><br \/>\n<em> Blvd. Miguel de Cervantes Saavedra No.303. Col. Ampliaci\u00f3n Granada.<\/em><\/p>\n<p>De 19:00 a 21:30 hrs. <strong>Taller<\/strong> &#8216;Construyendo un museo&#8217;.<br \/>\n19:15 y 21:30 hrs. <strong>Visitas dramatizadas<\/strong> con Oro y Plata.<br \/>\nDe 19:00 a 21:00 hrs. Breves fueron mis palabras. <strong>Intercambio de libros<\/strong> en el Soumaya.<br \/>\n20:00 hrs. <strong>Concierto de Piano<\/strong> de Mauricio Haneine.<br \/>\nActividades a partir de las 19:00 horas. Entrada libre.<\/p>\n<p><span style=\"text-decoration: underline;\"><strong>Museo Soumaya Plaza Loreto<\/strong><\/span><br \/>\n<em>Av. Revoluci\u00f3n y R\u00edo Magdalena, Eje 10 Sur. Col.Tizap\u00e1n.<\/em><br \/>\n19:00 hrs. <strong>Conferencia<\/strong> &#8216;La t\u00e9cnica de cuatricrom\u00eda.&#8217;<br \/>\n19:30-20:30 hrs. <strong>Taller de cuatricrom\u00eda<\/strong>. (cupo limitado).<br \/>\n20:30-21:15 hrs. Visita guiada a la <strong>exposici\u00f3n de &#8216;Calendarios mexicanos.&#8217;<\/strong><br \/>\nEntrada libre.<\/p>\n<p><span style=\"text-decoration: underline;\"><strong>Museo de Historia Natural y Cultura Ambiental<\/strong><\/span><br \/>\n<em>Segunda Secci\u00f3n del Bosque de Chapultepec s\/n, Del. Miguel Hidalgo. <\/em><br \/>\n19:30 hrs. <strong>Exposici\u00f3n fotogr\u00e1fica<\/strong>: &#8220;<strong>Arca de No\u00e9<\/strong>&#8221; de Francisco Mata Rosas en un horario especial.<\/p>\n<p><strong><a title=\"Museo Nacional de Historia en Chapultepec\" href=\"http:\/\/www.travelbymexico.com\/ciudaddemexico\/atractivos\/?nom=1309488451\" target=\"_blank\">Museo Nacional de Historia <\/a><\/strong>(Museo del Castillo de Chapultepec)<\/p>\n<p>20:00 hrs. <strong>Concierto<\/strong> &#8216;<strong>Barroco y Espa\u00f1a<\/strong>&#8216; con el guitarrista Carlos Maceiras.<br \/>\nEn el patio central, entrada libre.<\/p>\n<p><strong><a title=\"Museo de Arte Moderno de la ciudad de M\u00e9xico: rese\u00f1an, fotos y mapa de ubicaci\u00f3n\" href=\"http:\/\/www.travelbymexico.com\/ciudaddemexico\/atractivos\/?nom=1309488212\" target=\"_blank\">Museo de Arte Moderno<\/a><\/strong><br \/>\n<em>Paseo de la Reforma y Gandhi s\/n, Bosque de Chapultepec. <\/em><br \/>\n19:00 hrs. <strong>Apertura de Obras son Amores<\/strong><br \/>\n20:00 hrs. <strong>Bosque Sonoro<\/strong>: &#8216;Los minutos&#8217;, intervenci\u00f3n sonora.<br \/>\nConcierto Multi-Canal.<\/p>\n<p>&nbsp;<\/p>\n","protected":false},"excerpt":{"rendered":"<p>C\u00f3noce el programa de eventos y actividades que algunos museos de la ciudad de M\u00e9xico han preparado para ti en<\/p>\n","protected":false},"author":2,"featured_media":15299,"comment_status":"closed","ping_status":"closed","sticky":false,"template":"","format":"standard","meta":[],"categories":[9,912],"tags":[97,6600,177,6604,2975,6601,6602,1351,360,2317,9799,3357,509,6598,6593,6603,2624,2031,4872,6597,4533,4127,9805,2446,918,6357,1053,6596,1157,6594,6599,6595],"_links":{"self":[{"href":"https:\/\/www.travelbymexico.com\/blog\/wp-json\/wp\/v2\/posts\/15298"}],"collection":[{"href":"https:\/\/www.travelbymexico.com\/blog\/wp-json\/wp\/v2\/posts"}],"about":[{"href":"https:\/\/www.travelbymexico.com\/blog\/wp-json\/wp\/v2\/types\/post"}],"author":[{"embeddable":true,"href":"https:\/\/www.travelbymexico.com\/blog\/wp-json\/wp\/v2\/users\/2"}],"replies":[{"embeddable":true,"href":"https:\/\/www.travelbymexico.com\/blog\/wp-json\/wp\/v2\/comments?post=15298"}],"version-history":[{"count":3,"href":"https:\/\/www.travelbymexico.com\/blog\/wp-json\/wp\/v2\/posts\/15298\/revisions"}],"predecessor-version":[{"id":15302,"href":"https:\/\/www.travelbymexico.com\/blog\/wp-json\/wp\/v2\/posts\/15298\/revisions\/15302"}],"wp:featuredmedia":[{"embeddable":true,"href":"https:\/\/www.travelbymexico.com\/blog\/wp-json\/wp\/v2\/media\/15299"}],"wp:attachment":[{"href":"https:\/\/www.travelbymexico.com\/blog\/wp-json\/wp\/v2\/media?parent=15298"}],"wp:term":[{"taxonomy":"category","embeddable":true,"href":"https:\/\/www.travelbymexico.com\/blog\/wp-json\/wp\/v2\/categories?post=15298"},{"taxonomy":"post_tag","embeddable":true,"href":"https:\/\/www.travelbymexico.com\/blog\/wp-json\/wp\/v2\/tags?post=15298"}],"curies":[{"name":"wp","href":"https:\/\/api.w.org\/{rel}","templated":true}]}}