{"id":15279,"date":"2013-11-22T19:42:09","date_gmt":"2013-11-23T01:42:09","guid":{"rendered":"http:\/\/www.travelbymexico.com\/blog\/?p=15279"},"modified":"2013-11-23T15:45:26","modified_gmt":"2013-11-23T21:45:26","slug":"cumbre-tajin-2014-anuncia-primeros-artistas-confirmados","status":"publish","type":"post","link":"https:\/\/www.travelbymexico.com\/blog\/15279-cumbre-tajin-2014-anuncia-primeros-artistas-confirmados\/","title":{"rendered":"Cumbre Taj\u00edn 2014 anuncia primeros artistas confirmados"},"content":{"rendered":"<h2>&#8216;Cumbre Tajin&#8217; anunci\u00f3 ayer en su sitio web las tres primeras bandas que conformar\u00e1n su cartelera art\u00edstica para el d\u00eda 21 de marzo de 2014.<\/h2>\n<p>Si bien faltan varios meses para el inicio de la <strong>Cumbre Taj\u00edn 2014<\/strong>,\u00a0uno de los festivales culturales m\u00e1s importantes de M\u00e9xico, nunca es demasiado temprano para empezar a organizar tu visita y tu viaje adquiriendo de una vez tus boleto para asistir a los <strong>conciertos<\/strong> que se llevar\u00e1n a cabo <strong>del 21 al 25 de marzo 2014<\/strong>, como cada a\u00f1o en el <strong>Parque Tem\u00e1tico Takilhsukut<\/strong>, en Papantla, Ver.<\/p>\n<p><span style=\"text-decoration: underline;\"><strong>Las tres primeras bandas confirmadas son:<\/strong><\/span><\/p>\n<p><strong>Tool<\/strong>, banda estadounidense de Metal Progresivo ganadora de tres premios Grammy;<\/p>\n<p><strong>Puscifer<\/strong>, proyecto de m\u00fasica electroindustrial (Industrial, experimental, ambiental, trip hop) creado por Maynard James Keenan, vocalista de las bandas <em>Tool<\/em> y <em>A Perfect Circle<\/em>, que funge como puerta giratoria de talentos puesto que\u00a0Keenan es el \u00fanico miembro fijo de la banda;<\/p>\n<p>y <strong>Primus<\/strong>, banda estadounidense de rock fusi\u00f3n cuyos integrantes son considerados como los veteranos del Rock alternativo experimental.<\/p>\n<p>Festival cultural que combina las tradiciones ancestrales Totonacas con conciertos y actividades, a lo largo de sus casi 14 a\u00f1os de existencia <strong>Cumbre Taj\u00edn<\/strong> se ha destacado por su cuidadosa programaci\u00f3n musical. En sus ediciones pasadas, ha contado con la participaci\u00f3n de artistas de talla internacional como <span style=\"text-decoration: underline;\"><em><a title=\"Bj\u00f6rk estuvo en concierto en la Cumbre Taj\u00edn 2012\" href=\"http:\/\/www.travelbymexico.com\/blog\/10865-bjork-caifanes-cafe-tacvba-y-muchos-mas-en-la-cumbre-tajin-2012\" target=\"_blank\">Bj\u00f6rk<\/a>, <a title=\"Cumbre Tajin 2013 Pet Shop Boys, Ziggy Marley, Calvin Harris, Regina Spektor, Julieta Venegas, The Smashing Pumpinks\" href=\"http:\/\/www.travelbymexico.com\/blog\/13627-cumbre-tajin-2013-programa-de-conciertos-y-actividades\" target=\"_blank\">Pet Shop Boys, Ziggy Marley, Calvin Harris, Regina Spektor, o The Smashing Pumpinks<\/a><\/em><\/span>, entre otros.<\/p>\n<h3>Boletos<\/h3>\n<p>Disponibles ya en Ticketmaster.com.mx<\/p>\n<h3>Acerca de la Cumbre Taj\u00edn<\/h3>\n<p>Creado en el 2000 con el objetivo primordial de preservar y difundir la riqueza cultural y arqueol\u00f3gica de la Ciudad Sagrada de El Taj\u00edn y las tradiciones del pueblo Totonaca, el <strong>Festival Cultural Cumbre Taj\u00edn<\/strong> se realiza cada a\u00f1o en fechas cercanas al equinoccio de primavera.<\/p>\n<p>Aparte de conciertos se lleva a cabo una serie de actividades como ceremonias, talleres, terapias de medicina alternativa, conferencias, exposiciones de artesan\u00edas, juegos aut\u00f3ctonos, danzas y rituales que incluir\u00e1n a los <a title=\"Voladores de Papantla: hombres p\u00e1jaro de M\u00e9xico\" href=\"http:\/\/www.travelbymexico.com\/blog\/5696-voladores-de-papantla-hombres-pajaros-de-mexico\" target=\"_blank\">Voladores de Papantla<\/a>, y actos circenses entre otros; en la zona arqueol\u00f3gica El Taj\u00edn, el Parque Takilhsukut y el z\u00f3calo de la ciudad de Papantla.<\/p>\n<h3>Declaratorias relativas a la Zona Arqueol\u00f3gica de El Taj\u00edn<\/h3>\n<p>Por sus valores culturales, as\u00ed como por otras caracter\u00edsticas especiales, la Zona Arqueol\u00f3gica de El Taj\u00edn cuenta con las siguientes declaratorias:<\/p>\n<p>&#8211; El 30 de marzo del 2001 se public\u00f3 un decreto presidencial que protege las 1,221 hect\u00e1reas de zona arqueol\u00f3gica.<br \/>\n-El 14 de diciembre de 1992, el Taj\u00edn fue inscrito como Bien Cultural en la Lista de Patrimonio Mundial de la Unesco.<\/p>\n<p><strong><a title=\"Zona Arqueol\u00f3gica de El Taj\u00edn\" href=\"http:\/\/www.travelbymexico.com\/blog\/1766-tajin-zona-arqueologica\/\" target=\"_blank\">Zona Arqueol\u00f3gica de El Taj\u00edn<\/a><\/strong>: Carretera Federal Poza Rica \u2013 Taj\u00edn, a 16 Km al sur de la ciudad de Poza Rica y a 6 Km al oeste de Papantla.<\/p>\n<p>&nbsp;<\/p>\n","protected":false},"excerpt":{"rendered":"<p>&#8216;Cumbre Tajin&#8217; anunci\u00f3 ayer en su sitio web las tres primeras bandas que conformar\u00e1n su cartelera art\u00edstica para el d\u00eda<\/p>\n","protected":false},"author":2,"featured_media":15280,"comment_status":"closed","ping_status":"closed","sticky":false,"template":"","format":"standard","meta":[],"categories":[37,912],"tags":[4420,144,4078,397,6568,6567,1052,6565,4030,6566,4988],"_links":{"self":[{"href":"https:\/\/www.travelbymexico.com\/blog\/wp-json\/wp\/v2\/posts\/15279"}],"collection":[{"href":"https:\/\/www.travelbymexico.com\/blog\/wp-json\/wp\/v2\/posts"}],"about":[{"href":"https:\/\/www.travelbymexico.com\/blog\/wp-json\/wp\/v2\/types\/post"}],"author":[{"embeddable":true,"href":"https:\/\/www.travelbymexico.com\/blog\/wp-json\/wp\/v2\/users\/2"}],"replies":[{"embeddable":true,"href":"https:\/\/www.travelbymexico.com\/blog\/wp-json\/wp\/v2\/comments?post=15279"}],"version-history":[{"count":3,"href":"https:\/\/www.travelbymexico.com\/blog\/wp-json\/wp\/v2\/posts\/15279\/revisions"}],"predecessor-version":[{"id":15288,"href":"https:\/\/www.travelbymexico.com\/blog\/wp-json\/wp\/v2\/posts\/15279\/revisions\/15288"}],"wp:featuredmedia":[{"embeddable":true,"href":"https:\/\/www.travelbymexico.com\/blog\/wp-json\/wp\/v2\/media\/15280"}],"wp:attachment":[{"href":"https:\/\/www.travelbymexico.com\/blog\/wp-json\/wp\/v2\/media?parent=15279"}],"wp:term":[{"taxonomy":"category","embeddable":true,"href":"https:\/\/www.travelbymexico.com\/blog\/wp-json\/wp\/v2\/categories?post=15279"},{"taxonomy":"post_tag","embeddable":true,"href":"https:\/\/www.travelbymexico.com\/blog\/wp-json\/wp\/v2\/tags?post=15279"}],"curies":[{"name":"wp","href":"https:\/\/api.w.org\/{rel}","templated":true}]}}