{"id":15263,"date":"2013-11-20T22:20:24","date_gmt":"2013-11-21T04:20:24","guid":{"rendered":"http:\/\/www.travelbymexico.com\/blog\/?p=15263"},"modified":"2013-11-20T22:20:50","modified_gmt":"2013-11-21T04:20:50","slug":"obras-del-maestro-de-la-luz-joaquin-sorolla-llegan-al-mahg","status":"publish","type":"post","link":"https:\/\/www.travelbymexico.com\/blog\/15263-obras-del-maestro-de-la-luz-joaquin-sorolla-llegan-al-mahg\/","title":{"rendered":"Obras del maestro de la luz Joaqu\u00edn Sorolla llegan al MAHG"},"content":{"rendered":"<h2>El pr\u00f3ximo 27 de noviembre, el Museo de Arte e Historia de Guanajuato (MAHG) de la\u00a0 ciudad de Le\u00f3n cumplir\u00e1 cinco a\u00f1os de su apertura. El mismo d\u00eda, el recinto inaugurar\u00e1 la exposici\u00f3n temporal &#8220;Prodigios de la luz. Sorolla y sus contempor\u00e1neos&#8221;, muestra integrada por obras del gran pintor luminista espa\u00f1ol pertenecientes en su mayor\u00eda a la colecci\u00f3n del Museo Nacional de Bellas Artes de La Habana, Cuba, y que en nuestro pa\u00eds se ha presentado solamente en el Museo Nacional de San Carlos (del 20 de marzo al 29 de septiembre de 2013).<\/h2>\n<p>El viernes 22 de noviembre se llevar\u00e1 a cabo una <strong>conferencia de prensa<\/strong> en el MAHG en la que adem\u00e1s de proporcionar detalles acerca de esta futura exhibici\u00f3n, se informar\u00e1 de la jornada de actividades programadas en el marco del quinto aniversario del MAHG.<\/p>\n<p>&#8220;Prodigios de la luz. Sorolla y sus contempor\u00e1neos&#8221; presentar\u00e1 <strong>obras de otros representantes de la pintura espa\u00f1ola<\/strong> de fines del siglo XIX y principios del XX, con la finalidad de ofrecer un panorama est\u00e9tico de la pintura ib\u00e9rica de esa \u00e9poca.<\/p>\n<p>Como resultado de la <strong>colaboraci\u00f3n<\/strong> entre el <strong><em>Museo Nacional de Bellas Artes de la Habana<\/em><\/strong>, el <a title=\"Museo Nacional de San Carlos en la ciudad de M\u00e9xico: rese\u00f1a, fotos y mapa de ubicaci\u00f3n\" href=\"http:\/\/www.travelbymexico.com\/ciudaddemexico\/atractivos\/?nom=edfesancarlos\" target=\"_blank\"><em><strong>Museo Nacional de San Carlos<\/strong><\/em><\/a>, el <strong><em>Museo Franz Mayer<\/em> <\/strong>y otras colecciones privadas, el <a title=\"Museo de Arte e Historia de Guanajuato en la ciudad de Le\u00f3n: rese\u00f1a, fotos y mapa de ubicaci\u00f3n\" href=\"http:\/\/www.travelbymexico.com\/leon_cd\/atractivos\/?nom=kleomusartehistor\" target=\"_blank\"><strong>Museo de Arte e Historia de Guanajuato<\/strong><\/a> exhibir\u00e1 del jueves 28 de noviembre del 2013 al domingo 2 marzo del 2014 m\u00e1s de 50 obras del pintor y artista gr\u00e1fico Joaqu\u00edn Sorolla y Bastida (27 de febrero de 1863 &#8211; 10 de agosto de 1923) considerado como el principal representante del <strong>luminismo valenciano<\/strong>, corriente art\u00edstica que prestaba una especial atenci\u00f3n a los efectos de la luz en el instante en que se pintaba la escena; y fue adem\u00e1s uno de los pintores espa\u00f1oles m\u00e1s prol\u00edficos, con m\u00e1s de 2.200 obras catalogadas.<\/p>\n<p>Entre los destacados pintores espa\u00f1oles del luminismo o luminismo valenciano, impresionismo espa\u00f1ol de fines del siglo XIX y principios del siglo XX, se encuentran <em>Ignacio Pinazo<\/em>, <em>Francisco Ben\u00edtez Mellado<\/em>,\u00a0 <em>Teodoro Andreu<\/em>, y <em>Vicente Castell<\/em>.<\/p>\n<h3>Conferencia de prensa<\/h3>\n<p>La conferencia de prensa se llevar\u00e1 a cabo viernes 22 de noviembre de 2013 a las 11:00 horas en la Sala de Juntas del Forum Cultural Guanajuato.<\/p>\n<p><span style=\"text-decoration: underline;\"><strong>Estar\u00e1 presidida por:<\/strong><\/span><br \/>\nArturo Joel Padilla C\u00f3rdova.\u00a0Director del Forum Cultural Guanajuato<br \/>\nAmelia Ch\u00e1vez Padilla.\u00a0Directora del Museo de Arte e Historia de Guanajuato.<br \/>\nAna Mar\u00eda Fuentes Galeto. Miembro del Consejo de Direcci\u00f3n del Museo Nacional de Bellas Artes de la Habana.<br \/>\nYanet del Carmen Berto Serrano. Curadora de la Colecci\u00f3n de Arte Latinoamericana del Museo Nacional de Bellas Artes de la Habana.<\/p>\n<h3>Inauguraci\u00f3n<\/h3>\n<p>Mi\u00e9rcoles 27 de noviembre a las 19:30 horas.<\/p>\n<h3>Costo y horarios<\/h3>\n<p><strong><em>&#8220;Prodigios de la luz. Sorolla y sus contempor\u00e1neos&#8221;<\/em><\/strong><\/p>\n<p><span style=\"text-decoration: underline;\">Del jueves 28 de noviembre del 2013 al domingo 2 marzo del 2014.<\/span><\/p>\n<p>Martes a Viernes de 10:00 a 17:00 horas.<br \/>\nS\u00e1bados y Domingos de 11:00 a 19:00 horas<br \/>\nLugar: Sala Luis Garc\u00eda Guerrero<br \/>\nCosto: $20.00 pesos.<\/p>\n<p><strong><a title=\"Secci\u00f3n cultura del Blog de Travelbymexico.com: exposiciones, eventos culturales, feria del libro, etc.\" href=\"http:\/\/www.travelbymexico.com\/blog\/cultura\" target=\"_blank\">Ver m\u00e1s exposiciones y eventos culturales en toda la Rep\u00fablica Mexicana<\/a><\/strong><\/p>\n<p>&nbsp;<\/p>\n","protected":false},"excerpt":{"rendered":"<p>El pr\u00f3ximo 27 de noviembre, el Museo de Arte e Historia de Guanajuato (MAHG) de la\u00a0 ciudad de Le\u00f3n cumplir\u00e1<\/p>\n","protected":false},"author":2,"featured_media":15265,"comment_status":"closed","ping_status":"closed","sticky":false,"template":"","format":"standard","meta":[],"categories":[9,912],"tags":[317,6542,587,6548,2090,6543,6545,6549,2656,863,1508,6547,1380,6544,6546],"_links":{"self":[{"href":"https:\/\/www.travelbymexico.com\/blog\/wp-json\/wp\/v2\/posts\/15263"}],"collection":[{"href":"https:\/\/www.travelbymexico.com\/blog\/wp-json\/wp\/v2\/posts"}],"about":[{"href":"https:\/\/www.travelbymexico.com\/blog\/wp-json\/wp\/v2\/types\/post"}],"author":[{"embeddable":true,"href":"https:\/\/www.travelbymexico.com\/blog\/wp-json\/wp\/v2\/users\/2"}],"replies":[{"embeddable":true,"href":"https:\/\/www.travelbymexico.com\/blog\/wp-json\/wp\/v2\/comments?post=15263"}],"version-history":[{"count":3,"href":"https:\/\/www.travelbymexico.com\/blog\/wp-json\/wp\/v2\/posts\/15263\/revisions"}],"predecessor-version":[{"id":15267,"href":"https:\/\/www.travelbymexico.com\/blog\/wp-json\/wp\/v2\/posts\/15263\/revisions\/15267"}],"wp:featuredmedia":[{"embeddable":true,"href":"https:\/\/www.travelbymexico.com\/blog\/wp-json\/wp\/v2\/media\/15265"}],"wp:attachment":[{"href":"https:\/\/www.travelbymexico.com\/blog\/wp-json\/wp\/v2\/media?parent=15263"}],"wp:term":[{"taxonomy":"category","embeddable":true,"href":"https:\/\/www.travelbymexico.com\/blog\/wp-json\/wp\/v2\/categories?post=15263"},{"taxonomy":"post_tag","embeddable":true,"href":"https:\/\/www.travelbymexico.com\/blog\/wp-json\/wp\/v2\/tags?post=15263"}],"curies":[{"name":"wp","href":"https:\/\/api.w.org\/{rel}","templated":true}]}}