{"id":15172,"date":"2013-11-11T19:27:47","date_gmt":"2013-11-12T01:27:47","guid":{"rendered":"http:\/\/www.travelbymexico.com\/blog\/?p=15172"},"modified":"2013-11-11T19:27:47","modified_gmt":"2013-11-12T01:27:47","slug":"coloquio-celebra-en-chapultepec-10-anos-de-la-convencion-del-patrimonio-inmaterial","status":"publish","type":"post","link":"https:\/\/www.travelbymexico.com\/blog\/15172-coloquio-celebra-en-chapultepec-10-anos-de-la-convencion-del-patrimonio-inmaterial\/","title":{"rendered":"Coloquio celebra en Chapultepec 10 a\u00f1os de la Convenci\u00f3n del Patrimonio Inmaterial"},"content":{"rendered":"<h2>Celebrando los 10 a\u00f1os de la Convenci\u00f3n del Patrimonio Inmaterial aprobada por la UNESCO el 17 de octubre de 2003, se inaugur\u00f3 hoy en el Auditorio del Museo Nacional de Historia &#8216;Castillo de Chapultepec&#8217; el &#8220;Coloquio Internacional &#8220;Voces y ra\u00edces de la identidad, 10 a\u00f1os de la Convenci\u00f3n para la Salvaguardia del Patrimonio Cultural Inmaterial: avances y perspectivas&#8221;.<\/h2>\n<p>El coloquio se llevar\u00e1 a cabo hasta el mi\u00e9rcoles 13 de noviembre de 2013 en el <a title=\"Museo Nacional de Historia en Chapultepec, Ciudad de M\u00e9xico\" href=\"http:\/\/www.travelbymexico.com\/ciudaddemexico\/atractivos\/?nom=1309488451\" target=\"_blank\">Museo Nacional de Historia &#8220;Castillo de Chapultepec&#8221;<\/a>.<\/p>\n<p>Cabe destacar que hoy d\u00eda, M\u00e9xico inscribi\u00f3 en las listas de la UNESCO:<\/p>\n<p>&#8211; 27 sitios considerados Patrimonio Cultural de la Humanidad,<br \/>\n&#8211; 5 sitios considerados Patrimonio Natural de la Humanidad,<br \/>\n&#8211; 7 tradiciones y festejos inscritos a la Lista del Patrimonio Cultural Inmaterial de la Humanidad, que son:<\/p>\n<p><em>&#8211; Las Festividades Ind\u00edgenas de <a title=\"Tradici\u00f3n del D\u00eda de Muertos en M\u00e9xico\" href=\"http:\/\/www.travelbymexico.com\/blog\/4940-dia-de-muertos-en-mexico\" target=\"_blank\">D\u00eda de Muertos<\/a>.<\/em><br \/>\n<em>&#8211; La <a title=\"Voladores de Papantla, hombres p\u00e1jaros de M\u00e9xico\" href=\"http:\/\/www.travelbymexico.com\/blog\/5696-voladores-de-papantla-hombres-pajaros-de-mexico\" target=\"_blank\">Ceremonia Ritual de los Voladores<\/a>.<\/em><br \/>\n<em>&#8211; Los Lugares de Memoria y Tradiciones Vivas de los Pueblos otom\u00ed-chichimecas.<\/em><br \/>\n<em>&#8211; La Cocina Tradicional Mexicana.<\/em><br \/>\n<em><a title=\"Fiesta Grande de Enero en Chiapa de Corzo\" href=\"http:\/\/www.travelbymexico.com\/tuxtlagutierrez\/atractivos\/?nom=1295161355\" target=\"_blank\">&#8211; Los Parachicos de Chiapa de Corzo<\/a>.<\/em><br \/>\n<em>&#8211; La Pirekua, canto tradicional pur\u00e9pecha.<\/em><br \/>\n<em><a title=\"El Mariachi ya es Patrimonio Cultural de la Humanidad\" href=\"http:\/\/www.travelbymexico.com\/blog\/10511-el-mariachi-ya-es-patrimonio-cultural-de-la-humanidad\" target=\"_blank\">&#8211; El Mariachi<\/a>; <\/em><\/p>\n<p><em>&#8211; y en el Registro de Mejores Pr\u00e1cticas est\u00e1 inscrito como un modelo a seguir el &#8220;Centro de las Artes Ind\u00edgenas de Veracruz&#8221;.<\/em><\/p>\n<p><strong><span style=\"text-decoration: underline;\">Para mayor informaci\u00f3n consulta nuestro art\u00edculo:<\/span> <a title=\"Patrimonios de la Humanidad en M\u00e9xico\" href=\"http:\/\/www.travelbymexico.com\/blog\/5574-patrimonios-de-la-humanidad-en-mexico\" target=\"_blank\">Patrimonios de la Humanidad en M\u00e9xico<\/a><\/strong><\/p>\n<p><em><strong>&#8220;M\u00e9xico es ejemplo de observancia de las directrices de la Convenci\u00f3n a favor del desarrollo de las comunidades y culturas intangibles.&#8221; <\/strong><\/em>Mar\u00eda Teresa Franco, directora general del INAH.<\/p>\n<p>Al brindarles asesor\u00eda legal y cient\u00edfica, as\u00ed como apoyo y capacitaci\u00f3n para el manejo correcto de su patrimonio cultural, el INAH es aliado indiscutible de los pueblos y comunidades de M\u00e9xico en la salvaguardia de su riqueza cultural.<\/p>\n<p>M\u00e9xico, a trav\u00e9s del Instituto Nacional de Antropolog\u00eda e Historia (INAH), es ejemplo de observancia puntual de las directrices y principios de la Convenci\u00f3n, a favor del desarrollo de nuestras comunidades y sus culturas intangibles, asumiendo el compromiso\u00a0 de salvaguardar el patrimonio cultural de los mexicanos&#8221;.<\/p>\n<p><span style=\"text-decoration: underline;\"><strong>En la ceremonia de inauguraci\u00f3n del coloquio estuvieron presentes<\/strong><\/span>:<\/p>\n<p><strong>Teresa Franco<\/strong>, directora general del INAH, <strong>Alejandra Frausto<\/strong>, directora general de Culturas Populares e Ind\u00edgenas del CONACULTA; <strong>Fernando Brugman<\/strong>, coordinador del equipo de Cultura de la Oficina Regional de Cultura para Am\u00e9rica Latina y el Caribe de la UNESCO; <strong>Fernando Villafuerte<\/strong>, director general del Centro Regional para la Salvaguardia del Patrimonio Cultural Inmaterial UNESCO-CRESPIAL; y <strong>C\u00e9sar Moheno<\/strong>, secretario t\u00e9cnico del Instituto.<\/p>\n","protected":false},"excerpt":{"rendered":"<p>Celebrando los 10 a\u00f1os de la Convenci\u00f3n del Patrimonio Inmaterial aprobada por la UNESCO el 17 de octubre de 2003,<\/p>\n","protected":false},"author":2,"featured_media":15173,"comment_status":"closed","ping_status":"closed","sticky":false,"template":"","format":"standard","meta":[],"categories":[9],"tags":[6441,4560,233,6444,3719,4042,357,6442,6443,656,3706,6440,1565,973,974,976,4322],"_links":{"self":[{"href":"https:\/\/www.travelbymexico.com\/blog\/wp-json\/wp\/v2\/posts\/15172"}],"collection":[{"href":"https:\/\/www.travelbymexico.com\/blog\/wp-json\/wp\/v2\/posts"}],"about":[{"href":"https:\/\/www.travelbymexico.com\/blog\/wp-json\/wp\/v2\/types\/post"}],"author":[{"embeddable":true,"href":"https:\/\/www.travelbymexico.com\/blog\/wp-json\/wp\/v2\/users\/2"}],"replies":[{"embeddable":true,"href":"https:\/\/www.travelbymexico.com\/blog\/wp-json\/wp\/v2\/comments?post=15172"}],"version-history":[{"count":1,"href":"https:\/\/www.travelbymexico.com\/blog\/wp-json\/wp\/v2\/posts\/15172\/revisions"}],"predecessor-version":[{"id":15174,"href":"https:\/\/www.travelbymexico.com\/blog\/wp-json\/wp\/v2\/posts\/15172\/revisions\/15174"}],"wp:featuredmedia":[{"embeddable":true,"href":"https:\/\/www.travelbymexico.com\/blog\/wp-json\/wp\/v2\/media\/15173"}],"wp:attachment":[{"href":"https:\/\/www.travelbymexico.com\/blog\/wp-json\/wp\/v2\/media?parent=15172"}],"wp:term":[{"taxonomy":"category","embeddable":true,"href":"https:\/\/www.travelbymexico.com\/blog\/wp-json\/wp\/v2\/categories?post=15172"},{"taxonomy":"post_tag","embeddable":true,"href":"https:\/\/www.travelbymexico.com\/blog\/wp-json\/wp\/v2\/tags?post=15172"}],"curies":[{"name":"wp","href":"https:\/\/api.w.org\/{rel}","templated":true}]}}