{"id":15088,"date":"2013-11-02T17:15:21","date_gmt":"2013-11-02T23:15:21","guid":{"rendered":"http:\/\/www.travelbymexico.com\/blog\/?p=15088"},"modified":"2013-11-04T14:23:26","modified_gmt":"2013-11-04T20:23:26","slug":"paisajes-mayas-hilos-de-luz-en-el-palacio-canton","status":"publish","type":"post","link":"https:\/\/www.travelbymexico.com\/blog\/15088-paisajes-mayas-hilos-de-luz-en-el-palacio-canton\/","title":{"rendered":"Paisajes Mayas, hilos de luz, en el Palacio Cant\u00f3n"},"content":{"rendered":"<h2>El Instituto Nacional de Antropolog\u00eda e Historia, a trav\u00e9s del Museo Regional de Antropolog\u00eda de Yucat\u00e1n &#8220;Palacio Cant\u00f3n&#8221; invita al p\u00fablico en general a visitar la exposici\u00f3n &#8220;Paisajes Mayas, hilos de luz&#8221; la cual re\u00fane 30 piezas arqueol\u00f3gicas, 18 textiles elaborados por mujeres mayas y 43 im\u00e1genes del fot\u00f3grafo mexicano Armando Salas Portugal.<\/h2>\n<h3>Exposici\u00f3n &#8220;Paisajes Mayas, Hilos de luz&#8221;<\/h3>\n<p><strong>Hasta enero de 2014 en el Museo Regional de Yucat\u00e1n Palacio Cant\u00f3n<\/strong><\/p>\n<p><em>&#8220;Dividida en tres secciones, la muestra &#8216;Paisajes Mayas, Hilos de luz&#8217; es una invitaci\u00f3n a sumergirse en los sentidos que adquiere la naturaleza en el fino bordado de un huipil, que se entrelaza con las interpretaciones que genera la magia de la fotograf\u00eda y con los significados impresos en la alfarer\u00eda y escultura de los Mayas precolombinos&#8221;<\/em>, Teresa Franco, directora general del Instituto Nacional de Antropolog\u00eda e Historia (INAH).<\/p>\n<h3>&#8220;Paisajes de hilo&#8221;<\/h3>\n<p>Los 18 textiles exhibidos fueron elaborados con telar de cintura con bordados en punto de cruz por mujeres mayas contempor\u00e1neas de diferentes grupos culturales, estos textiles forman parte del acervo del Museo Nacional de Antropolog\u00eda (MNA).<\/p>\n<h3>&#8220;Paisajes de luz&#8221;<\/h3>\n<p>Esta secci\u00f3n re\u00fane 43 im\u00e1genes de <strong>Armando Salas Portugal<\/strong> (1916-1995), fot\u00f3grafo mexicano quien, en las primeras d\u00e9cadas del siglo XX, captur\u00f3 la grandeza, la esencia, la memoria y la magia de zonas arqueol\u00f3gicas del mundo maya y registr\u00f3 en blanco y negro piezas como huipiles, alfarer\u00eda y escultura.<\/p>\n<h3>&#8220;Paisajes de materia&#8221;<\/h3>\n<p>En este n\u00facleo podr\u00e1s admirar 30 piezas arqueol\u00f3gicas, principalmente cer\u00e1mica y escultura, procedentes de diversos museos del INAH, situados en los estados de Campeche, Chiapas, Quintana Roo, Tabasco y Yucat\u00e1n entre las que destacan m\u00e1scaras funerarias, braseros, estelas y esculturas.<\/p>\n<p><a class=\"galeria izquierda\" title=\"Museo Regional de Antropolog\u00eda de Yucat\u00e1n Palacio Cant\u00f3n, M\u00e9rida, Yucat\u00e1n\" href=\"http:\/\/www.travelbymexico.com\/blog\/imgBase\/2013\/11\/249.jpg\"><img loading=\"lazy\" alt=\"Museo Regional de Antropolog\u00eda de Yucat\u00e1n Palacio Cant\u00f3n, M\u00e9rida, Yucat\u00e1n\" src=\"http:\/\/www.travelbymexico.com\/blog\/imgBase\/2013\/11\/249-150x150.jpg\" width=\"150\" height=\"150\" \/><\/a><\/p>\n<h3>Horarios<\/h3>\n<p>Inaugurada el 31 de octubre de 2013, la muestra &#8220;Paisajes Mayas, hilos de luz&#8221; estar\u00e1 disponible del <span style=\"text-decoration: underline;\">hasta enero de 2014<\/span> en el <strong>Museo Regional de Yucat\u00e1n Palacio Cant\u00f3n<\/strong>.<\/p>\n<p><span style=\"text-decoration: underline;\">Direcci\u00f3n<\/span>: Paseo de Montejo No. 485 por la calle 43, M\u00e9rida, Yucat\u00e1n.<\/p>\n<p>Abierto de Martes a Domingo de 8:00 a 17:00 hrs.<br \/>\nLa entrada es gratuita a estudiantes, docentes y adultos mayores con credencial.<br \/>\nTel\u00e9fono: (01) 999 923 0557.<\/p>\n<p><strong><a title=\"C\u00f3noce los atractivos tur\u00edsticos de la ciudad de M\u00e9rida, Yucat\u00e1n\" href=\"http:\/\/www.travelbymexico.com\/merida\/atractivos\" target=\"_blank\">C\u00f3noce los atractivos tur\u00edsticos de la ciudad de M\u00e9rida, Yucat\u00e1n. M\u00e9xico<\/a><\/strong><\/p>\n<p>&nbsp;<\/p>\n","protected":false},"excerpt":{"rendered":"<p>El Instituto Nacional de Antropolog\u00eda e Historia, a trav\u00e9s del Museo Regional de Antropolog\u00eda de Yucat\u00e1n &#8220;Palacio Cant\u00f3n&#8221; invita al<\/p>\n","protected":false},"author":2,"featured_media":15089,"comment_status":"closed","ping_status":"closed","sticky":false,"template":"","format":"standard","meta":[],"categories":[9],"tags":[6331,6332,4574,3027,508,1966,656,815,888,3018,6330,1819,1288,1308],"_links":{"self":[{"href":"https:\/\/www.travelbymexico.com\/blog\/wp-json\/wp\/v2\/posts\/15088"}],"collection":[{"href":"https:\/\/www.travelbymexico.com\/blog\/wp-json\/wp\/v2\/posts"}],"about":[{"href":"https:\/\/www.travelbymexico.com\/blog\/wp-json\/wp\/v2\/types\/post"}],"author":[{"embeddable":true,"href":"https:\/\/www.travelbymexico.com\/blog\/wp-json\/wp\/v2\/users\/2"}],"replies":[{"embeddable":true,"href":"https:\/\/www.travelbymexico.com\/blog\/wp-json\/wp\/v2\/comments?post=15088"}],"version-history":[{"count":4,"href":"https:\/\/www.travelbymexico.com\/blog\/wp-json\/wp\/v2\/posts\/15088\/revisions"}],"predecessor-version":[{"id":15109,"href":"https:\/\/www.travelbymexico.com\/blog\/wp-json\/wp\/v2\/posts\/15088\/revisions\/15109"}],"wp:featuredmedia":[{"embeddable":true,"href":"https:\/\/www.travelbymexico.com\/blog\/wp-json\/wp\/v2\/media\/15089"}],"wp:attachment":[{"href":"https:\/\/www.travelbymexico.com\/blog\/wp-json\/wp\/v2\/media?parent=15088"}],"wp:term":[{"taxonomy":"category","embeddable":true,"href":"https:\/\/www.travelbymexico.com\/blog\/wp-json\/wp\/v2\/categories?post=15088"},{"taxonomy":"post_tag","embeddable":true,"href":"https:\/\/www.travelbymexico.com\/blog\/wp-json\/wp\/v2\/tags?post=15088"}],"curies":[{"name":"wp","href":"https:\/\/api.w.org\/{rel}","templated":true}]}}