{"id":15070,"date":"2013-10-28T23:14:24","date_gmt":"2013-10-29T05:14:24","guid":{"rendered":"http:\/\/www.travelbymexico.com\/blog\/?p=15070"},"modified":"2013-10-28T23:14:24","modified_gmt":"2013-10-29T05:14:24","slug":"1a-feria-del-chocolate-y-el-pan-de-muerto-2013-en-coyoacan","status":"publish","type":"post","link":"https:\/\/www.travelbymexico.com\/blog\/15070-1a-feria-del-chocolate-y-el-pan-de-muerto-2013-en-coyoacan\/","title":{"rendered":"1a. Feria del Chocolate y el Pan de Muerto 2013 en Coyoac\u00e1n"},"content":{"rendered":"<h2>Como parte de su tradicional Fiesta de Muertos, el Barrio de Coyoac\u00e1n ser\u00e1 este a\u00f1o el escenario de la primera Feria Internacional del Chocolate y el Pan de Muerto por realizarse del 31 de octubre al 3 de noviembre de 2013 en el Parque Hidalgo.<\/h2>\n<p>A lo largo del <strong>Jard\u00edn Hidalgo<\/strong>\u00a0(entre Caballo Calco y Felipe Carillo Puerto) encontrar\u00e1s varios\u00a0 stands de comida en donde deleitarte con un chocolatito, un tradicional pan de muerto y otras especialidades gastron\u00f3micas caracter\u00edsticas de esta temporada festiva, y podr\u00e1s asistir a <strong>conciertos<\/strong> y <strong>espect\u00e1culos folcl\u00f3ricos<\/strong>, adem\u00e1s de apreciar las ya c\u00e9lebres <strong>ofrendas<\/strong> y <strong>altares de muertos<\/strong> que distinguen al Barrio de Coyoac\u00e1n durante las festividades del <a title=\"Tradici\u00f3n del D\u00eda de Muertos en M\u00e9xico\" href=\"http:\/\/www.travelbymexico.com\/blog\/4940-dia-de-muertos-en-mexico\" target=\"_blank\">D\u00eda de Muertos<\/a>.<\/p>\n<h3>Ofrenda Monumental en Casa Azul Museo Frida Kahlo<\/h3>\n<p>Les recordamos tambi\u00e9n que en la <a title=\"La Casa Azul, Museo Frida Kahlo en Coyoac\u00e1n \" href=\"http:\/\/www.travelbymexico.com\/blog\/9469-la-casa-azul-museo-frida-kahlo-en-coyoacan\" target=\"_blank\">Casa Azul-Museo Frida Kahlo<\/a>, (localizada en <a title=\"Barrio de Coyoac\u00e1n\" href=\"http:\/\/www.travelbymexico.com\/ciudaddemexico\/atractivos\/?nom=kdfecoyoacan\" target=\"_blank\">Coyoac\u00e1n<\/a>) cada a\u00f1o se exhibe en el jard\u00edn posterior de la casa, un <strong>altar de muertos monumental<\/strong> en el que se pueden apreciar elementos muy tradicionales como dulces mexicanos y flores acompa\u00f1ados por calaveras que simulan a Frida y Diego Barrio. Este a\u00f1o, la ofrenda estar\u00e1 a cargo de Betsabe\u00e9 Romero y dedicada a los adolescentes desaparecidos en M\u00e9xico.<\/p>\n<p><span style=\"text-decoration: underline;\">Se exhibir\u00e1 del 28 de octubre de 2013 al 15 de enero de 2014. <\/span><\/p>\n<h3>Programa de eventos<\/h3>\n<h3>1a. Feria Internacional del Chocolate y el Pan de Muerto en Coyoac\u00e1n<\/h3>\n<p><strong>Jueves 31 de octubre 2013<\/strong><\/p>\n<p>15:00 hrs. Guitarrista Roberto \u00c1lvarez.<br \/>\n16:00 hrs. La Perra Vaga.<br \/>\n17:00 hrs. Fausto.<br \/>\n18:00 hrs. Ballet Folcl\u00f3rico del Teatro Nacional de Haiti.<br \/>\n19:00 hrs. Grupo Veracruzano de la Secretar\u00eda de Marina.<br \/>\n21:00 has. Proyecci\u00f3n Video Mapping.<\/p>\n<p><strong>S\u00e1bado 1 de noviembre 2013<\/strong><\/p>\n<p>15:00 hrs. Grupo Foeme<br \/>\n16:00 hrs. Ensamble Musical.<br \/>\n17:00 hrs. Ac\u00fastica Dual.<br \/>\n18:00 hrs. Perfect Roses.<br \/>\n18:00 hrs. El Fandango de las calaveras: inicia recorrido Plaza de la Conchita.<\/p>\n<p>20:30, 21:00, 21:30, 22:00, 22:30 hrs. Proyecciones Video Mapping.<br \/>\n22:00 hrs. Sangre Nueva, performance Danza Calpulli.<\/p>\n<p><strong>Domingo 2 de noviembre 2013<\/strong><\/p>\n<p>15:00 hrs. Don Gabo (tenor rom\u00e1ntico)<br \/>\n16:00 hrs. Fusa Duo.<br \/>\n17:00 hrs. La Perra Vaga.<br \/>\n18:00 hrs. Ballet Folcl\u00f3rico del Teatro Nacional de Haiti.<br \/>\n18:00 hrs. El Fandango de las calaveras: inicia recorrido en Melchor Ocampo y Miguel A. de Quevedo.<br \/>\n20:30, 21:00, 21:30, 22:00, 22:30 hrs. Proyecciones Video Mapping.<\/p>\n<p><strong>Lunes 3 de noviembre<\/strong><\/p>\n<p>15:00 hrs. Don Gabo (tenor rom\u00e1ntico)<br \/>\n16:00 hrs. Mauricio y Polo.<br \/>\n17:00 hrs. Grupo Dos.<br \/>\n18:00 hrs. Grupo Linaje.<br \/>\n19:00 hrs. Sanosfera.<br \/>\n20:30, 21:00, 21:30, 22:00, 22:30 hrs. Proyecciones Video Mapping.<\/p>\n","protected":false},"excerpt":{"rendered":"<p>Como parte de su tradicional Fiesta de Muertos, el Barrio de Coyoac\u00e1n ser\u00e1 este a\u00f1o el escenario de la primera<\/p>\n","protected":false},"author":2,"featured_media":15071,"comment_status":"closed","ping_status":"closed","sticky":false,"template":"","format":"standard","meta":[],"categories":[14,912],"tags":[76,6310,6306,3746,1832,5631,2317,410,4388,3667,4127,6307,6308,6285,1053,6309,4393],"_links":{"self":[{"href":"https:\/\/www.travelbymexico.com\/blog\/wp-json\/wp\/v2\/posts\/15070"}],"collection":[{"href":"https:\/\/www.travelbymexico.com\/blog\/wp-json\/wp\/v2\/posts"}],"about":[{"href":"https:\/\/www.travelbymexico.com\/blog\/wp-json\/wp\/v2\/types\/post"}],"author":[{"embeddable":true,"href":"https:\/\/www.travelbymexico.com\/blog\/wp-json\/wp\/v2\/users\/2"}],"replies":[{"embeddable":true,"href":"https:\/\/www.travelbymexico.com\/blog\/wp-json\/wp\/v2\/comments?post=15070"}],"version-history":[{"count":1,"href":"https:\/\/www.travelbymexico.com\/blog\/wp-json\/wp\/v2\/posts\/15070\/revisions"}],"predecessor-version":[{"id":15073,"href":"https:\/\/www.travelbymexico.com\/blog\/wp-json\/wp\/v2\/posts\/15070\/revisions\/15073"}],"wp:featuredmedia":[{"embeddable":true,"href":"https:\/\/www.travelbymexico.com\/blog\/wp-json\/wp\/v2\/media\/15071"}],"wp:attachment":[{"href":"https:\/\/www.travelbymexico.com\/blog\/wp-json\/wp\/v2\/media?parent=15070"}],"wp:term":[{"taxonomy":"category","embeddable":true,"href":"https:\/\/www.travelbymexico.com\/blog\/wp-json\/wp\/v2\/categories?post=15070"},{"taxonomy":"post_tag","embeddable":true,"href":"https:\/\/www.travelbymexico.com\/blog\/wp-json\/wp\/v2\/tags?post=15070"}],"curies":[{"name":"wp","href":"https:\/\/api.w.org\/{rel}","templated":true}]}}