{"id":15061,"date":"2013-10-25T23:27:43","date_gmt":"2013-10-26T04:27:43","guid":{"rendered":"http:\/\/www.travelbymexico.com\/blog\/?p=15061"},"modified":"2013-10-25T23:44:33","modified_gmt":"2013-10-26T04:44:33","slug":"feria-internacional-del-libro-infantil-y-juvenil-2013-en-mexico","status":"publish","type":"post","link":"https:\/\/www.travelbymexico.com\/blog\/15061-feria-internacional-del-libro-infantil-y-juvenil-2013-en-mexico\/","title":{"rendered":"Feria Internacional del Libro Infantil y Juvenil 2013 en M\u00e9xico"},"content":{"rendered":"<h2>Considerada como el mejor lugar para libros infantiles y juveniles en Am\u00e9rica Latina, la pr\u00f3xima Feria Internacional del Libro Infantil y Juvenil (FILIJ) se realizar\u00e1 del 8 al 18 de noviembre de 2013, de 10:00 a 20:00 horas, en el Centro Nacional de las Artes (Cenart) de la ciudad de M\u00e9xico el cual funge como sede de este evento desde 1989.<\/h2>\n<p>Con el objetivo de fomentar el h\u00e1bito de la lectura entre la poblaci\u00f3n infantil y juvenil de M\u00e9xico la FILIJ 2013 reunir\u00e1 <strong>m\u00e1s de 100 fondos editoriales<\/strong> y contar\u00e1 con una amplia programaci\u00f3n conformada por <strong>presentaciones editoriales<\/strong>,<strong> musicales<\/strong>, <strong>teatrales<\/strong> y <strong>danc\u00edsticas<\/strong>; <strong>proyectos multimedia<\/strong>; <strong>exposiciones<\/strong>; <strong>actividades<\/strong> y <strong>talleres<\/strong> dirigidos a un p\u00fablico de 0 a 18 a\u00f1os; actividades dirigidas a profesionales de los ramos de la escritura, la ilustraci\u00f3n y la edici\u00f3n, como <strong>clases magistrales<\/strong> o el <strong>Encuentro Nacional de Libreros y Editores<\/strong>, siendo el <strong>Seminario Internacional de Fomento de la Lectura<\/strong> -evento para estudiantes y profesionales del campo del fomento a la lectura- el coraz\u00f3n de la feria.<\/p>\n<p>Cabe mencionar para todos los amantes de las historietas que el Festival de Autores de C\u00f3mic en la Ciudad de M\u00e9xico &#8220;<strong>FESTO C\u00f3mic<\/strong>&#8221; formar\u00e1 parte de la FILIJ 2013.<\/p>\n<h3>M\u00e1s de 100 fondos editoriales<\/h3>\n<p>La FILIJ congrega a editores, libreros, distribuidores, bibliotecarios, maestros y especialistas, con el fin de elevar la calidad y cantidad de publicaciones que circulan en el mercado mexicano.<\/p>\n<h3>Productos para profesionales<\/h3>\n<p>-Seminario Internacional de Fomento a la Lectura<br \/>\n-Clases Magistrales de Novela infantil y juvenil y Libro \u00c1lbum<br \/>\n-Laboratorio de Proyectos<br \/>\n-Circuito Acad\u00e9mico-Cultural<br \/>\n-Encuentro de Bibliotecarios<br \/>\n-Encuentro Nacional de Libreros y Editores<\/p>\n<h3>Exposiciones de la FILIJ 2013<\/h3>\n<p><strong>XXIII Cat\u00e1logo de Ilustradores de Publicaciones Infantiles y Juveniles<\/strong>, 8 al 18 de noviembre, 10:00 a 20:00 horas, Vest\u00edbulo del Teatro de las Artes y jardines de la feria.<\/p>\n<p><strong>XXV Concurso Nacional de Cartel<\/strong> <strong>&#8220;Invitemos a Leer&#8221;<\/strong>, 8 al 18 de noviembre, 10:00 a 20:00 horas, Jardines de la feria.<\/p>\n<p><strong>Toma Asiento y Lee<\/strong>, 8 al 18 de noviembre, 10:00 a 20:00 horas, Jardines de la feria.<\/p>\n<p><strong>\u00a1Yo tambi\u00e9n animo! <\/strong>Del 11 al 15 de noviembre, 10:00 a 13:00 horas, 15:00 a 18:00 horas, Centro de Capacitaci\u00f3n Cinematogr\u00e1fica.<\/p>\n<h3>Talleres de la FILIJ 2013<\/h3>\n<p>&#8211; Bebeteca<br \/>\n&#8211; Talleres para ni\u00f1os<br \/>\n&#8211; Talleres para j\u00f3venes.<br \/>\nDel 8 al 18 de noviembre, 10:00 a 19:00 horas.<\/p>\n<p><strong>\u00a1Yo tambi\u00e9n animo! <\/strong>Del 11 al 15 de noviembre, 10:00 a 13:00 horas, 15:00 a 18:00 horas, Centro de Capacitaci\u00f3n Cinematogr\u00e1fica.<\/p>\n<h3>Actividades art\u00edsticas de la FILIJ 2013<\/h3>\n<p>Narraciones Orales<br \/>\n\u00a1Viva! Fiesta Ilustrada<br \/>\nCuentos para ni\u00f1os y j\u00f3venes<br \/>\nRelatos breves<br \/>\nPoetazos Y-legales<br \/>\nKamishibai (literalmente &#8220;drama de papel&#8221;, es una forma de contar historias que se origin\u00f3 en los templos budistas de Jap\u00f3n en el siglo XII.)<br \/>\nDanza Butoh<br \/>\n&#8220;Mi libro, mi andar, mi voz y mi alter ego&#8221;<br \/>\nEscritura Frastrack y Slam de Poes\u00eda<br \/>\nShiro Schwarz<br \/>\n&#8220;Del alba a la media noche&#8221; de Karlheinz Martin<br \/>\nEl Gabinete: Cine-concierto &#8220;Berl\u00edn, sinfon\u00eda de una gran ciudad&#8221;<br \/>\nShiro Schwarz: Del alba a la media noche de Karlheinz Martin<br \/>\nDanza Clown: Pataf\u00edsica Radiof\u00f3nica en 3 cucharadas<br \/>\nTeatro Homenaje a Mireya Cueto<br \/>\nEl sue\u00f1o de la Bella durmiente<br \/>\nLas aventuras de Buratino<br \/>\nLa ni\u00f1a que riega la albahaca<br \/>\nEl Se\u00f1or de las Moscas<br \/>\n\u00a1Vivan! Rapsodia de los buenos tiempos<br \/>\nMariana Mallol<br \/>\nAgua de Jamaica<br \/>\nTr\u00e9bol Tr\u00edo<br \/>\nHaciendo el mal<br \/>\nChelos de Hamel\u00edn<br \/>\nAzul Antena<br \/>\nElla y el Muerto<br \/>\nLucas Trotacielos<br \/>\nLittle Jesus<br \/>\nReyno<br \/>\nLos Aguakates<br \/>\nFelixxx<br \/>\nLos M\u00fasicos de Jos\u00e9<br \/>\nYokozuna<br \/>\nArreola + Carballo<br \/>\n\u00a1Qu\u00e9 payasos!<br \/>\n60 Tigres<br \/>\nBengala<br \/>\nLos de Abajo.<\/p>\n<h3>Informaci\u00f3n para el visitante<\/h3>\n<p><strong>Feria Internacional del Libro Infantil y Juvenil 2013<\/strong><\/p>\n<p>Del 8 al 18 de noviembre de 2013, de 10:00 a 20:00 horas, en <strong>Centro Nacional de las Artes (Cenart)<\/strong>, en R\u00edo Churubusco, esq. Calzada de Tlalpan. Colonia Country Club, C.P. 04220, <a title=\"Ciudad de M\u00e9xico: hoteles, atractivos tur\u00edsticos, mapas, fotos, videos, clima\" href=\"http:\/\/www.travelbymexico.com\/ciudaddemexico\" target=\"_blank\">Ciudad de M\u00e9xico<\/a>.<\/p>\n<p><strong>La entrada es libre, con excepci\u00f3n<\/strong> del Seminario Internacional de Fomento de la Lectura y otros proyectos de Profesionalizaci\u00f3n.<\/p>\n<p><span style=\"text-decoration: underline;\"><strong>Descargar el Cat\u00e1logo de Expositores<\/strong><\/span><br \/>\nhttp:\/\/media.wix.com\/ugd\/5d48af_909b1570a76b23e6cd2e633e6f441890.pdf<\/p>\n","protected":false},"excerpt":{"rendered":"<p>Considerada como el mejor lugar para libros infantiles y juveniles en Am\u00e9rica Latina, la pr\u00f3xima Feria Internacional del Libro Infantil<\/p>\n","protected":false},"author":2,"featured_media":15062,"comment_status":"closed","ping_status":"closed","sticky":false,"template":"","format":"standard","meta":[],"categories":[9,912],"tags":[4507,1540,3814,2520,2521,318,6305,3710,6301,2536,3667,6297,6298,5195,6028,6302,6303,6299,6300,5204,6304],"_links":{"self":[{"href":"https:\/\/www.travelbymexico.com\/blog\/wp-json\/wp\/v2\/posts\/15061"}],"collection":[{"href":"https:\/\/www.travelbymexico.com\/blog\/wp-json\/wp\/v2\/posts"}],"about":[{"href":"https:\/\/www.travelbymexico.com\/blog\/wp-json\/wp\/v2\/types\/post"}],"author":[{"embeddable":true,"href":"https:\/\/www.travelbymexico.com\/blog\/wp-json\/wp\/v2\/users\/2"}],"replies":[{"embeddable":true,"href":"https:\/\/www.travelbymexico.com\/blog\/wp-json\/wp\/v2\/comments?post=15061"}],"version-history":[{"count":6,"href":"https:\/\/www.travelbymexico.com\/blog\/wp-json\/wp\/v2\/posts\/15061\/revisions"}],"predecessor-version":[{"id":15068,"href":"https:\/\/www.travelbymexico.com\/blog\/wp-json\/wp\/v2\/posts\/15061\/revisions\/15068"}],"wp:featuredmedia":[{"embeddable":true,"href":"https:\/\/www.travelbymexico.com\/blog\/wp-json\/wp\/v2\/media\/15062"}],"wp:attachment":[{"href":"https:\/\/www.travelbymexico.com\/blog\/wp-json\/wp\/v2\/media?parent=15061"}],"wp:term":[{"taxonomy":"category","embeddable":true,"href":"https:\/\/www.travelbymexico.com\/blog\/wp-json\/wp\/v2\/categories?post=15061"},{"taxonomy":"post_tag","embeddable":true,"href":"https:\/\/www.travelbymexico.com\/blog\/wp-json\/wp\/v2\/tags?post=15061"}],"curies":[{"name":"wp","href":"https:\/\/api.w.org\/{rel}","templated":true}]}}