{"id":15053,"date":"2013-10-23T10:45:13","date_gmt":"2013-10-23T15:45:13","guid":{"rendered":"http:\/\/www.travelbymexico.com\/blog\/?p=15053"},"modified":"2013-10-22T19:37:57","modified_gmt":"2013-10-23T00:37:57","slug":"paseo-nocturno-en-bici-noche-de-muertos-2013-por-av-reforma","status":"publish","type":"post","link":"https:\/\/www.travelbymexico.com\/blog\/15053-paseo-nocturno-en-bici-noche-de-muertos-2013-por-av-reforma\/","title":{"rendered":"Paseo nocturno en bici Noche de muertos 2013 por Av. Reforma"},"content":{"rendered":"<h2>13\u00ba Paseo Nocturno en bicicleta por la Avenida Reforma, Cd. de M\u00e9xico.<\/h2>\n<h2>\u00bfQu\u00e9 tal un divertido paseo nocturno de 11 km en bici por la avenida reforma y el Centro Hist\u00f3rico de la <a title=\"Reservat tu Hotel en la ciudad de M\u00e9xico\" href=\"http:\/\/www.travelbymexico.com\/ciudaddemexico\/hoteles\" target=\"_blank\">ciudad de M\u00e9xico<\/a>, actividad durante la cual podr\u00e1s adem\u00e1s participar en la 4ta edici\u00f3n del tradicional concurso de disfraces &#8220;Noche de Muertos en bicicleta&#8221;?<\/h2>\n<p>Organizado por el <strong>Gobierno del Distrito Federal<\/strong>, la <strong>SEDEMA<\/strong> (Secretar\u00eda del Medio Ambiente del Gobierno del Distrito Federal), y la asociaci\u00f3n &#8220;<strong>Cambia de carril y mu\u00e9vete en bici<\/strong>&#8220;, el &#8220;<strong>13\u00ba Paseo Nocturno en bicicleta por la Avenida Reforma<\/strong>&#8221; se llevar\u00e1 a cabo el pr\u00f3ximo <span style=\"text-decoration: underline;\"><strong>s\u00e1bado 26 de octubre<\/strong> de 19:00 a 23:00 hrs<\/span>.<\/p>\n<h3>Inscripciones<\/h3>\n<p>Para participar <strong>debes inscribirte<\/strong> el d\u00eda del paseo de 19:00 a 20:30 horas en un <strong>m\u00f3dulo<\/strong> que ser\u00e1 instalado en la <strong>Columna del \u00c1ngel de la Independencia<\/strong> . Podr\u00e1s registrarte en las modalidades individual o por equipo (m\u00e1ximo dos personas).<\/p>\n<h3>Concurso de disfraces y premiaci\u00f3n<\/h3>\n<p><strong>\u00bfQu\u00e9 tipo de disfraz puedo llevar?<\/strong><\/p>\n<p>Tu disfraz deber\u00e1 aludir a la celebraci\u00f3n del <a title=\"Tradici\u00f3n del D\u00eda de Muertos en M\u00e9xico\" href=\"http:\/\/www.travelbymexico.com\/blog\/4940-dia-de-muertos-en-mexico\" target=\"_blank\">D\u00eda de Muertos<\/a> tradicional en M\u00e9xico como La Catrina y El Catr\u00edn, por lo tanto puedes descatar de una vez la idea de llegar disfrazado de Jason o Freddy Kruger.<\/p>\n<p><strong>Convocatoria &#8220;4\u00ba Concurso de disfraces Noche de Muertos en bicicleta&#8221;<\/strong><br \/>\nhttp:\/\/www.sedema.df.gob.mx\/sedema\/index.php\/concurso-de-disfraces-noche-de-muertos-en-bicicleta<\/p>\n<p><strong>Premios<\/strong><\/p>\n<p>La premiaci\u00f3n se llevar\u00e1 a cabo a las 22:15. Podr\u00e1s ganar desde una patineta, hasta una bicicleta t\u00e1ndem.<\/p>\n<h3>M\u00f3dulos a lo largo de la Ruta de 11 km<\/h3>\n<p><strong>Pr\u00e9stamo de bicicletas:<\/strong><br \/>\nGlorieta de la Palma \/ Av. Ju\u00e1rez-Humboldt \/ Plaza Tlaxcoaque.<br \/>\n19:00 a 22:00 horas<br \/>\nPr\u00e9stamo por MEDIA HORA con IFE del DF actualizada<br \/>\n<span style=\"text-decoration: underline;\">Actividad realizada por<\/span>: Instituto de la Juventud del DF.<\/p>\n<p><strong>Activaci\u00f3n f\u00edsica<\/strong><br \/>\nGlorieta de la Columna de la Independencia<br \/>\nPlaza Tlaxcoaque 19:00 a 23:00 horas<br \/>\n<span style=\"text-decoration: underline;\">Actividad realizada por<\/span>: Secretar\u00eda de Salud del DF<\/p>\n<p><strong>Servicio mec\u00e1nico<\/strong><br \/>\nGlorieta de la Diana Cazadora<br \/>\nReforma-Insurgentes<br \/>\nGlorieta de la Palma<br \/>\nAv. Ju\u00e1rez-Humboldt<br \/>\nBol\u00edvar-V. Carranza Plaza Tlaxcoaque<br \/>\n<span style=\"text-decoration: underline;\">Actividad realizada por<\/span>: Bici-Mec\u00e1nicos<br \/>\nGalaxy Bike Del. Cuauht\u00e9moc<br \/>\nGood Bike Bike Beyond The Border<\/p>\n<p><strong>Servicio m\u00e9dico <\/strong><br \/>\nGlorieta de la Palma \/ Av. Ju\u00e1rez-Humboldt \/ Plaza Tlaxcoaque<br \/>\n19:00 a 23:00 horas<br \/>\n<span style=\"text-decoration: underline;\">Actividad realizada por<\/span>: Secretaria de Salud Cruz Roja del DF.<\/p>\n<p><strong>Pr\u00e9stamo de remolques LOCATEL<\/strong><br \/>\nGlorieta de la Palma \/ Av. Ju\u00e1rez-Humboldt \/ Plaza Tlaxcoaque<br \/>\n<span style=\"text-decoration: underline;\">Actividad realizada por<\/span>: LOCATEL<\/p>\n<h3>Art\u00edculo relacionado<\/h3>\n<p><a title=\"ECOBICI, Sistema de Bicicletas P\u00fablicas del D.F. \" href=\"http:\/\/www.travelbymexico.com\/blog\/10982-ecobici-sistema-de-bicicletas-publicas-del-d-f\" target=\"_blank\">ECOBICI, Sistema de Bicicletas P\u00fablicas del D.F.<\/a><\/p>\n<p>&nbsp;<\/p>\n","protected":false},"excerpt":{"rendered":"<p>13\u00ba Paseo Nocturno en bicicleta por la Avenida Reforma, Cd. de M\u00e9xico. \u00bfQu\u00e9 tal un divertido paseo nocturno de 11<\/p>\n","protected":false},"author":2,"featured_media":15054,"comment_status":"closed","ping_status":"closed","sticky":false,"template":"","format":"standard","meta":[],"categories":[10,36],"tags":[5842,6293,281,318,4174,2240,410,3740,6290,4408,6296,3742,6295,6294,3764,2173,6288,6289,1652,6292,6291],"_links":{"self":[{"href":"https:\/\/www.travelbymexico.com\/blog\/wp-json\/wp\/v2\/posts\/15053"}],"collection":[{"href":"https:\/\/www.travelbymexico.com\/blog\/wp-json\/wp\/v2\/posts"}],"about":[{"href":"https:\/\/www.travelbymexico.com\/blog\/wp-json\/wp\/v2\/types\/post"}],"author":[{"embeddable":true,"href":"https:\/\/www.travelbymexico.com\/blog\/wp-json\/wp\/v2\/users\/2"}],"replies":[{"embeddable":true,"href":"https:\/\/www.travelbymexico.com\/blog\/wp-json\/wp\/v2\/comments?post=15053"}],"version-history":[{"count":4,"href":"https:\/\/www.travelbymexico.com\/blog\/wp-json\/wp\/v2\/posts\/15053\/revisions"}],"predecessor-version":[{"id":15058,"href":"https:\/\/www.travelbymexico.com\/blog\/wp-json\/wp\/v2\/posts\/15053\/revisions\/15058"}],"wp:featuredmedia":[{"embeddable":true,"href":"https:\/\/www.travelbymexico.com\/blog\/wp-json\/wp\/v2\/media\/15054"}],"wp:attachment":[{"href":"https:\/\/www.travelbymexico.com\/blog\/wp-json\/wp\/v2\/media?parent=15053"}],"wp:term":[{"taxonomy":"category","embeddable":true,"href":"https:\/\/www.travelbymexico.com\/blog\/wp-json\/wp\/v2\/categories?post=15053"},{"taxonomy":"post_tag","embeddable":true,"href":"https:\/\/www.travelbymexico.com\/blog\/wp-json\/wp\/v2\/tags?post=15053"}],"curies":[{"name":"wp","href":"https:\/\/api.w.org\/{rel}","templated":true}]}}