{"id":15049,"date":"2013-10-22T10:12:12","date_gmt":"2013-10-22T15:12:12","guid":{"rendered":"http:\/\/www.travelbymexico.com\/blog\/?p=15049"},"modified":"2013-10-22T19:40:01","modified_gmt":"2013-10-23T00:40:01","slug":"festival-de-las-calaveras-2013-en-aguascalientes","status":"publish","type":"post","link":"https:\/\/www.travelbymexico.com\/blog\/15049-festival-de-las-calaveras-2013-en-aguascalientes\/","title":{"rendered":"Festival de las Calaveras 2013 en Aguascalientes"},"content":{"rendered":"<h2>El XIX Festival de las Calaveras 2013 se llevar\u00e1 a cabo del viernes 1 al domingo 10 de noviembre en las instalaciones de la Isla San Marcos de la ciudad de Aguascalientes; durante este magno evento de fama internacional culto popular y diversi\u00f3n se fusionar\u00e1n para ofrecer a sus visitantes una colorida fiesta en conmemoraci\u00f3n del D\u00eda de los Santos Difuntos que contar\u00e1 con eventos culturales, religiosos, taurinos, deportivos, comerciales, gastron\u00f3micos, y art\u00edsticos.<\/h2>\n<p>Los municipios de <a title=\"Asientos, Pueblo M\u00e1gico de M\u00e9xico\" href=\"http:\/\/www.travelbymexico.com\/aguascalientes\/atractivos\/?nom=eagsfundadores\" target=\"_blank\"><strong>Asientos<\/strong><\/a>, <a title=\"Municipio de Calvillo en el estado de Aguascalientes, M\u00e9xico\" href=\"http:\/\/www.travelbymexico.com\/aguascalientes\/atractivos\/?nom=eagscalvillo\" target=\"_blank\"><strong>Calvillo<\/strong><\/a> y <strong>San Jos\u00e9 de Gracia<\/strong> se unir\u00e1n a las festivades ofreciendo una serie de actividades y eventos del 1 al 3 de noviembre.<\/p>\n<h3>Algunos eventos del XIX Festival de las Calaveras 2013<\/h3>\n<p>del 1 al 10 de noviembre en la Isla San Marcos, Aguascalientes, Ags. M\u00e9xico.<\/p>\n<p><strong>M\u00fasica y Espect\u00e1culos<\/strong><br \/>\nM\u00fasica y espect\u00e1culos en &#8220;Foro La Catrina&#8221; y &#8220;Foro Posada&#8221;, Megavelar\u00eda y Terraza del Lago, del 1 al 10 de noviembre de las 16.00 a las 20:00 hrs.<br \/>\nEncuentro de Pirotecnia.<\/p>\n<p><strong>&#8211; Desfile de Calaveras<\/strong> en el Centro Hist\u00f3rico de Aguascalientes.<br \/>\n&#8211; <strong>Corridas en la Plaza de Toros Monumental de Aguascalientes<\/strong>.<br \/>\n&#8211; Altares vivientes en Panteones.<br \/>\n&#8211; Caminata al Cerro del Muerto &#8220;Ilum\u00ednale los pies al muerto.&#8221;<\/p>\n<p><strong>Corridas de Calaveras<\/strong><br \/>\n<span style=\"text-decoration: underline;\">S\u00e1bado 2 de noviembre de 2013 a las 6:00 de la tarde.<\/span><br \/>\nGran Corrida de toros<br \/>\n6 San Mart\u00edn 6<br \/>\n\u00a1regresa la figura Sevillana! con Morante de La Puebla,<br \/>\n\u00a1el temple y sentimiento del hidroc\u00e1lido! con Juan Pablo S\u00e1nchez<br \/>\n\u00a1y el arte Guanajuatense con Diego Silveti.<\/p>\n<p><span style=\"text-decoration: underline;\">S\u00e1bado 9 de noviembre de 2013 a las 6:00 de la tarde.<\/span><br \/>\nTercia Hidroc\u00e1lida \/ 6 Montecristo 6 \/ Arturo Mac\u00edas \/ Fabian Barba \/ Mario Aguilar.<\/p>\n<p><strong>Entretenimiento<\/strong><br \/>\n&#8211; Pante\u00f3n de Posada, concurso de exhibici\u00f3n de tumbas artesanales<br \/>\n&#8211; &#8220;Esculturas vivientes&#8221;, actores inm\u00f3viles con representaciones art\u00edsticas.<br \/>\n&#8211; Altares de muertos, exhibici\u00f3n de altares a cargo de varias organizaciones de Aguascalientes<br \/>\n&#8211; &#8220;El padre panadero de Posada&#8221;, taller de elaboraci\u00f3n de pan de muertos, de chocolate, de bolillo con crema, de Jilacavera. Elaboraci\u00f3n de pan virtual con IPads.<br \/>\n&#8220;El mes\u00f3n de Posada&#8221;: muestra elaboraci\u00f3n y exhibici\u00f3n de pan gourmet, queso gourmet, y cata de vinos.<\/p>\n<p><strong>Eventos art\u00edsticos y culturales<\/strong><br \/>\n1er. Encuentro de Arte &#8220;La Fosa.&#8221;<br \/>\n&#8220;En corto con Posada&#8221;, proyecci\u00f3n de cortometrajes.<br \/>\n&#8220;La fiesta de la muerte&#8221;, sepelios y entierros en Aguascalientes 1950-1960.<br \/>\nTeatro Joven &#8220;La Garbancera&#8221;<br \/>\n2\u00ba Concurso Internacional de Fotograf\u00eda.<\/p>\n<p><strong>Eventos comerciales en pabellones \u00a0<\/strong><br \/>\n&#8220;Muertos de hambre&#8221;, venta de alimentos y bebidas<br \/>\n&#8220;At\u00e1scate pante\u00f3n&#8221;, exhibici\u00f3n y venta de productos agr\u00edcolas y ganaderos de Aguascalientes.<br \/>\n&#8220;El Mercadito&#8221;, exhibici\u00f3n y venta de productos comerciales de Aguascalientes.<br \/>\n&#8220;Manos vivas&#8221;, exhibici\u00f3n y venta de artesan\u00edas de diferentes estados de la Rep\u00fablica Mexicana.<\/p>\n<p><strong>Eventos deportivos<\/strong><br \/>\nCiclismo: Marat\u00f3n MTB. Calaveras BMX<br \/>\nAtletismo: Marat\u00f3n Aguascalientes (recorrido por la ciudad.) Carrera atl\u00e9tica.<br \/>\nTorneo de Charro<br \/>\nTorneo de Golf<br \/>\nCircuito Ecuestre<br \/>\nTorneo de Taekwondo<\/p>\n<h3>Convocatorias art\u00edsticas<\/h3>\n<p>&#8211; 2\u00ba Concurso Internacional de Fotograf\u00eda<br \/>\n&#8211; 1er. Encuentro de Arte &#8220;La Fosa.&#8221;<br \/>\n<strong>Conoce el detalle de estas convocatorias aqu\u00ed<\/strong> http:\/\/www.festivaldecalaveras.com.mx\/Interiores\/Convocatorias.html<\/p>\n<h3>Descarga el programa completo de eventos y actividades del XIX Festival de Calaveras 2013 en Aguascalientes<\/h3>\n<p><span style=\"text-decoration: underline;\"><strong>http:\/\/www.festivaldecalaveras.com.mx\/Interiores\/Programa.html<\/strong><\/span><\/p>\n<p><strong><a title=\"Reserva tu hotel en la ciudad de Aguascalientes, Ags.\" href=\"http:\/\/www.travelbymexico.com\/aguascalientes\/hoteles\/index.php\" target=\"_blank\">Reserva tu hotel en la Ciudad de Aguascalientes <\/a><\/strong><\/p>\n<p><strong><a title=\"Festival de las Calaveras 2012 en Aguascalientes\" href=\"http:\/\/www.travelbymexico.com\/blog\/12953-festival-de-calaveras-2012-en-aguascalientes\" target=\"_blank\">Festival de las Calaveras 2012 en Aguascalientes<\/a><\/strong><\/p>\n<p><strong><a title=\"Museo Jos\u00e9 Guadalupe Posada en Aguascalientes\" href=\"http:\/\/www.travelbymexico.com\/aguascalientes\/atractivos\/?nom=eagsposada\" target=\"_blank\">Museo Jos\u00e9 Guadalupe Posada<\/a><\/strong><\/p>\n<p><strong><a title=\"Museo de la Muerte en Aguascalientes\" href=\"http:\/\/www.travelbymexico.com\/aguascalientes\/atractivos\/?nom=eagsmuerte\" target=\"_blank\">Museo de la Muerte <\/a><\/strong><\/p>\n","protected":false},"excerpt":{"rendered":"<p>El XIX Festival de las Calaveras 2013 se llevar\u00e1 a cabo del viernes 1 al domingo 10 de noviembre en<\/p>\n","protected":false},"author":2,"featured_media":15050,"comment_status":"closed","ping_status":"closed","sticky":false,"template":"","format":"standard","meta":[],"categories":[37,912],"tags":[59,76,3748,191,260,304,311,360,377,6286,407,410,3740,3738,9812,2680,2097,3742,6281,6283,851,6285,3491,1407,6284,6282,6287,1886],"_links":{"self":[{"href":"https:\/\/www.travelbymexico.com\/blog\/wp-json\/wp\/v2\/posts\/15049"}],"collection":[{"href":"https:\/\/www.travelbymexico.com\/blog\/wp-json\/wp\/v2\/posts"}],"about":[{"href":"https:\/\/www.travelbymexico.com\/blog\/wp-json\/wp\/v2\/types\/post"}],"author":[{"embeddable":true,"href":"https:\/\/www.travelbymexico.com\/blog\/wp-json\/wp\/v2\/users\/2"}],"replies":[{"embeddable":true,"href":"https:\/\/www.travelbymexico.com\/blog\/wp-json\/wp\/v2\/comments?post=15049"}],"version-history":[{"count":4,"href":"https:\/\/www.travelbymexico.com\/blog\/wp-json\/wp\/v2\/posts\/15049\/revisions"}],"predecessor-version":[{"id":15060,"href":"https:\/\/www.travelbymexico.com\/blog\/wp-json\/wp\/v2\/posts\/15049\/revisions\/15060"}],"wp:featuredmedia":[{"embeddable":true,"href":"https:\/\/www.travelbymexico.com\/blog\/wp-json\/wp\/v2\/media\/15050"}],"wp:attachment":[{"href":"https:\/\/www.travelbymexico.com\/blog\/wp-json\/wp\/v2\/media?parent=15049"}],"wp:term":[{"taxonomy":"category","embeddable":true,"href":"https:\/\/www.travelbymexico.com\/blog\/wp-json\/wp\/v2\/categories?post=15049"},{"taxonomy":"post_tag","embeddable":true,"href":"https:\/\/www.travelbymexico.com\/blog\/wp-json\/wp\/v2\/tags?post=15049"}],"curies":[{"name":"wp","href":"https:\/\/api.w.org\/{rel}","templated":true}]}}