{"id":15021,"date":"2013-10-15T10:53:55","date_gmt":"2013-10-15T15:53:55","guid":{"rendered":"http:\/\/www.travelbymexico.com\/blog\/?p=15021"},"modified":"2013-10-14T19:15:21","modified_gmt":"2013-10-15T00:15:21","slug":"ven-a-comprar-arte-en-la-2a-affordable-art-fair-mexico-2013","status":"publish","type":"post","link":"https:\/\/www.travelbymexico.com\/blog\/15021-ven-a-comprar-arte-en-la-2a-affordable-art-fair-mexico-2013\/","title":{"rendered":"Ven a comprar arte en la 2a. Affordable Art Fair M\u00e9xico 2013"},"content":{"rendered":"<h2>Feria de Arte Accessible 2013 en la ciudad de M\u00e9xico: Obras de arte para todos los bolsillos; miles de pinturas, grabados, esculturas y fotograf\u00edas originales, todo bajo un mismo techo, y todo por debajo de $99,000 pesos.<\/h2>\n<h3>Affordable Art Fair M\u00e9xico en Expo Reforma<\/h3>\n<p><span style=\"text-decoration: underline;\">Del 18 al 20 de octubre 2013<\/span><\/p>\n<p>Si eres amante del arte tradicional y contempor\u00e1neo y deseas adquirir obras de artistas famosos o talentos no descubiertos, no te pierdas entonces la segunda edici\u00f3n de la &#8220;<strong>Affordable Art Fair M\u00e9xico<\/strong>&#8221; en la que encontrar\u00e1s pinturas, grabados originales, escultura y fotograf\u00eda de alrededor de <strong>50 galer\u00edas de todo el mundo<\/strong>.<\/p>\n<p>Los precios de las obras exhibidas a la venta van <strong>\u00a1desde $990 hasta $99.000 pesos!<\/strong><\/p>\n<h3>Talleres<\/h3>\n<p>Paralelamente a la feria, ni\u00f1os y adultos podr\u00e1n asistir a talleres gratuitos:<\/p>\n<p><strong>Taller de grabado<\/strong><br \/>\nDurante los tres d\u00edas de la feria, se llevar\u00e1 a cabo un taller de estampa que abordar\u00e1 grabado en lin\u00f3leo, grabado en goma, grabado en relieve sobre unicel, serigraf\u00eda y monotipo.<br \/>\n<span style=\"text-decoration: underline;\">Activididad gratuita abierta a todo p\u00fablico.<\/span><\/p>\n<p><strong>Talleres para ni\u00f1os por Pimpleia<\/strong><br \/>\nDirigidos a ni\u00f1os de m\u00e1s de 6 a\u00f1os, los <span style=\"text-decoration: underline;\">talleres son gratuitos<\/span>, y duran una hora.<\/p>\n<p><em><strong>Pimpleia<\/strong><\/em> es un espacio educativo independiente creado en 1986 por egresadas de la <em>Escuela Nacional de Artes Pl\u00e1sticas de la Universidad Nacional Aut\u00f3noma de M\u00e9xico<\/em>, que cuenta con el reconocimiento del <em>Consejo Nacional para la Cultura y las Artes<\/em> en la Direcci\u00f3n de Desarrollo Cultural Infantil <em>Alas y Ra\u00edces a los Ni\u00f1os<\/em>.<\/p>\n<p>Viernes 18 de octubre\u00a0 16:00 hrs. \/ 18:00 hrs. \u00f3 20:00 hrs.<br \/>\nS\u00e1bado 19 de octubre 13:00 hrs. \/ 15:00 hrs. \/ 17:00 hrs. \u00f3 19:00 hrs.<br \/>\nDomingo 20 de octubre 12:00 hrs. \/ 14:00 hrs. \u00f3 16:00 hrs.<br \/>\nCupo es limitado a 12 ni\u00f1os por taller.<\/p>\n<h3>La Affordable Art Fair en el mundo<\/h3>\n<p>Descubre cu\u00e1les son las ciudades del mundo que reciben a la Affordable Art Fair.<\/p>\n<p>Ciudad de M\u00e9xico, Nueva York, Seattle, Hong Kong, Singapur.<br \/>\n\u00c1msterdam, Maastricht, Bruselas, Hamburgo, Mil\u00e1n, Estocolmo.<br \/>\nReino Unido: Londres, Battersea; Londres, Hampstead; Bristol.<\/p>\n<h3>Horarios y boletos<\/h3>\n<p><strong>Private View &#8211; Fiesta de Inauguraci\u00f3n<\/strong> (s\u00f3lo con invitaci\u00f3n)<br \/>\nJueves 17 de octubre de 18:00 a 23:00 hrs.<\/p>\n<p><strong>Abierto al p\u00fablico<\/strong>:<br \/>\nViernes 18 de octubre 13:00 a 22:00 hrs.<br \/>\nS\u00e1bado 19 de octubre\u00a0 12:00 a 21:00 hrs.<br \/>\nDomingo 20 de octubre 11:00 a 18:00 hrs.<\/p>\n<p><strong>Entrada general<\/strong>: $150 pesos<br \/>\n<strong>Ni\u00f1os menores de 16 a\u00f1os<\/strong>: entrada gratuita.<br \/>\n<strong>50% descuento<\/strong> para adultos mayores de 60 y estudiantes, es indispensable presentar tu credencial para obtener el descuento.<\/p>\n<h3>\u00bfC\u00f3mo llegar a Expo Reforma?<\/h3>\n<p>Ave. Morelos No.67, Col. Ju\u00e1rez, Delegaci\u00f3n Cuauht\u00e9moc, M\u00e9xico D.F.\u00a0 (entre las calles Abraham Gonz\u00e1lez y Bucarelli, a 1 cuadra de la Glorieta de Crist\u00f3bal Col\u00f3n del Paseo de la Reforma).<\/p>\n<p><strong>Metrob\u00fas<\/strong>: L\u00ednea 4, estaci\u00f3n Expo Reforma o Glorieta de Col\u00f3n. L\u00ednea 1,\u00a0 estaci\u00f3n Reforma.<br \/>\n<strong>Metro de M\u00e9xico<\/strong>: L\u00ednea 3, estaci\u00f3n Ju\u00e1rez.<\/p>\n<h3>Art\u00edculo relacionado<\/h3>\n<p><strong><a title=\"Feria del Arte Accesible por primera vez en M\u00e9xico, septiembre 2012\" href=\"http:\/\/www.travelbymexico.com\/blog\/12636-feria-del-arte-accesible-por-primera-vez-en-mexico\" target=\"_blank\">Feria del Arte Accesible, por primera vez en M\u00e9xico<\/a> (Sept. 2012)<\/strong><\/p>\n","protected":false},"excerpt":{"rendered":"<p>Feria de Arte Accessible 2013 en la ciudad de M\u00e9xico: Obras de arte para todos los bolsillos; miles de pinturas,<\/p>\n","protected":false},"author":2,"featured_media":15022,"comment_status":"closed","ping_status":"closed","sticky":false,"template":"","format":"standard","meta":[],"categories":[9,912],"tags":[6255,318,461,6254,6257,1966,602,5922,818,6253,988,3163,6256],"_links":{"self":[{"href":"https:\/\/www.travelbymexico.com\/blog\/wp-json\/wp\/v2\/posts\/15021"}],"collection":[{"href":"https:\/\/www.travelbymexico.com\/blog\/wp-json\/wp\/v2\/posts"}],"about":[{"href":"https:\/\/www.travelbymexico.com\/blog\/wp-json\/wp\/v2\/types\/post"}],"author":[{"embeddable":true,"href":"https:\/\/www.travelbymexico.com\/blog\/wp-json\/wp\/v2\/users\/2"}],"replies":[{"embeddable":true,"href":"https:\/\/www.travelbymexico.com\/blog\/wp-json\/wp\/v2\/comments?post=15021"}],"version-history":[{"count":2,"href":"https:\/\/www.travelbymexico.com\/blog\/wp-json\/wp\/v2\/posts\/15021\/revisions"}],"predecessor-version":[{"id":15024,"href":"https:\/\/www.travelbymexico.com\/blog\/wp-json\/wp\/v2\/posts\/15021\/revisions\/15024"}],"wp:featuredmedia":[{"embeddable":true,"href":"https:\/\/www.travelbymexico.com\/blog\/wp-json\/wp\/v2\/media\/15022"}],"wp:attachment":[{"href":"https:\/\/www.travelbymexico.com\/blog\/wp-json\/wp\/v2\/media?parent=15021"}],"wp:term":[{"taxonomy":"category","embeddable":true,"href":"https:\/\/www.travelbymexico.com\/blog\/wp-json\/wp\/v2\/categories?post=15021"},{"taxonomy":"post_tag","embeddable":true,"href":"https:\/\/www.travelbymexico.com\/blog\/wp-json\/wp\/v2\/tags?post=15021"}],"curies":[{"name":"wp","href":"https:\/\/api.w.org\/{rel}","templated":true}]}}