{"id":15016,"date":"2013-10-15T09:53:38","date_gmt":"2013-10-15T14:53:38","guid":{"rendered":"http:\/\/www.travelbymexico.com\/blog\/?p=15016"},"modified":"2013-10-13T00:46:05","modified_gmt":"2013-10-13T05:46:05","slug":"xxvi-carrera-panamericana-2013-veracruz-zacatecas","status":"publish","type":"post","link":"https:\/\/www.travelbymexico.com\/blog\/15016-xxvi-carrera-panamericana-2013-veracruz-zacatecas\/","title":{"rendered":"XXVI Carrera Panamericana 2013 Veracruz-Zacatecas"},"content":{"rendered":"<h2>La XXVI Carrera Panamericana 2013 iniciar\u00e1 el 25 de octubre de 2013 en la ciudad de Veracruz y finalizar\u00e1 el 31 de octubre de 2013 en la ciudad de Zacatecas.<\/h2>\n<p>Evento deportivo de automovilismo tipo rally organizado anualmente a trav\u00e9s de la Rep\u00fablica Mexicana, la 26a. edici\u00f3n de la <strong>Carrera Panamericana<\/strong> de la \u00e9poca moderna (la carrera Panamericana original u antigua se realiz\u00f3 de 1950 a 1954, y la moderna inici\u00f3 en 1988), se desarrollar\u00e1 completamente sobre asfalto y tendr\u00e1 un recorrido total de un <strong>poco m\u00e1s de 3.000 km<\/strong> de los cuales <strong>585 km ser\u00e1n<\/strong> <strong>cronometrados<\/strong> en 45 tramos, cerrados al tr\u00e1nsito normal, cuyos resultados acumulados determinar\u00e1n el orden de salida de la etapa siguiente y finalmente al ganador de La Carrera Panamericana 2013.<\/p>\n<p>La <strong>ceremonia inaugural<\/strong> tendr\u00e1 lugar el jueves 24 de octubre de 2013 en el <strong>Malec\u00f3n de Veracruz<\/strong>.<\/p>\n<h3>Autom\u00f3viles permitidos en la etapa moderna de la Carrera Panamericana<\/h3>\n<p>los modelos se dividen en cuatro grupos y nueve categor\u00edas<\/p>\n<p><strong>Grupo A<\/strong>, de autom\u00f3viles panamericanos, con las categor\u00edas Turismo de producci\u00f3n, Turismo mayor, Sport menor y Sport mayor.<\/p>\n<p><strong>Grupo B<\/strong>, de autom\u00f3viles hist\u00f3ricos, con las categor\u00edas Hist\u00f3rica A, A Plus, B y C.<\/p>\n<p><strong>Grupo C<\/strong>, de autom\u00f3viles panamericanos originales.<\/p>\n<p><strong>Grupo D<\/strong>, de autom\u00f3viles de exhibici\u00f3n. En este grupo entran todos los veh\u00edculos que no puedan ser agrupados en los grupos anteriores. Es un grupo no puntuable y sin derecho a premiaci\u00f3n.<\/p>\n<h3>Rutas de la Carrera Panamericana 2013<\/h3>\n<p>Viernes 25 de octubre 2013<br \/>\nSalida: <strong>Veracruz<\/strong>. LLegada: <strong>Oaxaca<\/strong>.<\/p>\n<p>S\u00e1bado 26 de octubre 2013<br \/>\nSalida: <strong>Oaxaca<\/strong>. LLegada: <strong>D. F.<\/strong><\/p>\n<p>Domingo 27 de octubre 2013<br \/>\nSalida: <strong>D. F.<\/strong> Llegada: <strong>Quer\u00e9taro<\/strong>.<\/p>\n<p>Lunes 28 de octubre 2013<br \/>\nSalida: <strong>Quer\u00e9taro<\/strong>. Llegada: <strong>Morelia<\/strong>.<\/p>\n<p>Martes 29 de octubre 2013<br \/>\nSalida: <strong>Morelia<\/strong>. Llegada: <strong>Guanajuato<\/strong>.<\/p>\n<p>Mi\u00e9rcoles 30 de octubre 2013<br \/>\nSalida: <strong>Guanajuato<\/strong>. LLegada: <strong>Aguascalientes<\/strong>.<\/p>\n<p>Jueves 31 de octubre 2013<br \/>\nSalida: <strong>Aguascalientes<\/strong>. Llegada: <strong>Zacatecas<\/strong>.<\/p>\n<h3>Consulta la Tabla de Resumen de Etapas, Tiempos y Distancias.<\/h3>\n<p>http:\/\/www.lacarrerapanamericana.com.mx\/images\/contenidos\/documentos\/mapas\/28-de-agosto-tabla-de-resumen-etapas.pdf<\/p>\n<p><strong><a title=\"Gu\u00eda Tur\u00edstica de M\u00e9xico: hoteles, restaurantes, atractivos tur\u00edsticos, mapas, videos, fotos, etc.\" href=\"http:\/\/www.travelbymexico.com\" target=\"_blank\">Reserva tu hotel en una de las principales ciudades de M\u00e9xico <\/a><\/strong><\/p>\n<p>&nbsp;<\/p>\n","protected":false},"excerpt":{"rendered":"<p>La XXVI Carrera Panamericana 2013 iniciar\u00e1 el 25 de octubre de 2013 en la ciudad de Veracruz y finalizar\u00e1 el<\/p>\n","protected":false},"author":2,"featured_media":15017,"comment_status":"closed","ping_status":"closed","sticky":false,"template":"","format":"standard","meta":[],"categories":[10,912],"tags":[6252,311,315,321,325,329,331,5178,842,4470],"_links":{"self":[{"href":"https:\/\/www.travelbymexico.com\/blog\/wp-json\/wp\/v2\/posts\/15016"}],"collection":[{"href":"https:\/\/www.travelbymexico.com\/blog\/wp-json\/wp\/v2\/posts"}],"about":[{"href":"https:\/\/www.travelbymexico.com\/blog\/wp-json\/wp\/v2\/types\/post"}],"author":[{"embeddable":true,"href":"https:\/\/www.travelbymexico.com\/blog\/wp-json\/wp\/v2\/users\/2"}],"replies":[{"embeddable":true,"href":"https:\/\/www.travelbymexico.com\/blog\/wp-json\/wp\/v2\/comments?post=15016"}],"version-history":[{"count":2,"href":"https:\/\/www.travelbymexico.com\/blog\/wp-json\/wp\/v2\/posts\/15016\/revisions"}],"predecessor-version":[{"id":15019,"href":"https:\/\/www.travelbymexico.com\/blog\/wp-json\/wp\/v2\/posts\/15016\/revisions\/15019"}],"wp:featuredmedia":[{"embeddable":true,"href":"https:\/\/www.travelbymexico.com\/blog\/wp-json\/wp\/v2\/media\/15017"}],"wp:attachment":[{"href":"https:\/\/www.travelbymexico.com\/blog\/wp-json\/wp\/v2\/media?parent=15016"}],"wp:term":[{"taxonomy":"category","embeddable":true,"href":"https:\/\/www.travelbymexico.com\/blog\/wp-json\/wp\/v2\/categories?post=15016"},{"taxonomy":"post_tag","embeddable":true,"href":"https:\/\/www.travelbymexico.com\/blog\/wp-json\/wp\/v2\/tags?post=15016"}],"curies":[{"name":"wp","href":"https:\/\/api.w.org\/{rel}","templated":true}]}}