{"id":14926,"date":"2013-10-14T11:28:39","date_gmt":"2013-10-14T16:28:39","guid":{"rendered":"http:\/\/www.travelbymexico.com\/blog\/?p=14926"},"modified":"2013-09-30T18:02:33","modified_gmt":"2013-09-30T23:02:33","slug":"programa-del-xxv-festival-de-musica-de-morelia-2013","status":"publish","type":"post","link":"https:\/\/www.travelbymexico.com\/blog\/14926-programa-del-xxv-festival-de-musica-de-morelia-2013\/","title":{"rendered":"Programa del XXV Festival de M\u00fasica de Morelia 2013"},"content":{"rendered":"<h2>No se pierdan el Mejor Festival de M\u00fasica de Concierto (M\u00fasica Cl\u00e1sica) en M\u00e9xico, del 14 al 24 de noviembre en la ciudad de <a title=\"Ciudad de Morelia: Informaci\u00f3n, hoteles, fotos, mapas, clima, atractivos tur\u00edsticos\" href=\"http:\/\/www.travelbymexico.com\/morelia\" target=\"_blank\">Morelia<\/a>, Michoac\u00e1n.<\/h2>\n<h2>Entre los distinguidos y talentosos m\u00fasicos que participar\u00e1n en la vig\u00e9sima quinta edici\u00f3n de este festival, destaca el compositor estadounidense de m\u00fasica minimalista <span style=\"text-decoration: underline;\">Philip Glass<\/span> quien, adem\u00e1s de ofrecer dos recitales, impartir\u00e1 una clase magistral en el Conservatorio de las Rosas.<\/h2>\n<p>Creado en 1989 con el prop\u00f3sito de fomentar la difusi\u00f3n y la ense\u00f1anza musical en M\u00e9xico y acrecentar la ense\u00f1anza musical impartida en el <strong>Conservatorio de las Rosas<\/strong>, el <strong>Festival de M\u00fasica de Morelia Miguel Bernal Jim\u00e9nez<\/strong> cuenta en cada una de sus ediciones con la participan de prestigiosos compositores e interpretes del mundo entero.<\/p>\n<h3>Programa de Conciertos, Clases Magistrales y Actividades<br \/>\nXXV Festival de M\u00fasica de Morelia 2013<\/h3>\n<p><span style=\"text-decoration: underline;\"><strong>Jueves 14 de noviembre 2013<\/strong><\/span><\/p>\n<p>20:30 hrs. <em><strong>Orquesta Johann Strauss de Viena<\/strong><\/em>. Concierto sinf\u00f3nico de inauguraci\u00f3n. (M\u00fasica de sal\u00f3n) &#8211; Teatro Morelos.<\/p>\n<p><span style=\"text-decoration: underline;\"><strong>Viernes 15 de noviembre 2013<\/strong> <\/span><\/p>\n<p><strong>Las Variaciones Goldberg, de Bach. Homenaje a Glenn Gould <\/strong><br \/>\nde 16:00 a 21:00 hrs. en el Teatro Jos\u00e9 Rub\u00e9n Romero.<br \/>\n16:00 hrs. Concierto de c\u00e1mara <em><strong>Garnati Ensemble<\/strong><\/em> .<br \/>\n18:30 hrs. Recital <em><strong>Teodoro Anzelottio<\/strong><\/em>.<br \/>\n20:30 hrs. Recital <em><strong>Ra\u00fal Moncada<\/strong><\/em>.<\/p>\n<p>22.00 hrs. <em><strong>Lloren\u00e7 Barber<\/strong><\/em> &#8220;Intervenci\u00f3n sonora urbana&#8221;. Concierto de campanas.<br \/>\nEn las Iglesias del Centro Hist\u00f3rico.<\/p>\n<p><span style=\"text-decoration: underline;\"><strong>S\u00e1bado 16 de noviembre 2013<\/strong> <\/span><\/p>\n<p>En la Calzada de Fray Antonio de San Miguel:<\/p>\n<p>11:00 hrs.<strong> Exposici\u00f3n de tapetes florales<\/strong> de Patamban, Michoac\u00e1n, elaborados con m\u00e1s de 3 millones de flores naturales.<br \/>\n<em><strong>Batall\u00f3n de San Patricio<\/strong><\/em> &#8211; Espect\u00e1culo de gaitas escocesas.<\/p>\n<p>12:30 hrs. <em><strong>Na\u2019iki<\/strong><\/em> acompa\u00f1ada del <em><strong>Ensamble Ac\u00fastico de Antonio Rodr\u00edguez e Iv\u00e1n Cort\u00e9s<\/strong><\/em>. &#8220;De Trova y de Romance.&#8221;<\/p>\n<p>13:00 hrs. <em><strong>Tr\u00edo Hayren<\/strong><\/em>: Kim Kashkashian, Robyn Schulkowsky y Tigran Mansurian. Concierto de c\u00e1mara (M\u00fasica armenia tradicional y contempor\u00e1nea) &#8211; Palacio Municipal.<br \/>\n18:00 hrs. <strong>Carnaval<\/strong> (Partiendo de Las Tarascas rumbo a Catedral).<br \/>\n19:00 hrs. Concierto-espect\u00e1culo: Armando un Pancho (<strong>Armando Manzanero<\/strong> y <strong>Francisco C\u00e9spedes<\/strong>) &#8211; Plaza Valladolid.<\/p>\n<p><span style=\"text-decoration: underline;\"><strong>Domingo 17 de noviembre 2013<\/strong> <\/span><\/p>\n<p>13:00 hrs. Concierto sinf\u00f3nico. <em><strong>Orquesta de C\u00e1mara del Conservatorio de Las Rosas<\/strong><\/em>, Jes\u00fas Castro-Balbi, chelo, Gloria Lin, piano y Jos\u00e9 Luis G\u00e1lvez, director &#8211; Teatro Ocampo.<br \/>\n18:00 hrs. <em><strong>Orquesta Sinf\u00f3nica<\/strong> y<strong> Coro Esperanza Azteca Fundadora<\/strong><\/em>. Concierto sinf\u00f3nico-coral &#8211; Plaza Valladolid.<br \/>\n19:00 hrs. Espect\u00e1culo de Gaitas Escocesas. <em><strong>Batall\u00f3n de San Patricio<\/strong><\/em> &#8211; Plaza de Armas.<br \/>\n20:00 hrs. <em><strong>Coro de Oxford<\/strong><\/em>. Concierto coral a cappella &#8211; Palacio de Gobierno.<\/p>\n<p><span style=\"text-decoration: underline;\"><strong>Lunes 18 de noviembre 2013<\/strong> <\/span><\/p>\n<p>13:00 hrs. <em><strong>H3A<\/strong><\/em>. Concierto de jazz. (<strong>Horacio Franco<\/strong>, <strong>Abraham Barrera<\/strong>, <strong>Aar\u00f3n Cruz<\/strong> y <strong>Adri\u00e1n Oropeza<\/strong>) &#8211; Palacio Municipal.<br \/>\n20:00 hrs. <em><strong>Orquesta Sinf\u00f3nica del Estado de Puebla<\/strong><\/em>. Messa da Requiem, de Verdi. Concierto sinf\u00f3nico-coral &#8211; Teatro Morelos.<\/p>\n<p><span style=\"text-decoration: underline;\"><strong>Martes 19 de noviembre 2013<\/strong> <\/span><\/p>\n<p>19:00 hrs. <em><strong>Jonty Harrison <\/strong>y<strong> Pete Stollery<\/strong><\/em>. Concierto Electro-ac\u00fastico &#8211; En el Centro Mexicano para la M\u00fasica y las Artes Sonoras (CMMAS).<br \/>\n20:30 hrs. <em><strong>Cuarteto Latinoamericano<\/strong><\/em>. Concierto de c\u00e1mara &#8211;\u00a0 Palacio Federal.<br \/>\n22:30 hrs. <em><strong>Nueva York en Morelia, encuentro de jazz<\/strong><\/em>: Helen Sung Quartet, Juan Alzate y Rodrigo Neftal\u00ed &#8211; Centro Cultural Clavijero, Segundo Patio.<\/p>\n<p><span style=\"text-decoration: underline;\"><strong>Mi\u00e9rcoles 20 de noviembre 2013<\/strong> <\/span><\/p>\n<p>18:00 hrs. <em><strong>TM+ <\/strong><\/em>y <em><strong>Tambuco<\/strong><\/em>. Concierto de m\u00fasica contempor\u00e1nea &#8211; Centro Cultural Clavijero.<br \/>\n20:30 hrs. Dr\u00e1cula, de Tod Browning con B\u00e9la Lugosi.<em><strong> Philip Glass<\/strong><\/em> y <em><strong>Kronos Quartet<\/strong><\/em> &#8211; Teatro Morelos.<\/p>\n<p><span style=\"text-decoration: underline;\"><strong>Jueves 21 de noviembre 2013<\/strong> <\/span><\/p>\n<p>19:00 hrs. Concierto sinf\u00f3nico: Jorge Federico Osorio, <em><strong>Orquesta Sinf\u00f3nica del Estado de Michoac\u00e1n<\/strong><\/em> y Miguel Salm\u00f3n\u00a0 &#8211; Teatro Ocampo.<br \/>\n20:30 hrs. Recital <em><strong>Philip Glass<\/strong><\/em>, <em><strong>Maki Namekawa<\/strong><\/em> y <strong><em>Alexander Pashkov<\/em><\/strong> &#8211; Teatro Morelos.<\/p>\n<p><strong><span style=\"text-decoration: underline;\">Viernes 22 de noviembre 2013<\/span> <\/strong><\/p>\n<p>20:30 hrs. <em><strong>Tr\u00edo de piano de Viena<\/strong><\/em>. Concierto de c\u00e1mara &#8211; Palacio Municipal.<\/p>\n<p><span style=\"text-decoration: underline;\"><strong>S\u00e1bado 23 de noviembre 2013<\/strong> <\/span><\/p>\n<p>13:00 hrs. <em><strong>Ni\u00f1os Cantores de Morelia<\/strong><\/em>. \u00d3pera de c\u00e1mara &#8211; Teatro Ocampo.<br \/>\n20:00 hrs. <strong>Orquesta Filarm\u00f3nica de la Ciudad de M\u00e9xico<\/strong>. Concierto de Clausura. Concierto sinf\u00f3nico con intervenci\u00f3n visual &#8211; Teatro Morelos.<\/p>\n<p><span style=\"text-decoration: underline;\"><strong>Domingo 24 de noviembre 2013<\/strong> <\/span><\/p>\n<p>13:00 hrs. <em><strong>Indra-Swara<\/strong><\/em>. Espect\u00e1culo tradicional (Arte Indonesio) &#8211; Centro Cultural Clavijero. Segundo Patio.<\/p>\n<h3>Clases Magistrales en el Conservatorio de las Rosas<\/h3>\n<p>Lunes 18 de noviembre &#8211; <strong>Tigran Mansurian<\/strong><br \/>\nM\u00fasica armenia. &#8220;M\u00e9todos de composici\u00f3n&#8221; &#8211; Sal\u00f3n 29. De 18:00 a 19:30h.<\/p>\n<p>Martes 19 de noviembre &#8211; <strong>David Harrington<\/strong><br \/>\nSala Ni\u00f1os Cantores de 09:00 a 11:00h.<\/p>\n<p>Martes 19 de noviembre &#8211; <strong>Philip Glass<\/strong><br \/>\nSala Ni\u00f1os Cantores a las 18:30h.<\/p>\n<p>Mi\u00e9rcoles 20 de noviembre &#8211; <strong>Tr\u00edo de Piano de Viena<\/strong><br \/>\nSala Ni\u00f1os Cantores de 13:00 a 15:00h<\/p>\n<h3>Clase magistral en la Casa de la Cultura. CMMAS<\/h3>\n<p>Martes 19 de noviembre &#8211; <strong>Pete Stollery<\/strong> y<strong> Jonty Harrison<\/strong>.<br \/>\n&#8220;Lugar y espacio&#8221; a las 18:00h.<\/p>\n<h3>Cursos en el Conservatorio de Las Rosas<\/h3>\n<p>Lunes 18, martes 19 y mi\u00e9rcoles 20 de noviembre<br \/>\n<strong>Robyn Schulkowsky<\/strong>. &#8220;Percusiones&#8221;. (Sal\u00f3n de Percusiones).<\/p>\n<p>Lunes 18 y martes 19 de noviembre<br \/>\n<strong>Helen Sung<\/strong>. &#8220;Curso de improvisaci\u00f3n&#8221;<br \/>\nLunes, Sala Muench 15:00h &#8211; 18:00h.<br \/>\nMartes, Sala Muench 12:00h-15:00h.<\/p>\n<p>Lunes 18 y martes 19 de noviembre.<br \/>\n<strong>Jes\u00fas Castro Balbi<\/strong>. &#8220;Curso de Interpretaci\u00f3n para violonchelo&#8221; (Sal\u00f3n 29)<br \/>\nLunes, 9:00-13:30h.<br \/>\nMartes, 12:00h-14:00h y de 17:00h-19:00h.<\/p>\n<p>Lunes 18 y martes 19 de noviembre.<br \/>\n<strong>Gloria Lin<\/strong>. &#8220;Curso de interpretaci\u00f3n para piano&#8221;<br \/>\n(Sala Ni\u00f1os Cantores)<br \/>\nLunes de 9:00-13:30h.<br \/>\nMartes de 12:00h a 14:00h y de 17:00h a 19:00h.<\/p>\n<h3>Actividades paralelas<\/h3>\n<p>Del 30 de octubre al 25 de noviembre.<br \/>\n<strong>Exposici\u00f3n pict\u00f3rica<\/strong> en el Centro Cultural Clavijero.<\/p>\n<p>16 de noviembre a las 11:00 hrs.<br \/>\n<strong>Exposici\u00f3n de tapetes florales de Patamban<\/strong>, Michoac\u00e1n, elaborados con m\u00e1s de 3 millones de flores naturales.\u00a0 Calzada de Fray Antonio de San Miguel.<\/p>\n<p>Viernes 22 de noviembre a las 18:00 has.<br \/>\n<strong>Concierto gratuito para ni\u00f1os<\/strong> \u00bfConoces a Wolfi? (Mozart) Mario Iv\u00e1n Mart\u00ednez. Cerrada de San Agust\u00edn.<\/p>\n<p>Domingo 24 de noviembre<br \/>\n<strong>Muestra gastron\u00f3mica internacional<\/strong>, en el Centro Cultural Clavijero.<\/p>\n","protected":false},"excerpt":{"rendered":"<p>No se pierdan el Mejor Festival de M\u00fasica de Concierto (M\u00fasica Cl\u00e1sica) en M\u00e9xico, del 14 al 24 de noviembre<\/p>\n","protected":false},"author":2,"featured_media":14927,"comment_status":"closed","ping_status":"closed","sticky":false,"template":"","format":"standard","meta":[],"categories":[37,912],"tags":[6127,1796,6104,6116,214,6108,6109,6120,6121,6123,553,3162,6112,6110,5322,2762,6106,6105,6125,6115,6126,2629,1949,6102,6117,6122,6103,6113,6118,6114,6107,6124,6119,6111],"_links":{"self":[{"href":"https:\/\/www.travelbymexico.com\/blog\/wp-json\/wp\/v2\/posts\/14926"}],"collection":[{"href":"https:\/\/www.travelbymexico.com\/blog\/wp-json\/wp\/v2\/posts"}],"about":[{"href":"https:\/\/www.travelbymexico.com\/blog\/wp-json\/wp\/v2\/types\/post"}],"author":[{"embeddable":true,"href":"https:\/\/www.travelbymexico.com\/blog\/wp-json\/wp\/v2\/users\/2"}],"replies":[{"embeddable":true,"href":"https:\/\/www.travelbymexico.com\/blog\/wp-json\/wp\/v2\/comments?post=14926"}],"version-history":[{"count":2,"href":"https:\/\/www.travelbymexico.com\/blog\/wp-json\/wp\/v2\/posts\/14926\/revisions"}],"predecessor-version":[{"id":14929,"href":"https:\/\/www.travelbymexico.com\/blog\/wp-json\/wp\/v2\/posts\/14926\/revisions\/14929"}],"wp:featuredmedia":[{"embeddable":true,"href":"https:\/\/www.travelbymexico.com\/blog\/wp-json\/wp\/v2\/media\/14927"}],"wp:attachment":[{"href":"https:\/\/www.travelbymexico.com\/blog\/wp-json\/wp\/v2\/media?parent=14926"}],"wp:term":[{"taxonomy":"category","embeddable":true,"href":"https:\/\/www.travelbymexico.com\/blog\/wp-json\/wp\/v2\/categories?post=14926"},{"taxonomy":"post_tag","embeddable":true,"href":"https:\/\/www.travelbymexico.com\/blog\/wp-json\/wp\/v2\/tags?post=14926"}],"curies":[{"name":"wp","href":"https:\/\/api.w.org\/{rel}","templated":true}]}}