{"id":14876,"date":"2013-09-26T09:06:31","date_gmt":"2013-09-26T14:06:31","guid":{"rendered":"http:\/\/www.travelbymexico.com\/blog\/?p=14876"},"modified":"2013-09-24T22:20:40","modified_gmt":"2013-09-25T03:20:40","slug":"festival-internacional-de-las-artes-julio-torri-2013-en-coahuila","status":"publish","type":"post","link":"https:\/\/www.travelbymexico.com\/blog\/14876-festival-internacional-de-las-artes-julio-torri-2013-en-coahuila\/","title":{"rendered":"Festival Internacional de las Artes Julio Torri 2013, en Coahuila"},"content":{"rendered":"<h2>Del 11 al 28 de octubre de 2013 el estado de Coahuila se engalanar\u00e1 con este Festival que contempla la presentaci\u00f3n de m\u00e1s de 240 eventos culturales, entre los que se cuentan conciertos, proyecciones cinematogr\u00e1ficas, exposiciones de artes visuales, teatro y danza, entre otras actividades.<\/h2>\n<h2>Las actividades y eventos se desarrollar\u00e1n en los 38 municipios del estado de Coahuila y las entradas ser\u00e1n gratuitas.<\/h2>\n<p>Con una inversi\u00f3n superior a los 20 millones de pesos, el Festival Internacional de las Artes de Coahuila busca la apertura de nuevos espacios para fomentar la sana convivencia en la sociedad.<\/p>\n<h3>Invitados de honor y artistas internacionales<\/h3>\n<p><span style=\"text-decoration: underline;\">En esta ocasi\u00f3n los invitados de honor son<\/span>: <strong>Alemania<\/strong> &#8211; <strong>Estado de Zacatecas<\/strong> &#8211; <strong>Municipio de Monclova<\/strong>.<\/p>\n<p>Adem\u00e1s, el programa contar\u00e1 con la actuaci\u00f3n de <strong>artistas provenientes de Cuba, Espa\u00f1a, India, China, Estados Unidos y Canad\u00e1<\/strong>.<\/p>\n<h3>Julio Torri<\/h3>\n<p>Desde este a\u00f1o 2013 se decidi\u00f3 dar al festival el nombre de Julio Torri, en honor al afamado escritor coahuilense. Con esto se pretende rendir homenaje al talento local a trav\u00e9s de una proyecci\u00f3n internacional.<\/p>\n<p>Algunos de los invitados al Festival son:<\/p>\n<p><strong>Algunos artistas de Alemania (ser\u00e1n m\u00e1s de 60 artistas)<\/strong><br \/>\nBerlinskiBeat<br \/>\nGr\u00e1fica \u201cLubok\u201d: Gr\u00e1fica Contempor\u00e1nea y Libros de Artistas de Leipzig, colectivo de artistas alemanes.<br \/>\n\u201cDesencantado\u201d exposici\u00f3n fotogr\u00e1fica de Wolfram Hahn<\/p>\n<p><strong>Algunos artistas de Zacatecas (ser\u00e1n m\u00e1s de 250 artistas):<\/strong><br \/>\nAut\u00e9ntico Tamborazo Zacatecano<br \/>\nOrquesta Filarm\u00f3nica del Estado de Zacatecas<br \/>\nLos Cosmic\u00f3micos Teatro de Calle.<br \/>\nExposiciones colectiva Arenas de esperanza y La estampa de nuestro tiempo<\/p>\n<p><strong>Algunos artistas de Coahuila:<\/strong><br \/>\nEl tenor \u00d3scar de la O.<br \/>\nCamerata de Coahuila<br \/>\nBanda de M\u00fasica del Estado de Coahuila<br \/>\nMezquite Danza Contempor\u00e1nea<br \/>\nBallet Folkl\u00f3rico de la UAdeC<\/p>\n<p><strong>Invitados de gala:<\/strong><br \/>\nInstituto Mexicano del Sonido<br \/>\nCelso Pi\u00f1a<br \/>\n\u00d3scar Ch\u00e1vez<br \/>\nEugenia Le\u00f3n<br \/>\nPat\u00e9 de Fu\u00e1<br \/>\nEnsamble de danza y opera de Chongqing.<\/p>\n<p>&nbsp;<\/p>\n","protected":false},"excerpt":{"rendered":"<p>Del 11 al 28 de octubre de 2013 el estado de Coahuila se engalanar\u00e1 con este Festival que contempla la<\/p>\n","protected":false},"author":2,"featured_media":14877,"comment_status":"closed","ping_status":"closed","sticky":false,"template":"","format":"standard","meta":[],"categories":[37,912],"tags":[3243,102,6022,4219,6019,337,360,477,4512,485,509,565,5781,6021,6020,1397,6018,6024,6023],"_links":{"self":[{"href":"https:\/\/www.travelbymexico.com\/blog\/wp-json\/wp\/v2\/posts\/14876"}],"collection":[{"href":"https:\/\/www.travelbymexico.com\/blog\/wp-json\/wp\/v2\/posts"}],"about":[{"href":"https:\/\/www.travelbymexico.com\/blog\/wp-json\/wp\/v2\/types\/post"}],"author":[{"embeddable":true,"href":"https:\/\/www.travelbymexico.com\/blog\/wp-json\/wp\/v2\/users\/2"}],"replies":[{"embeddable":true,"href":"https:\/\/www.travelbymexico.com\/blog\/wp-json\/wp\/v2\/comments?post=14876"}],"version-history":[{"count":2,"href":"https:\/\/www.travelbymexico.com\/blog\/wp-json\/wp\/v2\/posts\/14876\/revisions"}],"predecessor-version":[{"id":14879,"href":"https:\/\/www.travelbymexico.com\/blog\/wp-json\/wp\/v2\/posts\/14876\/revisions\/14879"}],"wp:featuredmedia":[{"embeddable":true,"href":"https:\/\/www.travelbymexico.com\/blog\/wp-json\/wp\/v2\/media\/14877"}],"wp:attachment":[{"href":"https:\/\/www.travelbymexico.com\/blog\/wp-json\/wp\/v2\/media?parent=14876"}],"wp:term":[{"taxonomy":"category","embeddable":true,"href":"https:\/\/www.travelbymexico.com\/blog\/wp-json\/wp\/v2\/categories?post=14876"},{"taxonomy":"post_tag","embeddable":true,"href":"https:\/\/www.travelbymexico.com\/blog\/wp-json\/wp\/v2\/tags?post=14876"}],"curies":[{"name":"wp","href":"https:\/\/api.w.org\/{rel}","templated":true}]}}