{"id":14753,"date":"2013-09-10T17:37:55","date_gmt":"2013-09-10T22:37:55","guid":{"rendered":"http:\/\/www.travelbymexico.com\/blog\/?p=14753"},"modified":"2013-09-10T17:49:18","modified_gmt":"2013-09-10T22:49:18","slug":"temporada-de-observacion-de-millones-de-aves-migratorias-en-veracruz","status":"publish","type":"post","link":"https:\/\/www.travelbymexico.com\/blog\/14753-temporada-de-observacion-de-millones-de-aves-migratorias-en-veracruz\/","title":{"rendered":"Veracruz: lugar de la migraci\u00f3n de aves rapaces m\u00e1s grande del mundo"},"content":{"rendered":"<h2>\u00bfSab\u00edas que durante los meses de agosto a noviembre, la planicie costera del centro de Veracruz se convierte en el corredor de aves migratorias m\u00e1s importante del mundo? y que, durante este espect\u00e1culo natural \u00fanico, \u00a1se puede apreciar el paso de m\u00e1s de 5 millones de aves rapaces de al menos 25 especies!<\/h2>\n<p>Por sus caracter\u00edsticas &#8211; grandes extensiones planas flanqueadas por el Golfo de M\u00e9xico y la Sierra Madre Oriental, y temperaturas que provocan corrientes de aire ascendentes &#8211; la planicie costera del estado de Veracruz se convierte cada a\u00f1o durante los meses <strong>de agosto a noviembre<\/strong>, en un corredor natural para la migraci\u00f3n de <strong>poco m\u00e1s de 5 millones de aves rapaces<\/strong> que bajan desde <strong>Canad\u00e1<\/strong> y los <strong>Estados Unidos<\/strong>.<\/p>\n<p>Esta zona ha recibido numerosos reconocimientos, nacionales e internacionales, como <strong>sitio prioritario para la conservaci\u00f3n<\/strong>.<\/p>\n<p>El <strong>pico de la migraci\u00f3n<\/strong> ocurre habitualmente durante la primera quincena del mes de octubre, \u00a1registr\u00e1ndose cantidades superiores a los <strong>500,000 individuos en un solo d\u00eda<\/strong>!<\/p>\n<h3>Aves rapaces y grandes aves acu\u00e1ticas que se pueden observar<\/h3>\n<p><em>Cern\u00edcalo americano, \u00c1guila calva, \u00c1guila dorada, \u00c1guila pescadora, Aguililla alas anchas, Aguililla aura, Aguililla cola corta, Aguililla caminera, Aguililla cola roja, Aguililla de Swainson, \u00c1guila negra menor, Aguililla pecho rojo, Aguililla Real, Aguililla gris, Aguililla de Harris, Gavil\u00e1n de Cooper, Gavil\u00e1n azor, Gavil\u00e1n rastrero, Gavil\u00e1n pico-gancho, Esmerej\u00f3n, Halc\u00f3n peregrino, Milano cola blanca, Milano de Misisipi, Milano plomizo, Milano tijereta, Gavil\u00e1n estriado,\u00a0 Zopilote aura. <\/em><\/p>\n<p><em>As\u00ed como pel\u00edcanos, cormoranes, cig\u00fce\u00f1as, anhingas, y mosqueros.<\/em><\/p>\n<h3>Monitoreo &#8211; Conteo de aves migratorias<\/h3>\n<p>Hoy d\u00eda, el monitoreo se lleva a cabo cada a\u00f1o de manera ininterrumpida, del 20 de agosto al 20 de noviembre, en las 2 bases de conteo situadas en la <strong>ciudad de Cardel<\/strong> y el <strong>pueblo de Chichicaxtle<\/strong>.<\/p>\n<p>Desde 1991, el conteo de las estas aves migratorias est\u00e1 a cargo de <strong>Pronatura Veracruz<\/strong>, una de las seis representaciones nacionales de la asociaci\u00f3n civil mexicana sin fines de lucro <em>Pronatura A.C.<\/em>, y forma parte del &#8220;<strong>Proyecto Veracruz R\u00edo de Rapaces &#8211; <strong>Pronatura Veracruz<\/strong><\/strong>&#8221;<\/p>\n<p>Coordinadoor de la red de monitoreo de aves migratorias neotropicales que se extiende desde Norteam\u00e9rica hasta Centroam\u00e9rica, este proyecto se ha vuelto un <strong>referente<\/strong>, donde<strong> se capacitan y entrenan bi\u00f3logos<\/strong> del norte, centro y sur de Am\u00e9rica, as\u00ed como de Europa y \u00c1frica.<\/p>\n<h3>M\u00e9todo para el conteo<\/h3>\n<p><em>\u00a0Inspirado en el m\u00e9todo creado por HMANA (Hawk Migration Association of North America), el<em> conteo de las poblaciones de aves rapaces y acu\u00e1ticas c<\/em>onsiste en observaciones directas en los sitios de estudio durante el tiempo que dura la migraci\u00f3n oto\u00f1al (del 20 de agosto al 20 de noviembre). Para garantizar que los conteos se realicen de una manera regular, se re\u00fane un equipo de 9 personas en total y se elabora un calendario de trabajo en cada lugar (Cardel y Chichicaxtle).<\/em><\/p>\n<p><em><em>Identificadas con binoculares, l<\/em>as aves migratorias que se detectan son contadas y anotadas con informaci\u00f3n adicional como la hora,\u00a0 la clave del nombre de cada especie, y el n\u00famero de individuos. <\/em><\/p>\n<p><em>Cada hora un asistente toma datos con respecto al clima como velocidad y direcci\u00f3n del viento, porcentaje del cielo cubierto por nubes y tipo de nubes, temperatura ambiental y visibilidad en kil\u00f3metros, as\u00ed como tambi\u00e9n el n\u00famero de observadores y los minutos observados durante la hora. <\/em><\/p>\n<p><em><span style=\"text-decoration: underline;\"><strong>Todos los d\u00edas se ingresan los datos a la p\u00e1gina de www.hawkcount.org<\/strong><\/span>, p\u00e1gina administrada por HMANA y en donde todos los sitios de monitoreo de aves rapaces del continente ingresan sus datos, lo que permite dar seguimiento a las poblaciones de estas especies a nivel continental.<\/em><\/p>\n<h3>Datos de la migraci\u00f3n, actuales e hist\u00f3ricos<\/h3>\n<p>Para obtener los datos de la migraci\u00f3n de aves rapaces, actuales e hist\u00f3ricos, consulta el sitio <strong>http:\/\/www.hmana.org<\/strong><\/p>\n<h3>Creaci\u00f3n de un observatorio de aves migratorias<\/h3>\n<p>El 12 de octubre de 2007, <em>Pronatura Veracruz<\/em> inaugur\u00f3 el <strong>Observatorio de Aves Migratorias Mario Ramos<\/strong> en la localidad de <strong>Chichicaxtle<\/strong>, ubicada a 13 km. de la ciudad de Cardel, por la carretera Xalapa-Veracruz.<\/p>\n<p>Asentado en un lugar naturalmente estrat\u00e9gico, este observatorio lleva el nombre del ornit\u00f3logo mexicano reconocido por su incansable labor de investigaci\u00f3n, y es uno de los lugares favoritos de <strong>ornit\u00f3logos<\/strong> y <strong>observadores aficionados<\/strong>, que han llegado a contar<span style=\"text-decoration: underline;\"><strong> hasta 1,200,000 rapaces en un d\u00eda<\/strong><\/span>.<\/p>\n<h3>Excursiones para observar las aves migratorias<\/h3>\n<p>Pronatura, Cipamex, Aveoptica y el DIF de Veracruz, ofrecen cada a\u00f1o excursiones a las localidades de Cardel, Chichicaxtle, Cerro Gordo, R\u00edo Escondido, Villa Rica, Laguna de El Llano, y Quiahuiztl\u00e1n.<\/p>\n<h3>Estaci\u00f3n de anillado<\/h3>\n<p>En 1998, Pronatura Veracruz comenz\u00f3 a operar una estaci\u00f3n de anillado de aves rapaces (\u00fanica en M\u00e9xico y Centroam\u00e9rica), desde la cual cada a\u00f1o se captura un promedio de 300 aves de 10 especies de Falconiformes.<br \/>\n<span style=\"text-decoration: underline;\">A la fecha, se han anillado 3,334 individuos de 21 especies<\/span>.<br \/>\n23 de estas aves, principalmente <strong>gavilanes de Cooper y Estriados<\/strong>, han sido recapturadas tanto en el este como en el oeste de EUA y Canad\u00e1, (la mayor\u00eda de la regi\u00f3n de los Grandes Lagos), y en Guatemala y Nicaragua.<\/p>\n<h3>\u00bfQuie\u0301n financia el proyecto &#8220;<em>Veracruz Ri\u0301o de Rapaces<\/em>&#8220;?<\/h3>\n<p><em>Veracruz Ri\u0301o de Rapaces<\/em> es financiado por fundaciones mexicanas y extranjeras asi\u0301 como por instancias de gobierno. Otros fondos se obtienen de viajes organizados y guiados por Pronatura, membresi\u0301as de <em>Amigos del Ri\u0301o de Rapaces<\/em> y contribuciones individuales.<\/p>\n<p>Adema\u0301s del apoyo proporcionado por sus <strong>dos socios<\/strong>: <strong>Hawk Mountain Sanctuary<\/strong> y <strong>Hawk Watch International<\/strong>.<\/p>\n<h3>Preguntas frecuentes sobre el Proyecto Veracruz R\u00edo de Rapaces<\/h3>\n<p>Para mayor informes, descarga el PDF http:\/\/www.pronaturaveracruz.org\/PDFs\/Preguntas_Frecuentes.pdf<\/p>\n","protected":false},"excerpt":{"rendered":"<p>\u00bfSab\u00edas que durante los meses de agosto a noviembre, la planicie costera del centro de Veracruz se convierte en el<\/p>\n","protected":false},"author":2,"featured_media":14754,"comment_status":"closed","ping_status":"closed","sticky":false,"template":"","format":"standard","meta":[],"categories":[6,912],"tags":[60,5878,5865,5876,5869,116,198,5882,5872,5871,5879,1435,478,5870,5866,5867,5885,5875,5868,5874,5873,5877,5880,5881,5886,5883,5884],"_links":{"self":[{"href":"https:\/\/www.travelbymexico.com\/blog\/wp-json\/wp\/v2\/posts\/14753"}],"collection":[{"href":"https:\/\/www.travelbymexico.com\/blog\/wp-json\/wp\/v2\/posts"}],"about":[{"href":"https:\/\/www.travelbymexico.com\/blog\/wp-json\/wp\/v2\/types\/post"}],"author":[{"embeddable":true,"href":"https:\/\/www.travelbymexico.com\/blog\/wp-json\/wp\/v2\/users\/2"}],"replies":[{"embeddable":true,"href":"https:\/\/www.travelbymexico.com\/blog\/wp-json\/wp\/v2\/comments?post=14753"}],"version-history":[{"count":6,"href":"https:\/\/www.travelbymexico.com\/blog\/wp-json\/wp\/v2\/posts\/14753\/revisions"}],"predecessor-version":[{"id":14756,"href":"https:\/\/www.travelbymexico.com\/blog\/wp-json\/wp\/v2\/posts\/14753\/revisions\/14756"}],"wp:featuredmedia":[{"embeddable":true,"href":"https:\/\/www.travelbymexico.com\/blog\/wp-json\/wp\/v2\/media\/14754"}],"wp:attachment":[{"href":"https:\/\/www.travelbymexico.com\/blog\/wp-json\/wp\/v2\/media?parent=14753"}],"wp:term":[{"taxonomy":"category","embeddable":true,"href":"https:\/\/www.travelbymexico.com\/blog\/wp-json\/wp\/v2\/categories?post=14753"},{"taxonomy":"post_tag","embeddable":true,"href":"https:\/\/www.travelbymexico.com\/blog\/wp-json\/wp\/v2\/tags?post=14753"}],"curies":[{"name":"wp","href":"https:\/\/api.w.org\/{rel}","templated":true}]}}