{"id":14745,"date":"2013-09-10T10:33:12","date_gmt":"2013-09-10T15:33:12","guid":{"rendered":"http:\/\/www.travelbymexico.com\/blog\/?p=14745"},"modified":"2013-09-10T11:07:42","modified_gmt":"2013-09-10T16:07:42","slug":"gran-charreada-de-gala-203o-aniversario-de-la-indepedencia-de-mexico","status":"publish","type":"post","link":"https:\/\/www.travelbymexico.com\/blog\/14745-gran-charreada-de-gala-203o-aniversario-de-la-indepedencia-de-mexico\/","title":{"rendered":"Gran Charreada de Gala 203\u00ba Aniversario de la Independencia de M\u00e9xico"},"content":{"rendered":"<h2>En el marco del D\u00eda del Charro y de la conmemoraci\u00f3n del D\u00eda de la Independencia de M\u00e9xico, la Nacional de Charros te invita a asistir del 14 al 22 de septiembre de 2013 en el Lienzo Rancho del Charro &#8220;Javier Rojo G.&#8221; de\u00a0 la ciudad de M\u00e9xico, a una serie de eventos\u00a0 de Charrer\u00eda de gran calidad como la Charreada de Gala para la Secretar\u00eda de la Defensa Nacional (Sedena) por realizarse el 15 de septiembre.<\/h2>\n<p>Deporte que surgi\u00f3 tras la reforma agraria de principios del siglo XX, <a title=\"La Charrer\u00eda, el deporte nacional mexicano\" href=\"http:\/\/www.travelbymexico.com\/blog\/10915-la-charreria-el-deporte-nacional-mexicano\" target=\"_blank\">la Charrer\u00eda<\/a> fue declarada &#8220;Deporte Nacional&#8221; en 1945 por el presidente Manuel \u00c1vila Camacho, e instituido el 14 de septiembre como D\u00eda del Charro.<\/p>\n<p>La Federaci\u00f3n Nacional de Charros, actualmente conocida como Federaci\u00f3n Mexicana de Charrer\u00eda fue creada el 16 de diciembre de 1939.<\/p>\n<p>En 1996, la Charrer\u00eda se incorpor\u00f3 a la Comisi\u00f3n Nacional del Deporte, CONADE, y form\u00f3 parte del Fondo Nacional del Deporte. Hoy d\u00eda, existen m\u00e1s de 20,000 charros afiliados a las 1,000 asociaciones charras mexicanas, adem\u00e1s de seiscientos equipos de escaramuzas.<\/p>\n<h3>Programa de eventos \u00a1Semana muy patria en La Nacional!<\/h3>\n<h3>Gran Charreada de Gala 203\u00ba Aniversario de la Independencia de M\u00e9xico<\/h3>\n<p><span style=\"text-decoration: underline;\"><strong>Lugar: <\/strong><\/span>Lienzo Rancho del Charro &#8220;Javier Rojo G.&#8221;, M\u00e9xico, D.F.<br \/>\nAvenida Constituyentes No. 500, Pta 4. 3a. Secci\u00f3n del Bosque de Chapultepec.<\/p>\n<p><strong>Viernes 13 de Septiembre 2013 &#8211; Charreada de Gala para la Secretar\u00eda de Gobernaci\u00f3n<\/strong><\/p>\n<p><strong>S\u00e1bado 14 de Septiembre 2013 &#8211; D\u00eda del Charro<\/strong><br \/>\n&#8211; III Fase Circuito de Coleadero y Pialadores &#8211; Especial del D\u00eda del Charro<\/p>\n<p><strong>Domingo 15 de Septiembre 2013 &#8211; Charreada de Gala<\/strong><\/p>\n<p>para la SEDENA, Fuerza A\u00e9rea Mexicana, Polic\u00eda Federal y m\u00e1s&#8230;<\/p>\n<p><strong>Lunes 16 de Septiembre 2013 &#8211; Desfile Charro &#8211; Militar<\/strong><\/p>\n<p>Todo el protocolo de glamour y tradici\u00f3n en homenaje y reconocimiento a la SEDENA por su participaci\u00f3n en el desfile militar, as\u00ed como a los 17 pa\u00edses participantes, Fuerza A\u00e9rea, Polic\u00eda Federal Preventiva y entidades de Gobierno cerrando con una <strong>Noche Mexicana<\/strong> y Grito de Independencia.<\/p>\n<p><strong>S\u00e9bado 21 de Septiembre 2013<\/strong><br \/>\n&#8211; <span style=\"text-decoration: underline;\"><strong>Feria de Escaramuzas<\/strong><\/span> y Homenaje a la Sra. Isabel Rojo Dego\u00f1i por su trayectoria como mujer de a caballo.<\/p>\n<p><strong>22 de Septiembre de 2013<\/strong><br \/>\nCharreada y Homenaje al Ejercito Mexicano por sus 100 a\u00f1os de fundaci\u00f3n.<\/p>\n<h3>Informes<\/h3>\n<p><strong>Asociaci\u00f3n Nacional de Charros, A.C.<\/strong>\u00a0 Constituyentes No. 500 Col. Lomas Altas.<br \/>\n3a. Secci\u00f3n del Bosque de Chapultepec<br \/>\n3C.P. 11959, Del. Miguel Hidalgo, M\u00e9xico D.F.<br \/>\nPara mayores informes, favor de comunicarse a los tel\u00e9fonos (55) 5277 8710 y 5277 8706, con Maricarmen Cer\u00f3n y Cristina Gonz\u00e1lez.<\/p>\n<h3>Enlaces<\/h3>\n<p><strong>http:\/\/www.decharros.com\/lanaciona_l2013\/index.htm<\/strong><br \/>\n<strong>http:\/\/www.asociacionnacionaldecharros.com<\/strong><\/p>\n<p><strong><a title=\"La Charrer\u00eda, el deporte nacional mexicano\" href=\"http:\/\/www.travelbymexico.com\/blog\/10915-la-charreria-el-deporte-nacional-mexicano\" target=\"_blank\">La Charrer\u00eda, el deporte nacional mexicano <\/a><\/strong><\/p>\n<p><strong><a title=\"Reserva tu hotel en la ciudad de M\u00e9xico\" href=\"http:\/\/www.travelbymexico.com\/ciudaddemexico\/hoteles\" target=\"_blank\">Reserva tu hotel en la ciudad de M\u00e9xico <\/a><\/strong><\/p>\n<p>&nbsp;<\/p>\n","protected":false},"excerpt":{"rendered":"<p>En el marco del D\u00eda del Charro y de la conmemoraci\u00f3n del D\u00eda de la Independencia de M\u00e9xico, la Nacional<\/p>\n","protected":false},"author":2,"featured_media":14746,"comment_status":"closed","ping_status":"closed","sticky":false,"template":"","format":"standard","meta":[],"categories":[36,912],"tags":[5852,1915,5863,1964,292,318,5859,5860,5861,406,5853,5851,4284,5856,5855,1914,658,5864,3861,5854,5858,5857,5862,2017],"_links":{"self":[{"href":"https:\/\/www.travelbymexico.com\/blog\/wp-json\/wp\/v2\/posts\/14745"}],"collection":[{"href":"https:\/\/www.travelbymexico.com\/blog\/wp-json\/wp\/v2\/posts"}],"about":[{"href":"https:\/\/www.travelbymexico.com\/blog\/wp-json\/wp\/v2\/types\/post"}],"author":[{"embeddable":true,"href":"https:\/\/www.travelbymexico.com\/blog\/wp-json\/wp\/v2\/users\/2"}],"replies":[{"embeddable":true,"href":"https:\/\/www.travelbymexico.com\/blog\/wp-json\/wp\/v2\/comments?post=14745"}],"version-history":[{"count":6,"href":"https:\/\/www.travelbymexico.com\/blog\/wp-json\/wp\/v2\/posts\/14745\/revisions"}],"predecessor-version":[{"id":14749,"href":"https:\/\/www.travelbymexico.com\/blog\/wp-json\/wp\/v2\/posts\/14745\/revisions\/14749"}],"wp:featuredmedia":[{"embeddable":true,"href":"https:\/\/www.travelbymexico.com\/blog\/wp-json\/wp\/v2\/media\/14746"}],"wp:attachment":[{"href":"https:\/\/www.travelbymexico.com\/blog\/wp-json\/wp\/v2\/media?parent=14745"}],"wp:term":[{"taxonomy":"category","embeddable":true,"href":"https:\/\/www.travelbymexico.com\/blog\/wp-json\/wp\/v2\/categories?post=14745"},{"taxonomy":"post_tag","embeddable":true,"href":"https:\/\/www.travelbymexico.com\/blog\/wp-json\/wp\/v2\/tags?post=14745"}],"curies":[{"name":"wp","href":"https:\/\/api.w.org\/{rel}","templated":true}]}}