{"id":14728,"date":"2013-09-07T18:40:01","date_gmt":"2013-09-07T23:40:01","guid":{"rendered":"http:\/\/www.travelbymexico.com\/blog\/?p=14728"},"modified":"2013-09-08T02:11:32","modified_gmt":"2013-09-08T07:11:32","slug":"17o-tour-de-cine-frances-en-mexico-y-centroamerica","status":"publish","type":"post","link":"https:\/\/www.travelbymexico.com\/blog\/14728-17o-tour-de-cine-frances-en-mexico-y-centroamerica\/","title":{"rendered":"17\u00ba Tour de Cine Franc\u00e9s en M\u00e9xico y Centroam\u00e9rica"},"content":{"rendered":"<h2>17\u00ba Tour de Cine Franc\u00e9s 2013 en M\u00e9xico: 7 pel\u00edculas francesas y 19 cortometrajes mexicanos; del 6 de septiembre al 24 de octubre de 2013 en casi sesenta ciudades de la Rep\u00fablica Mexicana.<\/h2>\n<p>Fundado en 1997 por la <em>Embajada de Francia en M\u00e9xico<\/em>, <em>Cin\u00e9polis<\/em>, <em>Cinemas Nueva Era<\/em> y las <em>Alianzas Francesas en M\u00e9xico<\/em>, el\u00a0<strong>Tour de Cine Franc\u00e9s<\/strong>\u00a0es una <strong>muestra itinerante<\/strong> que presenta la mejor selecci\u00f3n de <strong>cine franc\u00e9s contempor\u00e1neo<\/strong> (en versi\u00f3n original subtitulada) alrededor de la Rep\u00fablica Mexicana y Centroam\u00e9rica, previo a su estreno comercial en salas.<\/p>\n<p>El Tour de Cine Franc\u00e9s tiene una duraci\u00f3n de<span style=\"text-decoration: underline;\"> dos semanas en cada ciudad<\/span>.<\/p>\n<h3>El 17 Tour de Cine Franc\u00e9s en tu ciudad\u2026<\/h3>\n<p><strong>Consulta los cines participantes y los horarios aqu\u00ed: <\/strong>http:\/\/www.tourdecinefrances.net\/Cartelera\/Mexico<\/p>\n<p>Ensenada, Mexicali, Tijuana, La Paz, Cabo San Lucas, La Paz.<br \/>\nHermosillo, Ciudad Ju\u00e1rez, Chihuahua, Cd. Obreg\u00f3n.<br \/>\nCuliac\u00e1n, Durango, Mazatl\u00e1n, Torre\u00f3n, Saltillo, Monterrey, Nuevo Laredo, Reynosa, Matamoros.<br \/>\nTamaulipas, Ciudad Victoria, Tampico.<br \/>\nZacatecas, San Luis Potos\u00ed<br \/>\nAguascalientes, Guanajuato, Le\u00f3n, Irapuato, Salamanca, Zamora,<br \/>\nGuadalajara, Puerto Vallarta, Colima, Manzanillo,<br \/>\nUruapan, Morelia, Celaya, Quer\u00e9taro, Pachuca,<br \/>\nTehuac\u00e1n, Minatitl\u00e1n, Oaxaca, Tuxtla Guti\u00e9rrez.<br \/>\nC\u00f3rdoba, Orizaba, Xalapa, Veracruz, Coatzalcoalcos, Villahermosa, San Crist\u00f3bal de Las Casas, Tapachula.<br \/>\nChetumal, Campeche, Cozumel, Playa del Carmen, Canc\u00fan, M\u00e9rida.<\/p>\n<p><span style=\"text-decoration: underline;\"><strong>Ciudades de Centroam\u00e9rica<\/strong><\/span> en donde se presentar\u00e1 el 17\u00ba Tour de Cine Franc\u00e9s 2013<br \/>\nGuatemala (Guatemala) &#8211; San Salvador (El Salvador) &#8211; Tegucigalpa (Honduras) &#8211; Managua (Nicaragua)<br \/>\nSan Jos\u00e9 \/ Tres R\u00edos \/ Cartago (Costa Rica) &#8211; Panam\u00e1 \/ Arraj\u00e1n (Panam\u00e1)<\/p>\n<h3>Las 7 pel\u00edculas francesas y los 19 cortometrajes mexicanos<\/h3>\n<p><strong>CAMILLE REGRESA<\/strong> (Camille redouble)<br \/>\nDirecci\u00f3n: No\u00e9mie Lvovsky. Francia, 2012. Duraci\u00f3n: 115 min.<br \/>\nReparto: No\u00e9mie Lvovsky, Samir Guesmi, Judith Chemla<br \/>\nG\u00e9nero: Comedia dram\u00e1tica<br \/>\n<span style=\"text-decoration: underline;\"><strong>Premios y reconocimientos<\/strong>:<\/span> Quincena de realizadores, Cannes, 2012: Premio SACD.<br \/>\nPremios C\u00e9sar, 2013: 13 nominaciones incluyendo Mejor pel\u00edcula, Mejor director y Mejor actriz principal.<\/p>\n<p><strong>EN LA CASA<\/strong> (Dans la maison)<br \/>\nDirecci\u00f3n: Fran\u00e7ois Ozon.<br \/>\nReparto: Fabrice Luchini, Ernst Umhauer, Kristin Scott Thomas, Emmanuelle Seigner, Yolande Moreau.<br \/>\nFrancia, 2012. Duraci\u00f3n: 105 min. G\u00e9nero: Thriller.<br \/>\n<span style=\"text-decoration: underline;\"><strong>Premios y reconocimientos<\/strong><\/span>: Festival Internacional de Cine de San Sebasti\u00e1n, 2012 &#8211; Concha de oro.<br \/>\nFestival Internacional de Cine de Toronto, 2012 &#8211; Premio de la cr\u00edtica internacional (FIPRESCI).<br \/>\nPremios C\u00e9sar, 2013 &#8211; 6 nominaciones incluyendo Mejor pel\u00edcula, Mejor director (Fran\u00e7ois Ozon) y Mejor actor principal (Fabrice Luchini).<br \/>\nPremios Goya, 2013 &#8211; Nominaci\u00f3n: Mejor pel\u00edcula europea.<\/p>\n<p><strong>MI HISTORIA ENTRE TUS DEDOS<\/strong> (Populaire)<br \/>\nDirecci\u00f3n: R\u00e9gis Roinsard.<br \/>\nReparto: Romain Duris, D\u00e9borah Fran\u00e7ois, B\u00e9r\u00e9nice Bejo, Shaun Benson.<br \/>\nFrancia, 2012.\u00a0 Duraci\u00f3n: 111 min. G\u00e9nero: Comedia rom\u00e1ntica.<\/p>\n<p><strong>EL LOBO SEDUCTOR<\/strong> (Le grand m\u00e9chant loup)<br \/>\nDirecci\u00f3n: Nicolas Charlet, Bruno Lavaine.<br \/>\nReparto: Beno\u00eet Poelvoorde, Kad Merad, Fred Testot, Val\u00e9rie Donzelli, Charlotte Le Bon, Zabou Breitman, Cristiana Reali, L\u00e9a Drucker.<br \/>\nFrancia, 2013. Duraci\u00f3n: 107 min. G\u00e9nero: Comedia.<\/p>\n<p><strong>PASEANDO CON MOLI\u00c8RE<\/strong> (Alceste \u00e0 bicyclette)<br \/>\nDirecci\u00f3n: Philippe Le Guay.<br \/>\nReparto: Fabrice Luchini, Lambert Wilson, Maya Sansa.<br \/>\nFrancia, 2013. Duraci\u00f3n: 104 min.G\u00e9nero: Comedia dram\u00e1tica.<\/p>\n<p><strong>RENOIR<\/strong> (Renoir)<br \/>\nDirecci\u00f3n: Gilles Bourdos.<br \/>\nReparto: Michel Bouquet, Christa Theret, Vincent Rottiers.<br \/>\nFrancia, 2012. Duraci\u00f3n: 111 min. G\u00e9nero: Drama hist\u00f3rico.<br \/>\n<span style=\"text-decoration: underline;\"><strong>Premios y reconocimientos<\/strong><\/span>: Festival de Cannes &#8211; Una cierta mirada, 2012: Selecci\u00f3n oficial.<\/p>\n<p><strong>LOS SABORES DEL PALACIO<\/strong> (Les saveurs du palais)<br \/>\nDirecci\u00f3n: Christian Vincent.<br \/>\nReparto: Catherine Frot, Jean D\u2019Ormesson, Hippolyte Girardot.<br \/>\nFrancia, 2012. Duraci\u00f3n: 95 min. G\u00e9nero: Comedia dram\u00e1tica.<br \/>\nPremios y reconocimientos: Premios C\u00e9sar, 2013 \u2013 Nominaci\u00f3n a Mejor actriz (Catherine Frot).<\/p>\n<h3>19 Cortometrajes Mexicanos<\/h3>\n<p><strong>BAJO EL \u00daLTIMO TECHO<\/strong><br \/>\nDirecci\u00f3n: Edgar A. Romero.<br \/>\nReparto: C\u00e9sar Romero Medrano, Mario Alejandro L\u00f3pez, Graciela Orozco, Xavier Xim\u00e9nez, Gast\u00f3n Calvario. Duraci\u00f3n: 12 min. M\u00e9xico, 2013.<\/p>\n<p><strong>CARRETERAS<\/strong><br \/>\nDirecci\u00f3n: Denisse Quintero.<br \/>\nReparto: Iazua Larios, Gimena G\u00f3mez, Tomihuatzi Xelhuantzi, Luis Eduardo Yee.<br \/>\nDuraci\u00f3n: 10 min. M\u00e9xico, 2013.<\/p>\n<p><strong>EL REGRESO DEL VAMPIRO<\/strong><br \/>\nDirecci\u00f3n: Christian Alain V\u00e1zquez Carrasco.<br \/>\nReparto: Mario Mart\u00ednez Cobos.<br \/>\nDuraci\u00f3n: 6 min. M\u00e9xico, 2013.<\/p>\n<p><strong>DISIDENTE <\/strong><br \/>\nDirecci\u00f3n: Alfonso Esquivias.<br \/>\nReparto: Paulino Partida, Eduardo Covarrubias, Itzcoatl Orozco, Armando Padilla, Carlos Davis Colin, Ixchel Covarrubias, Joe Gonz\u00e1lez, Guillermo Esquivias, Manuel Herrera, Liud Medina.<br \/>\nDuraci\u00f3n: 10 min. M\u00e9xico, 2013.<\/p>\n<p><strong>ESTATUAS<\/strong><br \/>\nDirecci\u00f3n: Roberto Fiesco.<br \/>\nReparto: Giovanna Zacar\u00edas, Gustavo Terrazas, M\u00f3nica del Carmen, Miguel Flores, Carlos Ch\u00e1vez, Harold Torres, Adriana Paz, Javier Oliv\u00e1n, Baltimore Beltr\u00e1n, Pascacio L\u00f3pez, Salvador Hern\u00e1ndez, Lilia Mendoza, Coral Bonelli, Said Flores.<br \/>\nDuraci\u00f3n: 17 min. Producci\u00f3n: M\u00e9xico, 2013.<\/p>\n<p><strong>GAJES DEL OFICIO<\/strong><br \/>\nDirecci\u00f3n: Mariana Gironella.<br \/>\nReparto: Jorge de los Reyes, Carlos Corona, Catalina L\u00f3pez, Sara Sandoval, Franck M\u00e9ndez.<br \/>\nDuraci\u00f3n: 12 min. Producci\u00f3n: M\u00e9xico, 2013.<\/p>\n<p><strong>INFRAMUNDO<\/strong><br \/>\nDirecci\u00f3n: Ana Mary Ramos.<br \/>\nReparto: Tenoch Huerta, Iv\u00e1n Cort\u00e9s.<br \/>\nDuraci\u00f3n: 10 min.<\/p>\n<p><strong>LLUVIA EN LOS OJOS<\/strong><br \/>\nDirector: Rita Basulto.<br \/>\nDuraci\u00f3n: 7 min. Producci\u00f3n: M\u00e9xico 2013.<\/p>\n<p><strong>ME PESAS EN LA CABEZA<\/strong><br \/>\nDirecci\u00f3n: Pancho Ortega.<br \/>\nReparto: Al\u00ed Rond\u00f3n, Alejandra Ambrosi, Jos\u00e9 Miguel Hern\u00e1ndez Barba.<br \/>\nDuraci\u00f3n: 7 min. Producci\u00f3n: M\u00e9xico, 2013.<\/p>\n<p><strong>MIRAR ATR\u00c1S<\/strong><br \/>\nDirecci\u00f3n: Mafer Galindo Chico.<br \/>\nReparto: Sonia Couoh, Ver\u00f3nica Falc\u00f3n.<br \/>\nDuraci\u00f3n: 10 min. M\u00e9xico, 2013.<\/p>\n<p><strong>MONSTRUO<\/strong><br \/>\nDirecci\u00f3n: Luis Mariano Garc\u00eda.<br \/>\nReparto: Tessa la, Carlos \u00c1lvarez, Carlos Su\u00e1rez.<br \/>\nDuraci\u00f3n: 10 min. M\u00e9xico, 2013.<\/p>\n<p><strong>M\u00daSICA PARA DESPU\u00c9S DE DORMIR<\/strong><br \/>\nDirecci\u00f3n: Nicol\u00e1s Rojas S\u00e1nchez.<br \/>\nReparto: Agapita Cipriana, Urbano Cisneros, Celerino Rosales Augurio, Ricardo Luis Rosales Ubano, Ezequiel V\u00e1zquez Ch\u00e1vez, Jos\u00e9 Tiburcio V\u00e1zquez Ch\u00e1vez, R\u00e1ul David Ram\u00edrez Salmor\u00e1n, Lizbeth Santos Soriano. Duraci\u00f3n: 10 min. Producci\u00f3n: M\u00e9xico, 2013.<\/p>\n<p><strong>O SER UN ELEFANTE<\/strong><br \/>\nDirecci\u00f3n: Ulises P\u00e9rez Mancilla.<br \/>\nReparto: Luis Ernesto Verd\u00edn, Pablo Mezz, Kristian Laurrabaquio.<br \/>\nDuraci\u00f3n: 8 min. M\u00e9xico, 2013.<\/p>\n<p><strong>PAPALOTES ROSAS<\/strong><br \/>\nDirecci\u00f3n: Rebeca Bonola Jim\u00e9nez.<br \/>\nReparto: Heriberto M\u00e9ndez, Ana Sof\u00eda Dur\u00e1n, Ana Paula Mart\u00ednez, Andrea Portal, Jos\u00e9 Aguilar, Marco Jardines.<br \/>\nDuraci\u00f3n: 13 min. M\u00e9xico, 2013.<\/p>\n<p><strong>PORCELANA<\/strong><br \/>\nDirecci\u00f3n: Betzab\u00e9 Garc\u00eda.<br \/>\nReparto: Andrea Berzosa, Danae Reynaud, Lizet Sol\u00eds, Adriano Rivera Fiesco, M\u00f3nica Bejarano, Juan Pablo de Santiago.<br \/>\nDuraci\u00f3n: 12 min. M\u00e9xico, 2013.<\/p>\n<p><strong>\u00bfQU\u00c9 ES LA GUERRA?<\/strong><br \/>\nDirecci\u00f3n: Luis Beltr\u00e1n.<br \/>\nDuraci\u00f3n: 10 min. M\u00e9xico, 2013.<\/p>\n<p><strong>TETAS PARA MATAR<\/strong><br \/>\nDirecci\u00f3n: Leopoldo Aguilar Guerrero.<br \/>\nReparto: Jonathan James Barouse, Marc Betriu Bescos, Txema Lorente.<br \/>\nDuraci\u00f3n: 10 min. M\u00e9xico, 2013.<\/p>\n<p><strong>TRAS DE TI<\/strong><br \/>\nDirecci\u00f3n: Josu\u00e9 Hermes.<br \/>\nReparto: Francisco Serrano, Claudia Hern\u00e1ndez.<br \/>\nDuraci\u00f3n: 8 min. M\u00e9xico, 2013.<\/p>\n<p><strong>UN D\u00cdA EN FAMILIA<\/strong><br \/>\nDirecci\u00f3n: Pedro Gonz\u00e1lez.<br \/>\nGui\u00f3n: Pedro Gonz\u00e1lez, basado en un poema de Adri\u00e1n Rom\u00e1n.<br \/>\nDuraci\u00f3n: 7 min. M\u00e9xico, 2013.<\/p>\n<p>&nbsp;<\/p>\n","protected":false},"excerpt":{"rendered":"<p>17\u00ba Tour de Cine Franc\u00e9s 2013 en M\u00e9xico: 7 pel\u00edculas francesas y 19 cortometrajes mexicanos; del 6 de septiembre al<\/p>\n","protected":false},"author":2,"featured_media":14729,"comment_status":"closed","ping_status":"closed","sticky":false,"template":"","format":"standard","meta":[],"categories":[9],"tags":[1519,5833,5834,5826,307,5828,5827,378,5825,5837,5832,5829,5836,5831,980,5830,5835,1702,1218],"_links":{"self":[{"href":"https:\/\/www.travelbymexico.com\/blog\/wp-json\/wp\/v2\/posts\/14728"}],"collection":[{"href":"https:\/\/www.travelbymexico.com\/blog\/wp-json\/wp\/v2\/posts"}],"about":[{"href":"https:\/\/www.travelbymexico.com\/blog\/wp-json\/wp\/v2\/types\/post"}],"author":[{"embeddable":true,"href":"https:\/\/www.travelbymexico.com\/blog\/wp-json\/wp\/v2\/users\/2"}],"replies":[{"embeddable":true,"href":"https:\/\/www.travelbymexico.com\/blog\/wp-json\/wp\/v2\/comments?post=14728"}],"version-history":[{"count":5,"href":"https:\/\/www.travelbymexico.com\/blog\/wp-json\/wp\/v2\/posts\/14728\/revisions"}],"predecessor-version":[{"id":14732,"href":"https:\/\/www.travelbymexico.com\/blog\/wp-json\/wp\/v2\/posts\/14728\/revisions\/14732"}],"wp:featuredmedia":[{"embeddable":true,"href":"https:\/\/www.travelbymexico.com\/blog\/wp-json\/wp\/v2\/media\/14729"}],"wp:attachment":[{"href":"https:\/\/www.travelbymexico.com\/blog\/wp-json\/wp\/v2\/media?parent=14728"}],"wp:term":[{"taxonomy":"category","embeddable":true,"href":"https:\/\/www.travelbymexico.com\/blog\/wp-json\/wp\/v2\/categories?post=14728"},{"taxonomy":"post_tag","embeddable":true,"href":"https:\/\/www.travelbymexico.com\/blog\/wp-json\/wp\/v2\/tags?post=14728"}],"curies":[{"name":"wp","href":"https:\/\/api.w.org\/{rel}","templated":true}]}}