{"id":14694,"date":"2013-09-01T22:29:55","date_gmt":"2013-09-02T03:29:55","guid":{"rendered":"http:\/\/www.travelbymexico.com\/blog\/?p=14694"},"modified":"2013-09-02T15:19:02","modified_gmt":"2013-09-02T20:19:02","slug":"el-rock-en-mexico-1955-2010-nueva-exposicion-del-modo","status":"publish","type":"post","link":"https:\/\/www.travelbymexico.com\/blog\/14694-el-rock-en-mexico-1955-2010-nueva-exposicion-del-modo\/","title":{"rendered":"El Rock en M\u00e9xico 1955-2010, nueva exposici\u00f3n del MODO"},"content":{"rendered":"<h2>Te gusta el Rock, pero \u00bfqu\u00e9 tanto sabes de la historia y evoluci\u00f3n de este g\u00e9nero musical en M\u00e9xico?<\/h2>\n<p>El <strong>Museo del Objeto del Objeto<\/strong> (MODO) te invita a visitar su nueva exposici\u00f3n temporal titulada &#8220;El Rock en Me\u0301xico, 1955-2010&#8221;; un recorrido por la historia del rock en M\u00e9xico, desde <strong>C\u00e9sar Costa<\/strong> hasta el <strong>Instituto Mexicano del Sonido<\/strong> (IMS) de Camilo Lara, conformado por ma\u0301s de doscientas <strong>portadas originales de LP<\/strong> de diferentes e\u0301pocas; <strong>carteles<\/strong> de peli\u0301culas de diferentes e\u0301pocas asociadas al rock; carteles y volantes; <strong>vestuario original<\/strong> de algunos mu\u0301sicos; <strong>instrumentos emblema\u0301ticos<\/strong> de estrellas del Rock; documentos, fotograf\u00edas, material de audio y video, material de prensa y gra\u0301ficos.<\/p>\n<h3>La muestra &#8220;El Rock en Me\u0301xico, 1955-2010&#8221; est\u00e1 dividida en seis n\u00facleos:<\/h3>\n<p>&#8211; La llegada de un ritmo nuevo.<br \/>\n&#8211; Hacia la Onda Chicana.<br \/>\n\u2013 Antes y despue\u0301s de Ava\u0301ndaro (Festival Rock y Ruedas de Av\u00e1ndaro.)<br \/>\n\u2013 Hacia otra de\u0301cada: finales de los setenta, principios de los ochenta.<br \/>\n\u2013 Nuevos proyectos sociales y roqueros 1986 \u2013 1996.<br \/>\n\u2013 Efervescencia musical hacia el fin del milenio.<\/p>\n<h3>Algunos de los objetos que podr\u00e1s observar en esta exposici\u00f3n<\/h3>\n<p><span style=\"text-decoration: underline;\"><strong>Instrumentos emblema\u0301ticos<\/strong><\/span>:<br \/>\nBajo del grupo Los Sinners.<br \/>\nSintetizador Yamaha DX27 de Carlos Alvarado del grupo Vi\u0301a La\u0301ctea y Chac Mool.<br \/>\nGuitarra de <strong>Las Vi\u0301ctimas del Dr. Cerebro<\/strong>.<br \/>\nPrimera Guitarra Gibson Les Paul de Tito de <strong>Molotov<\/strong>.<br \/>\nSaxofo\u0301n de <strong>Octavio Espinoza<\/strong> &#8220;El Sopas&#8221;.<br \/>\nGuitarro\u0301n de Quique Rangel de <strong>Cafe\u0301 Tacvba<\/strong>.<br \/>\nTeclado de Camilo Lara del <strong>IMS<\/strong>.<br \/>\nTeclado de <strong>Hello Seahorse<\/strong>!<\/p>\n<p><span style=\"text-decoration: underline;\"><strong>Vestuario original: <\/strong><\/span><br \/>\nSombrero de <a title=\"Carlos Santana, Gira 2012 en M\u00e9xico\" href=\"http:\/\/www.travelbymexico.com\/blog\/10977-carlos-santana-gira-2012-en-mexico\" target=\"_blank\">Carlos Santana<\/a>.<br \/>\nTraje y sue\u0301ter original de <strong>Ce\u0301sar Costa<\/strong>.<br \/>\nSaco original de Los Rebeldes del Rock y de <strong>Los Locos del Ritmo<\/strong>.<br \/>\nTenis con espuelas de <strong>Botellita de Jere\u0301z<\/strong>.<br \/>\nTraje original de <strong>Pachuco<\/strong>.<br \/>\nChaleco de Jay de <strong>Moderatto<\/strong>.<br \/>\nVestido de <strong>Carla Morrison<\/strong>.<\/p>\n<h3>Curadora de la exposici\u00f3n &#8220;El Rock en Me\u0301xico, 1955-2010&#8221;<\/h3>\n<p><strong>Graciela E. Kasep Iba\u00e1\u00f1ez<\/strong>.<br \/>\nEgresada, con menci\u00f3n honor\u00edfica, en Historia del Arte en el Posgrado de la Facultad de Filosofi\u0301a y Letras de la UNAM, se especializ\u00f3 en arte del siglo XX asi\u0301 como en la revisio\u0301n y ana\u0301lisis de las expresiones arti\u0301sticas actuales. Desde 2010 forma parte del equipo curatorial del <a title=\"Museo Nacional de Arte (MUNAL): rese\u00f1a, fotos y mapa de ubicaci\u00f3n\" href=\"http:\/\/www.travelbymexico.com\/ciudaddemexico\/atractivos\/?nom=1309031001\" target=\"_blank\">MUNAL<\/a>.<\/p>\n<h3>Horario y costo de admisi\u00f3n<\/h3>\n<p>El <strong>Museo del Objeto del Objeto<\/strong> (MODO) est\u00e1 abierto del mi\u00e9rcoles a domingo de 10:00 am a 6:00 pm.<br \/>\nCerrado lunes y martes.<\/p>\n<p><em>Colima 145, Col. La Roma, <a title=\"Gu\u00eda Tur\u00edstica de la Ciudad de M\u00e9xico: hoteles, fotos, v\u00eddeos, mapas, atractivos tur\u00edsticos, clima, reportajes, etc.\" href=\"http:\/\/www.travelbymexico.com\/ciudaddemexico\" target=\"_blank\">Ciudad de M\u00e9xico<\/a>. Tel\u00e9fono: 5533 96 37.\u00a0<\/em><br \/>\nP\u00fablico en general: $40.00 pesos.<br \/>\nINAPAM, estudiantes y maestros (con credencial vigente): $20.00 pesos.<br \/>\nVecinos de la Roma con IFE: $20.00 pesos.<br \/>\nNi\u00f1os menores de 12 a\u00f1os: gratis.<\/p>\n<p>&nbsp;<\/p>\n","protected":false},"excerpt":{"rendered":"<p>Te gusta el Rock, pero \u00bfqu\u00e9 tanto sabes de la historia y evoluci\u00f3n de este g\u00e9nero musical en M\u00e9xico? El<\/p>\n","protected":false},"author":2,"featured_media":14695,"comment_status":"closed","ping_status":"closed","sticky":false,"template":"","format":"standard","meta":[],"categories":[9,912],"tags":[5782,2242,5772,4411,2365,5779,5773,509,5780,5774,5776,5784,5771,5781,5778,5777,5775,5769,1878,5768,5783,5785,5770],"_links":{"self":[{"href":"https:\/\/www.travelbymexico.com\/blog\/wp-json\/wp\/v2\/posts\/14694"}],"collection":[{"href":"https:\/\/www.travelbymexico.com\/blog\/wp-json\/wp\/v2\/posts"}],"about":[{"href":"https:\/\/www.travelbymexico.com\/blog\/wp-json\/wp\/v2\/types\/post"}],"author":[{"embeddable":true,"href":"https:\/\/www.travelbymexico.com\/blog\/wp-json\/wp\/v2\/users\/2"}],"replies":[{"embeddable":true,"href":"https:\/\/www.travelbymexico.com\/blog\/wp-json\/wp\/v2\/comments?post=14694"}],"version-history":[{"count":7,"href":"https:\/\/www.travelbymexico.com\/blog\/wp-json\/wp\/v2\/posts\/14694\/revisions"}],"predecessor-version":[{"id":14698,"href":"https:\/\/www.travelbymexico.com\/blog\/wp-json\/wp\/v2\/posts\/14694\/revisions\/14698"}],"wp:featuredmedia":[{"embeddable":true,"href":"https:\/\/www.travelbymexico.com\/blog\/wp-json\/wp\/v2\/media\/14695"}],"wp:attachment":[{"href":"https:\/\/www.travelbymexico.com\/blog\/wp-json\/wp\/v2\/media?parent=14694"}],"wp:term":[{"taxonomy":"category","embeddable":true,"href":"https:\/\/www.travelbymexico.com\/blog\/wp-json\/wp\/v2\/categories?post=14694"},{"taxonomy":"post_tag","embeddable":true,"href":"https:\/\/www.travelbymexico.com\/blog\/wp-json\/wp\/v2\/tags?post=14694"}],"curies":[{"name":"wp","href":"https:\/\/api.w.org\/{rel}","templated":true}]}}