{"id":14689,"date":"2013-08-31T18:35:00","date_gmt":"2013-08-31T23:35:00","guid":{"rendered":"http:\/\/www.travelbymexico.com\/blog\/?p=14689"},"modified":"2013-09-01T21:23:57","modified_gmt":"2013-09-02T02:23:57","slug":"se-alista-el-festival-internacional-de-cortometrajes-de-mexico-2013","status":"publish","type":"post","link":"https:\/\/www.travelbymexico.com\/blog\/14689-se-alista-el-festival-internacional-de-cortometrajes-de-mexico-2013\/","title":{"rendered":"Se alista el Festival Internacional de Cortometrajes de M\u00e9xico 2013"},"content":{"rendered":"<h2>La 8a. edici\u00f3n del\u00a0 Festival Internacional de Cortometrajes de M\u00e9xico (FICMEX) \/ Short Shorts Film Festival Mexico (SSFFM) se realizar\u00e1 del 5 al 11 de septiembre de 2013 en las 16 delegaciones del Distrito Federal.<br \/>\nEl FICMEX es el \u00fanico foro en M\u00e9xico en exhibir \u00fanicamente producciones de menos de 30 minutos de duraci\u00f3n.<\/h2>\n<p>Desde su creaci\u00f3n en 2006, el <strong>FICMEX<\/strong> ha contado con el apoyo de <strong>Short Shorts Film Festival &amp; Asia<\/strong> con sede en Tokio, Jap\u00f3n, evento reconocido como uno de los festivales m\u00e1s importantes de cortometraje del mundo. El cortometraje ganador del FICMEX 2013\u00a0 ser\u00e1 seleccionado directamente para la competencia de dicho festival.<\/p>\n<h3>Programaci\u00f3n<\/h3>\n<p>La programaci\u00f3n de la octava edici\u00f3n del FICMEX \/ SSFFM contar\u00e1 con una selecci\u00f3n oficial de cerca de 200 cortos; Muestra y Competencia Mexicana en las categor\u00edas ficci\u00f3n, animaci\u00f3n, documental, y NeoMex; Muestra y Competencia\u00a0 Iberoamericana e Internacional; Homenaje al primer actor Daniel Gim\u00e9nez Cacho; Celebraci\u00f3n de los 30 a\u00f1os IMCINE, 50 a\u00f1os del CUEC, 20 a\u00f1os de Canal 22, 10 a\u00f1os del FIC Morelia, y 38 a\u00f1os del CCC. (<span style=\"text-decoration: underline;\">Consulta la programaci\u00f3n completa aqu\u00ed<\/span>: http:\/\/shortshortsfilmfestivalmexico.com\/edicion-2013)<\/p>\n<h3>Los tours del Short Shorts Film Festival 2013<\/h3>\n<p>Al terminar su exhibici\u00f3n en la Ciudad de M\u00e9xico el SSFFM se presentar\u00e1 inmediatamente en <a title=\"Gu\u00eda Tur\u00edstica de Guadalajara: hoteles, fotos, v\u00eddeos, mapas, atractivos tur\u00edsticos, clima, reportajes, etc.\" href=\"http:\/\/www.travelbymexico.com\/guadalajara\" target=\"_blank\">Guadalajara <\/a>(en el Cineforo de la UDG) y en <a title=\"Gu\u00eda Tur\u00edstica de Cuernavaca: hoteles, fotos, v\u00eddeos, mapas, atractivos tur\u00edsticos, clima, reportajes, etc.\" href=\"http:\/\/www.travelbymexico.com\/cuernavaca\" target=\"_blank\">Cuernavaca<\/a> (en Cine Morelos). En el marco de sus <strong>tres tours<\/strong> por la Rep\u00fablica Mexicana: acad\u00e9mico-cultural DF, nacional e internacional, el festival se presentar\u00e1 nuevamente en las ciudades de <a title=\"Gu\u00eda Tur\u00edstica de Los Cabos: hoteles, fotos, v\u00eddeos, mapas, atractivos tur\u00edsticos, clima, reportajes, etc.\" href=\"http:\/\/www.travelbymexico.com\/loscabos\" target=\"_blank\">Los Cabos<\/a>, <a title=\"Gu\u00eda Tur\u00edstica de Hermosillo: hoteles, mapas, clima, etc.\" href=\"http:\/\/www.travelbymexico.com\/hermosillo\" target=\"_blank\">Hermosillo<\/a>, <a title=\"Gu\u00eda Tur\u00edstica de la ciudad de Le\u00f3n: hoteles, fotos, v\u00eddeos, mapas, atractivos tur\u00edsticos, clima, reportajes, etc.\" href=\"http:\/\/www.travelbymexico.com\/leon_cd\/\" target=\"_blank\">Le\u00f3n<\/a>, <a title=\"Gu\u00eda Tur\u00edstica de Zacatecas: hoteles, fotos, v\u00eddeos, mapas, atractivos tur\u00edsticos, clima, reportajes, etc.\" href=\"http:\/\/www.travelbymexico.com\/zacatecas\" target=\"_blank\">Zacatecas<\/a>, Fresnillo, <a title=\"Gu\u00eda Tur\u00edstica de Morelia: hoteles, fotos, v\u00eddeos, mapas, atractivos tur\u00edsticos, clima, reportajes, etc.\" href=\"http:\/\/www.travelbymexico.com\/morelia\" target=\"_blank\">Morelia<\/a>, <a title=\"Gu\u00eda Tur\u00edstica de Saltillo: hoteles, fotos, v\u00eddeos, mapas, atractivos tur\u00edsticos, clima, reportajes, etc.\" href=\"http:\/\/www.travelbymexico.com\/saltillo\" target=\"_blank\">Saltillo<\/a>, <a title=\"Gu\u00eda Tur\u00edstica de Xalapa: hoteles, fotos, v\u00eddeos, mapas, atractivos tur\u00edsticos, clima, reportajes, etc.\" href=\"http:\/\/www.travelbymexico.com\/xalapa\" target=\"_blank\">Xalapa<\/a>, <a title=\"Gu\u00eda Tur\u00edstica de Quer\u00e9taro: hoteles, fotos, v\u00eddeos, mapas, atractivos tur\u00edsticos, clima, reportajes, etc.\" href=\"http:\/\/www.travelbymexico.com\/queretaro\" target=\"_blank\">Quer\u00e9taro<\/a>, <a title=\"Gu\u00eda Tur\u00edstica de Los Cabos: hoteles, restaurantes, fotos, v\u00eddeos, mapas, atractivos tur\u00edsticos, clima, reportajes, etc.\" href=\"http:\/\/www.travelbymexico.com\/monterrey\" target=\"_blank\">Monterrey<\/a>, <a title=\"Gu\u00eda Tur\u00edstica de Los Cabos: hoteles, fotos, v\u00eddeos, mapas, atractivos tur\u00edsticos, clima, reportajes, etc.\" href=\"http:\/\/www.travelbymexico.com\/toluca\" target=\"_blank\">Toluca<\/a>, <a title=\"Informaci\u00f3n sobre la ciudad de Tlaxcala: rese\u00f1a, mapa, clima, tel\u00e9fonos \u00fatiles\" href=\"http:\/\/www.travelbymexico.com\/tlaxcala\" target=\"_blank\">Tlaxcala<\/a>, <a title=\"Gu\u00eda Tur\u00edstica de Oaxaca hoteles, restaurantes, fotos, v\u00eddeos, mapas, atractivos tur\u00edsticos, clima, reportajes, etc.\" href=\"http:\/\/www.travelbymexico.com\/oaxaca\" target=\"_blank\">Oaxaca<\/a>, <a title=\"Gu\u00eda Tur\u00edstica de Puebla: hoteles, fotos, v\u00eddeos, mapas, atractivos tur\u00edsticos, clima, reportajes, etc.\" href=\"http:\/\/www.travelbymexico.com\/puebla\" target=\"_blank\">Puebla<\/a> y <a title=\"Gu\u00eda Tur\u00edstica de M\u00e9rida (yucat\u00e1n) : hoteles, fotos, v\u00eddeos, mapas, atractivos tur\u00edsticos, clima, reportajes, etc.\" href=\"http:\/\/www.travelbymexico.com\/merida\" target=\"_blank\">M\u00e9rida<\/a>.<\/p>\n<p>A lo largo de todo el a\u00f1o se exhibir\u00e1n los cortometrajes participantes en los tres tours del FICMEX: acad\u00e9mico-cultural DF, nacional e internacional.<\/p>\n<p>A nivel internacional <strong>una selecci\u00f3n de cortos mexicanos<\/strong> se llevar\u00e1 a <strong>Tokio<\/strong>, <strong>Nueva York<\/strong>, <strong>El Cairo<\/strong>, <strong>Londres<\/strong>, <strong>Par\u00eds<\/strong>, <strong>Madrid<\/strong>, <strong>Montreal<\/strong> y <strong>Vancouver<\/strong>.<\/p>\n<h3>Clausura del festival<\/h3>\n<p>La clausura del evento se llevar\u00e1 a cabo el pr\u00f3ximo 11 de Septiembre en la <strong>Cineteca Nacional<\/strong>.<\/p>\n<h3>Categor\u00edas del FICMEX \/ SSFFM<\/h3>\n<p>Animaci\u00f3n &#8211;\u00a0 Documental.<br \/>\nCompetencia Internacional de Animaci\u00f3n<\/p>\n<p>Competencia Iberoam\u00e9rica de Ficci\u00f3n<br \/>\nMIF Muestra Iberoam\u00e9rica de Ficci\u00f3n<br \/>\nMIB Muestra Iberoam\u00e9rica de Documental<\/p>\n<p>Muestra Mexicana Experimental<br \/>\nMuestra Mexicana de Ficci\u00f3n<br \/>\nCompetencia Mexicana de Ficci\u00f3n<br \/>\nCompetencia Mexicana NEO MEX.<\/p>\n<p>Competencia Internacional de Ficci\u00f3n<br \/>\nMuestra Internacional de Ficci\u00f3n<\/p>\n<h3>Homenaje y Celebraciones<\/h3>\n<p>&#8211; Homenaje en corto al primer actor <strong>Daniel Gim\u00e9nez Cacho<\/strong>.<\/p>\n<p>&#8211; Celebraci\u00f3n de los 30 a\u00f1os <strong>IMCINE<\/strong>, 50 a\u00f1os del <strong>CUEC<\/strong>, 20 a\u00f1os de<strong> Canal 22<\/strong>, 10 a\u00f1os del <strong>FIC Morelia<\/strong>, y 38 a\u00f1os del <strong>CCC<\/strong>.<\/p>\n<h3>Sedes<\/h3>\n<p><span style=\"text-decoration: underline;\">Los cortometrajes del FICMEX ser\u00e1n proyectados en foros de las 16 delegaciones del Distrito Federal<\/span><\/p>\n<p><a title=\"Art\u00edculos relacionados con la Cineteca Nacional de M\u00e9xico\" href=\"http:\/\/www.travelbymexico.com\/blog\/tag\/cineteca-nacional\/\" target=\"_blank\">Cineteca Nacional<\/a><br \/>\nCinemex Insurgentes y Reforma<br \/>\nCine Lumiere Reforma<br \/>\nCineman\u00eda Plaza Loreto<br \/>\n<a title=\"Museo Nacional de Arte (MUNAL): rese\u00f1a, fotos y mapa de ubicaci\u00f3n\" href=\"http:\/\/www.travelbymexico.com\/ciudaddemexico\/atractivos\/?nom=1309031001\" target=\"_blank\">Museo Nacional de Arte MUNAL<\/a><br \/>\nMuseo Universitario del Chopo<br \/>\n<a title=\"Casa del Lago Juan Jos\u00e9 Arreola en la ciudad de M\u00e9xico\" href=\"http:\/\/www.travelbymexico.com\/blog\/10961-casa-del-lago-juan-jose-arreola-en-la-ciudad-de-mexico\" target=\"_blank\">Casa del Lago Juan Jos\u00e9 Arreola<\/a><br \/>\nCentro Cultural Cuajimalpa<br \/>\nCentro Cultural L.A.T.A.<br \/>\nCentro Cultural Magdalena Contreras<br \/>\nCentro Cultural Universitario (UNAM)<br \/>\nDelegaci\u00f3n Tlalpan, Parque M\u00e9xico,<br \/>\nEscuela Nacional de Artes Pl\u00e1sticas UNAM<br \/>\nFARO Indios Verdes &#8211; FARO de Oriente &#8211; FARO Milpa Alta &#8211; FARO Tl\u00e1huac<br \/>\nInstituto Italiano de Cultura.<br \/>\nPolyforum Siqueiros<br \/>\nSala Moli\u00e8re del IFAL<br \/>\nUAM Azcapotzalco<br \/>\nUniversidad de la Comunicaci\u00f3n<\/p>\n<p>http:\/\/shortshortsfilmfestivalmexico.com\/sedes-2013<\/p>\n","protected":false},"excerpt":{"rendered":"<p>La 8a. edici\u00f3n del\u00a0 Festival Internacional de Cortometrajes de M\u00e9xico (FICMEX) \/ Short Shorts Film Festival Mexico (SSFFM) se realizar\u00e1<\/p>\n","protected":false},"author":2,"featured_media":14690,"comment_status":"closed","ping_status":"closed","sticky":false,"template":"","format":"standard","meta":[],"categories":[37],"tags":[5758,5766,2483,1349,318,378,5753,5759,5761,5765,421,2929,3712,5762,5763,5764,5754,5760,5767,5755,1437,2475,5751,2765,2676,945,3173,5756,5757,3212,5752],"_links":{"self":[{"href":"https:\/\/www.travelbymexico.com\/blog\/wp-json\/wp\/v2\/posts\/14689"}],"collection":[{"href":"https:\/\/www.travelbymexico.com\/blog\/wp-json\/wp\/v2\/posts"}],"about":[{"href":"https:\/\/www.travelbymexico.com\/blog\/wp-json\/wp\/v2\/types\/post"}],"author":[{"embeddable":true,"href":"https:\/\/www.travelbymexico.com\/blog\/wp-json\/wp\/v2\/users\/2"}],"replies":[{"embeddable":true,"href":"https:\/\/www.travelbymexico.com\/blog\/wp-json\/wp\/v2\/comments?post=14689"}],"version-history":[{"count":3,"href":"https:\/\/www.travelbymexico.com\/blog\/wp-json\/wp\/v2\/posts\/14689\/revisions"}],"predecessor-version":[{"id":14692,"href":"https:\/\/www.travelbymexico.com\/blog\/wp-json\/wp\/v2\/posts\/14689\/revisions\/14692"}],"wp:featuredmedia":[{"embeddable":true,"href":"https:\/\/www.travelbymexico.com\/blog\/wp-json\/wp\/v2\/media\/14690"}],"wp:attachment":[{"href":"https:\/\/www.travelbymexico.com\/blog\/wp-json\/wp\/v2\/media?parent=14689"}],"wp:term":[{"taxonomy":"category","embeddable":true,"href":"https:\/\/www.travelbymexico.com\/blog\/wp-json\/wp\/v2\/categories?post=14689"},{"taxonomy":"post_tag","embeddable":true,"href":"https:\/\/www.travelbymexico.com\/blog\/wp-json\/wp\/v2\/tags?post=14689"}],"curies":[{"name":"wp","href":"https:\/\/api.w.org\/{rel}","templated":true}]}}