{"id":14638,"date":"2013-08-24T11:02:43","date_gmt":"2013-08-24T16:02:43","guid":{"rendered":"http:\/\/www.travelbymexico.com\/blog\/?p=14638"},"modified":"2013-08-23T20:16:58","modified_gmt":"2013-08-24T01:16:58","slug":"transitio-mx-05-festival-de-artes-electronicas-y-videos","status":"publish","type":"post","link":"https:\/\/www.travelbymexico.com\/blog\/14638-transitio-mx-05-festival-de-artes-electronicas-y-videos\/","title":{"rendered":"Transitio MX 05: Festival de Artes Electr\u00f3nicas y V\u00eddeos"},"content":{"rendered":"<h2>Bienal que comprende tres actividades centrales: simposio, muestra y concurso, el Festival Transitio MX tiene como objetivo dialogar en torno a las problem\u00e1ticas por las que atraviesan las pr\u00e1cticas art\u00edstico-tecnol\u00f3gicas.<\/h2>\n<p>Organizado por el Centro Nacional de las Artes (CENART), a trav\u00e9s del Centro Multimedia,\u00a0 el Festival Transitio_MX es, desde su creaci\u00f3n en 2005, la plataforma en M\u00e9xico m\u00e1s importante para la <strong>expresi\u00f3n y an\u00e1lisis<\/strong> de las pr\u00e1cticas contempor\u00e1neas de creaci\u00f3n art\u00edstica con medios electr\u00f3nicos y cultura digital.<\/p>\n<p><span style=\"text-decoration: underline;\"><strong><em>Artes Electr\u00f3nicas y Video del Festival Transitio_MX, &#8220;Biomediaciones&#8221;<\/em><\/strong><\/span><\/p>\n<p><span style=\"text-decoration: underline;\"><strong>del 20 al 29 de septiembre de 2013.<\/strong><\/span><\/p>\n<p>Con el tema &#8220;<strong>Mediaciones<\/strong>&#8220;,\u00a0 la 5ta. edici\u00f3n del Festival Transitio MX explorar\u00e1 la &#8220;<strong>vida<\/strong>&#8221; entendida de manera filos\u00f3fica, biol\u00f3gica y tecnol\u00f3gica, a trav\u00e9s de propuestas art\u00edsticas diversas como el <strong>bioarte<\/strong>, g\u00e9nero en el cual los genes, el tejido vivo, la sangre, los virus y las bacterias constituyen el material del artista.<\/p>\n<p><em>Una amplia gama de medios capturar\u00e1 el concepto de la vida, como la imagen fija y en movimiento, el video y el arte sonoro, la visualizaci\u00f3n de datos y el arte digital y electronico, la instalaci\u00f3n y el performance.<\/em><\/p>\n<p><strong>Directora art\u00edstica<\/strong> del Transitio MX 05: <strong>Dra. Joanna Zylinska<\/strong>, (Goldsmiths, University of London.)<\/p>\n<h3>Muestra \/ Concurso<\/h3>\n<p>La muestra del festival estar\u00e1 integrada por las obras preseleccionadas del <em><strong>Quinto Concurso de Artes Electr\u00f3nicas y Video<\/strong><\/em> (Premio Transitio_Mx y Premio Transitio_Mx para Artistas J\u00f3venes Mexicanos http:\/\/transitiomx.net\/obras.html)<\/p>\n<p>Los resultados de las obras ganadoras ser\u00e1n anunciados en la <strong>Ceremonia de Premiaci\u00f3n<\/strong> el d\u00eda 25 de septiembre de 2013 a las 17:00 horas.<\/p>\n<h3>Simposio<\/h3>\n<p>Del 22 al 26 de septiembre 2013. Entrada libre.<\/p>\n<p>Con el objetivo de colocar en primer plano la importancia cr\u00edtica del arte en el seno de &#8220;la vida mediada&#8221;, expertos explorar\u00e1n las interrogantes \u00e9ticas y pol\u00edticas abiertas por las biomediaciones contempor\u00e1neas a trav\u00e9s de discusiones en torno a la creatividad, la libertad y la responsabilidad del arte frente a las ciencias de la vida.<\/p>\n<h3>Sedes<\/h3>\n<p><a title=\"Centro Cultural Espa\u00f1a, un espacio sin l\u00edmites\" href=\"http:\/\/www.travelbymexico.com\/blog\/9105-centro-cultural-espana-un-espacio-sin-limites\" target=\"_blank\"><strong>Centro Cultural Espa\u00f1a<\/strong><\/a>: Guatemala No. 18, Centro Hist\u00f3rico, M\u00e9xico D.F.<\/p>\n<p><strong>Centro Nacional de Las Artes<\/strong>: R\u00edo Churubusco No. 79, Col. Country Club, Coyoac\u00e1n, M\u00e9xico D.F.<\/p>\n<p><strong>Ex Teresa Arte Actual<\/strong>: Licenciado Verdad No. 8, Centro Hist\u00f3rico, M\u00e9xico D.F.<\/p>\n<p><strong>Laboratoria Arte Alameda<\/strong>: Doctor Mora No. 7, Col. Centro, Cuauht\u00e9moc, M\u00e9xico D.F.<\/p>\n<p><strong>Fonoteca Nacional<\/strong>: Francisco Sosa No. 383, Col. Barrio de Santa Catarina, Coyoac\u00e1n, M\u00e9xico D.F.<\/p>\n<p><strong>SAE Institute<\/strong>: Jos\u00e9 Vasconcelos No.184, Col. Condesa, M\u00e9xico D.F.<\/p>\n<h3>Temas de las ediciones anteriores del Festival Transitio MX<\/h3>\n<p>2012: Afecciones colaterales.<br \/>\n2009: Autonom\u00edas del desacuerdo.<br \/>\n2007: Fronteras n\u00f3madas.<br \/>\n2005: Imaginarios en tr\u00e1nsito: po\u00e9ticas y tecnolog\u00eda.<\/p>\n","protected":false},"excerpt":{"rendered":"<p>Bienal que comprende tres actividades centrales: simposio, muestra y concurso, el Festival Transitio MX tiene como objetivo dialogar en torno<\/p>\n","protected":false},"author":2,"featured_media":14639,"comment_status":"closed","ping_status":"closed","sticky":false,"template":"","format":"standard","meta":[],"categories":[37,912],"tags":[5680,2520,1658,2521,4428,5681,318,4174,4801,509,537,2180,4800,5677,5676,3540,5678,2508,5679],"_links":{"self":[{"href":"https:\/\/www.travelbymexico.com\/blog\/wp-json\/wp\/v2\/posts\/14638"}],"collection":[{"href":"https:\/\/www.travelbymexico.com\/blog\/wp-json\/wp\/v2\/posts"}],"about":[{"href":"https:\/\/www.travelbymexico.com\/blog\/wp-json\/wp\/v2\/types\/post"}],"author":[{"embeddable":true,"href":"https:\/\/www.travelbymexico.com\/blog\/wp-json\/wp\/v2\/users\/2"}],"replies":[{"embeddable":true,"href":"https:\/\/www.travelbymexico.com\/blog\/wp-json\/wp\/v2\/comments?post=14638"}],"version-history":[{"count":5,"href":"https:\/\/www.travelbymexico.com\/blog\/wp-json\/wp\/v2\/posts\/14638\/revisions"}],"predecessor-version":[{"id":14641,"href":"https:\/\/www.travelbymexico.com\/blog\/wp-json\/wp\/v2\/posts\/14638\/revisions\/14641"}],"wp:featuredmedia":[{"embeddable":true,"href":"https:\/\/www.travelbymexico.com\/blog\/wp-json\/wp\/v2\/media\/14639"}],"wp:attachment":[{"href":"https:\/\/www.travelbymexico.com\/blog\/wp-json\/wp\/v2\/media?parent=14638"}],"wp:term":[{"taxonomy":"category","embeddable":true,"href":"https:\/\/www.travelbymexico.com\/blog\/wp-json\/wp\/v2\/categories?post=14638"},{"taxonomy":"post_tag","embeddable":true,"href":"https:\/\/www.travelbymexico.com\/blog\/wp-json\/wp\/v2\/tags?post=14638"}],"curies":[{"name":"wp","href":"https:\/\/api.w.org\/{rel}","templated":true}]}}