{"id":14630,"date":"2013-08-22T13:32:28","date_gmt":"2013-08-22T18:32:28","guid":{"rendered":"http:\/\/www.travelbymexico.com\/blog\/?p=14630"},"modified":"2013-08-22T13:41:40","modified_gmt":"2013-08-22T18:41:40","slug":"tardes-campestres-2013-en-tequisquiapan-con-queserias-y-vinicolas","status":"publish","type":"post","link":"https:\/\/www.travelbymexico.com\/blog\/14630-tardes-campestres-2013-en-tequisquiapan-con-queserias-y-vinicolas\/","title":{"rendered":"Tardes Campestres 2013 en Tequisquiapan con queser\u00edas y vin\u00edcolas"},"content":{"rendered":"<h2>Los d\u00edas 23, 24, 25 &#8211; 30, 31 agosto y 1 septiembre, Productores de quesos artesanales y de vinos de mesa\u00a0queretanos, que integran el Consejo Tur\u00edstico de la Ruta del queso y el vino,\u00a0\u00a0en\u00a0colaboraci\u00f3n y coordinaci\u00f3n\u00a0con la Asociaci\u00f3n Mexicana de Hoteles y Servicios Tur\u00edsticos de Tequisquiapan, A.C,\u00a0te invitan a asistir a las &#8220;Tardes Campestres con queser\u00edas y vin\u00edcolas 2013&#8221; por realizarse en el Parque La Pila de la ciudad de Tequisquiapan.<\/h2>\n<p>Ven a disfrutar un d\u00eda de campo con la familia o los amigos en <strong>Tequisquiapan<\/strong> degustando deliciosos <strong>productos\u00a0 regionales<\/strong> <strong>Gourmet<\/strong> como tablas de quesos acompa\u00f1adas de pan, aderezos, carne fr\u00edas etc, y el vino de su elecci\u00f3n (al copeo o por botella) directamente con el Productor.<\/p>\n<h3>Talleres para ni\u00f1os<\/h3>\n<p>Los organizadores del evento tambi\u00e9n pensaron en espacios tem\u00e1ticos para el entretenimiento y aprendizaje de los ni\u00f1os, y ofrecer\u00e1n talleres muy divertidos.<\/p>\n<p><strong>&#8211; Taller de elaboraci\u00f3n de queso:<\/strong><br \/>\nA trav\u00e9s de pasta fresca y condimentos, los ni\u00f1os aprender\u00e1n a elaborar su propio queso.<br \/>\nDuraci\u00f3n aprox. 30 min.<br \/>\nDe las 12.30 a las 18:30 hrs.<br \/>\nCosto: $20.00 por ni\u00f1o.<\/p>\n<p><strong>&#8211; Taller de decora tu botella.<\/strong><\/p>\n<p><strong>&#8211; Taller de pintura infantil.<\/strong><\/p>\n<h3>Horario<\/h3>\n<p><strong>Parque La Pila<\/strong>, Tequisquiapan, QUER.<br \/>\nDe 12:00 a 20:00 hrs.<\/p>\n<p>Viernes 23, S\u00e1bado 24, Domingo 25 de agosto de 2013.<br \/>\nViernes 30, S\u00e1bado 31 de agosto de 2013.<br \/>\nDomingo 1 de septiembre de 2013.<\/p>\n<p>Costo de entrada $ 25.00 general.<br \/>\nNi\u00f1os menores de 5 a\u00f1os no pagan.<\/p>\n<p><a class=\"galeria izquierda\" title=\"Mapa de ubicaci\u00f3n Parque La Pila de Tequisquiapan\" href=\"http:\/\/www.travelbymexico.com\/blog\/imgBase\/2013\/08\/174.jpg\"><img loading=\"lazy\" alt=\"Mapa de ubicaci\u00f3n Parque La Pila de Tequisquiapan\" src=\"http:\/\/www.travelbymexico.com\/blog\/imgBase\/2013\/08\/174-320x240.jpg\" width=\"320\" height=\"240\" \/><\/a><\/p>\n<h3>Enlaces<\/h3>\n<p><strong>\u00bfc\u00f3mo llegar a Tequisquiapan en coche? <\/strong>Viaje en carro en M\u00e9xico\u2026<strong><a title=\"Viaje en carro en M\u00e9xico\u2026calcula tu ruta aqu\u00ed\" href=\"http:\/\/www.travelbymexico.com\/blog\/carreterasyrutas\" target=\"_blank\">calcula tu ruta aqu\u00ed<\/a><\/strong>: Ingresa tu ciudad de origen y tu destino y descubre para Carreteras, rutas, costos y distancias entre las diferentes ciudades de M\u00e9xico. (DGDC Direcci\u00f3n General de Desarrollo Carretero).<\/p>\n<p><strong><a title=\"Feria Nacional del Queso y el Vino 2013 en Tequisquiapan \" href=\"http:\/\/www.travelbymexico.com\/blog\/13992-feria-nacional-del-queso-y-el-vino-2013-en-tequisquiapan \" target=\"_blank\">Feria Nacional del Queso y el Vino 2013 en Tequisquiapan <\/a><\/strong><\/p>\n","protected":false},"excerpt":{"rendered":"<p>Los d\u00edas 23, 24, 25 &#8211; 30, 31 agosto y 1 septiembre, Productores de quesos artesanales y de vinos de<\/p>\n","protected":false},"author":2,"featured_media":14631,"comment_status":"closed","ping_status":"closed","sticky":false,"template":"","format":"standard","meta":[],"categories":[36,17],"tags":[5675,5673,5670,2130,4826,5672,5669,1633,3163,5674,5671,2396,1274],"_links":{"self":[{"href":"https:\/\/www.travelbymexico.com\/blog\/wp-json\/wp\/v2\/posts\/14630"}],"collection":[{"href":"https:\/\/www.travelbymexico.com\/blog\/wp-json\/wp\/v2\/posts"}],"about":[{"href":"https:\/\/www.travelbymexico.com\/blog\/wp-json\/wp\/v2\/types\/post"}],"author":[{"embeddable":true,"href":"https:\/\/www.travelbymexico.com\/blog\/wp-json\/wp\/v2\/users\/2"}],"replies":[{"embeddable":true,"href":"https:\/\/www.travelbymexico.com\/blog\/wp-json\/wp\/v2\/comments?post=14630"}],"version-history":[{"count":5,"href":"https:\/\/www.travelbymexico.com\/blog\/wp-json\/wp\/v2\/posts\/14630\/revisions"}],"predecessor-version":[{"id":14634,"href":"https:\/\/www.travelbymexico.com\/blog\/wp-json\/wp\/v2\/posts\/14630\/revisions\/14634"}],"wp:featuredmedia":[{"embeddable":true,"href":"https:\/\/www.travelbymexico.com\/blog\/wp-json\/wp\/v2\/media\/14631"}],"wp:attachment":[{"href":"https:\/\/www.travelbymexico.com\/blog\/wp-json\/wp\/v2\/media?parent=14630"}],"wp:term":[{"taxonomy":"category","embeddable":true,"href":"https:\/\/www.travelbymexico.com\/blog\/wp-json\/wp\/v2\/categories?post=14630"},{"taxonomy":"post_tag","embeddable":true,"href":"https:\/\/www.travelbymexico.com\/blog\/wp-json\/wp\/v2\/tags?post=14630"}],"curies":[{"name":"wp","href":"https:\/\/api.w.org\/{rel}","templated":true}]}}