{"id":14451,"date":"2013-07-28T00:09:03","date_gmt":"2013-07-28T05:09:03","guid":{"rendered":"http:\/\/www.travelbymexico.com\/blog\/?p=14451"},"modified":"2013-07-28T00:12:42","modified_gmt":"2013-07-28T05:12:42","slug":"paco-de-lucia-septeto-gira-2013-por-mexico","status":"publish","type":"post","link":"https:\/\/www.travelbymexico.com\/blog\/14451-paco-de-lucia-septeto-gira-2013-por-mexico\/","title":{"rendered":"Paco de Luc\u00eda &#038; Septeto: Gira 2013 por M\u00e9xico"},"content":{"rendered":"<h2>El multipremiado guitarrista flamenco Francisco S\u00e1nchez G\u00f3mez, alias Paco de Luc\u00eda, acompa\u00f1ado por cinco m\u00fasicos, dos int\u00e9rpretes de cante (cantaores), y\u00a0 un bailar\u00edn de flamenco, estar\u00e1 de gira por M\u00e9xico ofreciendo tres conciertos en las ciudades de M\u00e9xico y Zapopan.<\/h2>\n<p>Nacido en Algeciras, C\u00e1diz, Espa\u00f1a en 1947, <strong>Paco de Luc\u00eda<\/strong> es uno de los guitarristas m\u00e1s talentosos y reconocidos, y sin lugar a duda el <strong>guitarrista de Flamenco<\/strong> m\u00e1s famoso.<\/p>\n<p>Su m\u00fasica e interpretaci\u00f3n, llenas de sentimiento y pasi\u00f3n Andaluza, le han valido ser galardonado por varios con varios <strong>premios<\/strong> a lo largo de su carrera: el Premio Nacional de Guitarra de Arte Flamenco, la Medalla de Oro al M\u00e9rito en las Bellas Artes (1992), la Distinci\u00f3n Honor\u00edfica de los Premios de la M\u00fasica (2002), el Premio Pr\u00edncipe de Asturias de las Artes (2004).<\/p>\n<p>Asimismo, Paco de Luc\u00eda es <strong>Doctor Honoris Causa<\/strong> por la Universidad de C\u00e1diz y por el Berklee College of Music.<\/p>\n<p>Aunque casi toda su obra se desarrolla en el flamenco, Paco de Luc\u00eda ha grabado piezas musicales en otros estilos.<\/p>\n<p>A finales de los a\u00f1os 60, grab\u00f3 una decena de discos con el cantaor flamenco <strong>Jos\u00e9 Monge Cruz<\/strong>, mejor conocido como &#8220;<strong>Camar\u00f3n de la Isla<\/strong>&#8220;; juntos fueron precursores de un flamenco m\u00e1s popular y mestizo entrando en el terreno del pop, el rock y el jazz.<\/p>\n<h3>Programa de Conciertos Paco de Luc\u00eda &amp; Septeto en M\u00e9xico 2013<\/h3>\n<h3>Paco de Luc\u00eda &amp; Septeto en Bellas Artes<\/h3>\n<p><span style=\"text-decoration: underline;\"><strong>S\u00e1bado 5 de Octubre 2013 a las 19:00 horas.<\/strong> <\/span><\/p>\n<p><span style=\"text-decoration: underline;\"><strong>Palacio de Bellas Artes<\/strong><\/span>: <em>Av. Hidalgo No.1, Col. Centro, Del. Cuauht\u00e9moc,\u00a0 M\u00e9xico,\u00a0 D.F.<\/em><\/p>\n<p><a class=\"galeria izquierda\" title=\"Paco de Luc\u00eda con m\u00fasicos, cantaores y bailar\u00edn de Flamenco\" href=\"http:\/\/www.travelbymexico.com\/blog\/imgBase\/2013\/07\/1311.jpg\"><img loading=\"lazy\" alt=\"Paco de Luc\u00eda con m\u00fasicos, cantaores y bailar\u00edn de Flamenco\" src=\"http:\/\/www.travelbymexico.com\/blog\/imgBase\/2013\/07\/1311-150x150.jpg\" width=\"150\" height=\"150\" \/><\/a><\/p>\n<h3>Paco de Luc\u00eda &amp; Septeto en el Auditorio Telmex<\/h3>\n<p><strong><span style=\"text-decoration: underline;\">Jueves 10 de octubre 2013 a las 21:00 horas. <\/span><\/strong><\/p>\n<p><span style=\"text-decoration: underline;\">Auditorio Telmex, Zapopan<\/span>: <em>Obreros de Cananea No. 747, Complejo Belenes. Zapopan, Jalisco.<\/em><\/p>\n<p>Zona Roja $1,200.00 pesos.<br \/>\nZona Azul $1,000.00 pesos.<br \/>\nZona Blanca $800.00 pesos.<br \/>\nZona Lila $600.00 pesos.<br \/>\nZona Naranja $400.00 pesos.<br \/>\nZona Amarilla $250.00 pesos.<\/p>\n<p><strong><a title=\"Reserva tu hotel en la ciudad de Guadalajara\" href=\"http:\/\/www.travelbymexico.com\/guadalajara\/hoteles\" target=\"_blank\">Reserva un hotel en la ciudad de Guadalajara<\/a><\/strong><\/p>\n<h3>Paco de Luc\u00eda &amp; Septeto en el Auditorio Nacional<\/h3>\n<p><span style=\"text-decoration: underline;\"><strong>S\u00e1bado 12 de octubre a las 20:00 horas<\/strong><\/span><\/p>\n<p><span style=\"text-decoration: underline;\"><strong>Auditorio Nacional<\/strong><\/span>: <em>Paseo de la Reforma No. 50-Bosque de Chapultepec, Del. Miguel Hidalgo,\u00a0 M\u00e9xico,\u00a0 D.F.<\/em><\/p>\n<p>Preferente $ 1250.00 pesos.<br \/>\nLuneta $ 900.00 pesos.<br \/>\nBalc\u00f3n $ 700.00 pesos.<br \/>\nPiso 1 $ 400.00 pesos.<br \/>\nPiso 2 $ 200.00 pesos.<\/p>\n<p><a title=\"Reserva tu hotel en la ciudad de M\u00e9xico\" href=\"http:\/\/www.travelbymexico.com\/ciudaddemexico\/hoteles\" target=\"_blank\"><strong>Reserva un hotel en la ciudad de M\u00e9xico<\/strong> <\/a><\/p>\n","protected":false},"excerpt":{"rendered":"<p>El multipremiado guitarrista flamenco Francisco S\u00e1nchez G\u00f3mez, alias Paco de Luc\u00eda, acompa\u00f1ado por cinco m\u00fasicos, dos int\u00e9rpretes de cante (cantaores),<\/p>\n","protected":false},"author":2,"featured_media":14452,"comment_status":"closed","ping_status":"closed","sticky":false,"template":"","format":"standard","meta":[],"categories":[36,912],"tags":[5451,114,2044,5448,318,360,3616,5452,5449,5450,5447,931,1052,1291],"_links":{"self":[{"href":"https:\/\/www.travelbymexico.com\/blog\/wp-json\/wp\/v2\/posts\/14451"}],"collection":[{"href":"https:\/\/www.travelbymexico.com\/blog\/wp-json\/wp\/v2\/posts"}],"about":[{"href":"https:\/\/www.travelbymexico.com\/blog\/wp-json\/wp\/v2\/types\/post"}],"author":[{"embeddable":true,"href":"https:\/\/www.travelbymexico.com\/blog\/wp-json\/wp\/v2\/users\/2"}],"replies":[{"embeddable":true,"href":"https:\/\/www.travelbymexico.com\/blog\/wp-json\/wp\/v2\/comments?post=14451"}],"version-history":[{"count":4,"href":"https:\/\/www.travelbymexico.com\/blog\/wp-json\/wp\/v2\/posts\/14451\/revisions"}],"predecessor-version":[{"id":14455,"href":"https:\/\/www.travelbymexico.com\/blog\/wp-json\/wp\/v2\/posts\/14451\/revisions\/14455"}],"wp:featuredmedia":[{"embeddable":true,"href":"https:\/\/www.travelbymexico.com\/blog\/wp-json\/wp\/v2\/media\/14452"}],"wp:attachment":[{"href":"https:\/\/www.travelbymexico.com\/blog\/wp-json\/wp\/v2\/media?parent=14451"}],"wp:term":[{"taxonomy":"category","embeddable":true,"href":"https:\/\/www.travelbymexico.com\/blog\/wp-json\/wp\/v2\/categories?post=14451"},{"taxonomy":"post_tag","embeddable":true,"href":"https:\/\/www.travelbymexico.com\/blog\/wp-json\/wp\/v2\/tags?post=14451"}],"curies":[{"name":"wp","href":"https:\/\/api.w.org\/{rel}","templated":true}]}}