{"id":14446,"date":"2013-07-24T20:59:04","date_gmt":"2013-07-25T01:59:04","guid":{"rendered":"http:\/\/www.travelbymexico.com\/blog\/?p=14446"},"modified":"2013-07-24T20:59:04","modified_gmt":"2013-07-25T01:59:04","slug":"curso-infantil-de-seguridad-vial-en-el-zocalo-del-d-f","status":"publish","type":"post","link":"https:\/\/www.travelbymexico.com\/blog\/14446-curso-infantil-de-seguridad-vial-en-el-zocalo-del-d-f\/","title":{"rendered":"Curso infantil de seguridad vial en el Z\u00f3calo del D.F."},"content":{"rendered":"<h2>Hoy, el jefe de Gobierno del D.F., Miguel \u00c1ngel Mancera, dio el banderizo de salida al &#8220;Guardi\u00e1n Urbano&#8221;.<\/h2>\n<p>Como parte de las actividades de Verano, el Gobierno del Distrito Federal (GDF) te invita a participar en el &#8220;Guardi\u00e1n Urbano&#8221;, circuito vial para ni\u00f1os instalado en un montaje de 1,200 m2 construido por la empresa <em>Vekar Comercial<\/em> en la <strong>Plaza de la Constituci\u00f3n<\/strong>, Z\u00f3calo de la <a title=\"Gu\u00eda tur\u00edstica de la ciudad de M\u00e9xico: hoteles, videos, fotos, mapas, atractivos tur\u00edsticos, etc.\" href=\"http:\/\/www.travelbymexico.com\/ciudaddemexico\" target=\"_blank\">ciudad de M\u00e9xico<\/a>.<\/p>\n<p>Asistidos por j\u00f3venes monitores, los peques podr\u00e1n manejar un coche el\u00e9ctrico miniatura o andar en bicicleta o triciclo en famosas avenidas y calles del D.F. como la <em>Avenida Reforma<\/em>, construidos a modelo escala.<\/p>\n<p>Dirigido a <strong>ni\u00f1os de 5 a 13 a\u00f1os<\/strong>, el &#8220;Guardi\u00e1n Urbano&#8221; este curso de cultura vial estar\u00e1 disponible todos los d\u00edas del 24 de julio al 18 de agosto de 2013 de 10:00 a 19:00 hrs.<\/p>\n<p><span style=\"text-decoration: underline;\"><strong>Todas las actividades son gratuitas.<\/strong> <\/span><\/p>\n<h3>Enlace<\/h3>\n<p><strong>Ent\u00e9rate de Eventos Deportivos en M\u00e9xico <a title=\"Noticias de Actividades y Deportes en M\u00e9xico \" href=\"http:\/\/www.travelbymexico.com\/blog\/actividades\" target=\"_blank\">http:\/\/www.travelbymexico.com\/blog\/actividades<\/a><\/strong><\/p>\n<p>&nbsp;<\/p>\n","protected":false},"excerpt":{"rendered":"<p>Hoy, el jefe de Gobierno del D.F., Miguel \u00c1ngel Mancera, dio el banderizo de salida al &#8220;Guardi\u00e1n Urbano&#8221;. Como parte<\/p>\n","protected":false},"author":2,"featured_media":14447,"comment_status":"closed","ping_status":"closed","sticky":false,"template":"","format":"standard","meta":[],"categories":[3,912],"tags":[1540,5442,5445,5444,5443,5440,4409,4408,5439,4407,5441,1021,5446,4406,1297],"_links":{"self":[{"href":"https:\/\/www.travelbymexico.com\/blog\/wp-json\/wp\/v2\/posts\/14446"}],"collection":[{"href":"https:\/\/www.travelbymexico.com\/blog\/wp-json\/wp\/v2\/posts"}],"about":[{"href":"https:\/\/www.travelbymexico.com\/blog\/wp-json\/wp\/v2\/types\/post"}],"author":[{"embeddable":true,"href":"https:\/\/www.travelbymexico.com\/blog\/wp-json\/wp\/v2\/users\/2"}],"replies":[{"embeddable":true,"href":"https:\/\/www.travelbymexico.com\/blog\/wp-json\/wp\/v2\/comments?post=14446"}],"version-history":[{"count":2,"href":"https:\/\/www.travelbymexico.com\/blog\/wp-json\/wp\/v2\/posts\/14446\/revisions"}],"predecessor-version":[{"id":14449,"href":"https:\/\/www.travelbymexico.com\/blog\/wp-json\/wp\/v2\/posts\/14446\/revisions\/14449"}],"wp:featuredmedia":[{"embeddable":true,"href":"https:\/\/www.travelbymexico.com\/blog\/wp-json\/wp\/v2\/media\/14447"}],"wp:attachment":[{"href":"https:\/\/www.travelbymexico.com\/blog\/wp-json\/wp\/v2\/media?parent=14446"}],"wp:term":[{"taxonomy":"category","embeddable":true,"href":"https:\/\/www.travelbymexico.com\/blog\/wp-json\/wp\/v2\/categories?post=14446"},{"taxonomy":"post_tag","embeddable":true,"href":"https:\/\/www.travelbymexico.com\/blog\/wp-json\/wp\/v2\/tags?post=14446"}],"curies":[{"name":"wp","href":"https:\/\/api.w.org\/{rel}","templated":true}]}}