{"id":14429,"date":"2013-07-22T21:52:43","date_gmt":"2013-07-23T02:52:43","guid":{"rendered":"http:\/\/www.travelbymexico.com\/blog\/?p=14429"},"modified":"2013-07-22T21:52:43","modified_gmt":"2013-07-23T02:52:43","slug":"exposicion-rostros-de-la-divinidad-ahora-en-campeche","status":"publish","type":"post","link":"https:\/\/www.travelbymexico.com\/blog\/14429-exposicion-rostros-de-la-divinidad-ahora-en-campeche\/","title":{"rendered":"Exposici\u00f3n Rostros de la Divinidad, ahora en Campeche"},"content":{"rendered":"<h2>Exhibici\u00f3n itinerante que desde 2010 ha cautivado m\u00e1s de 400 mil visitantes en M\u00e9xico (D.F, Morelia, Puebla, Guadalajara y Canc\u00fan), y Francia (<a title=\"M\u00e1scaras Mayas y Ajuares Funerarios viajan a Francia, art\u00edculo de Enero 2011\" href=\"http:\/\/www.travelbymexico.com\/blog\/5433-mascaras-mayas-y-ajuares-funerarios-viajan-a-francia\" target=\"_blank\">Par\u00eds<\/a>), &#8220;Rostros de la Divinidad. Los Mosaicos Mayas de Piedra Verde&#8221; lleg\u00f3 el s\u00e1bado pasado a la ciudad de Campeche.<\/h2>\n<p>Organizada por El <em>Consejo Nacional para la Cultura y Las Artes<\/em> (CONACULTA) a trav\u00e9s del <em>Instituto Nacional de Antropolog\u00eda e Historia<\/em> (INAH), la <em>Coordinaci\u00f3n Nacional de Museos y Exposiciones<\/em>, el <em>Centro INAH Campeche<\/em> y el <em>Gobierno del Estado de Campeche<\/em>, la exposici\u00f3n &#8220;<strong>Rostros de la Divinidad. Los Mosaicos Mayas de Piedra Verde<\/strong>&#8221; estar\u00e1 disponible hasta el<span style=\"text-decoration: underline;\"> 30 de julio de 2013<\/span> en el <a title=\"Museo Hist\u00f3rico Reducto San Jos\u00e9 El Alto, Ciudad de Campeche. M\u00e9xico\" href=\"http:\/\/www.travelbymexico.com\/campeche\/atractivos\/?nom=ecammuseosnjose\" target=\"_blank\">Museo de Barcos y Armas &#8211; Fuerte de San Jos\u00e9 El Alto<\/a>, Ciudad de Campeche.<\/p>\n<p>Manufacturadas en <strong>jade<\/strong>, piedra caliza, cer\u00e1mica, obsidiana, pedernal, concha y caracol, las <strong>143 piezas<\/strong> que integran la muestra dan cuenta del poder, simbolismo y car\u00e1cter divino de los <strong>dignatarios mayas<\/strong> del <strong>periodo Cl\u00e1sico<\/strong> (250-900 d.C.).<\/p>\n<p>Estas piezas, que hoy forman parte del acervo de *varios museos mexicanos, compon\u00edan los ajuares funerarios de gobernantes mayas del periodo Cl\u00e1sico para acompa\u00f1arlos en su viaje a <strong>Xibalb\u00e1<\/strong>.<\/p>\n<p>Destacan 13 m\u00e1scaras funerarias y ceremoniales de piedra verde que revelan los rostros de dignatarios de Calakmul, Dzibanch\u00e9, Oxkintok y La Rovirosa, y reproducciones del ajuar funerario y la m\u00e1scara de <strong>K\u2019inich Janaab\u2019 Pakal<\/strong>, quien gobern\u00f3 la ciudad de Palenque entre 615 y 683 d. C., acompa\u00f1ado por la reproducci\u00f3n digital de su l\u00e1pida, que permite apreciar detalladamente las im\u00e1genes grabadas en la piedra.<\/p>\n<p>Asimismo se pueden apreciar anillos, brazaletes, collares, pectorales, petos y figurillas ceremoniales, procedentes de los sitios arqueol\u00f3gicos de <a title=\"Zona Arqueol\u00f3gica de Palenque: Templos, tumba de Pakal, informaci\u00f3n, fotos,\" href=\"http:\/\/www.travelbymexico.com\/blog\/5239-zona-arqueologica-de-palenque\/\" target=\"_blank\">Palenque<\/a> (Chiapas), <a title=\"Zona Arqueol\u00f3gica de Calakmul: rese\u00f1an, fotos y mapa de ubicaci\u00f3n\" href=\"http:\/\/www.travelbymexico.com\/campeche\/atractivos\/?nom=ecamcalakmul\" target=\"_blank\">Calakmul<\/a> (Campeche), Dzibanch\u00e9 (Quintana Roo) y Oxkintok (Yucat\u00e1n).<\/p>\n<p><em><strong>*<\/strong> <a title=\"Museo de Antropolog\u00eda de la ciudad de M\u00e9xico: rese\u00f1a, fotos y mapa de ubicaci\u00f3n\" href=\"http:\/\/www.travelbymexico.com\/ciudaddemexico\/atractivos\/index.php?nom=kdfemusantrop\" target=\"_blank\">Museo Nacional de Antropolog\u00eda<\/a> de la Ciudad de M\u00e9xico; Museo Regional de Yucat\u00e1n \u201c<a title=\"Palacio de Cant\u00f3n: Museo de Antropolog\u00eda de M\u00e9rida. rese\u00f1a, fotos y mapa de ubicaci\u00f3n\" href=\"http:\/\/www.travelbymexico.com\/merida\/atractivos\/index.php?nom=emerpalaciocanton\" target=\"_blank\">Palacio de Cant\u00f3n<\/a>\u201c; Sitios Arqueol\u00f3gicos de Palenque y Tonin\u00e1, en Chiapas, y de Pomon\u00e1, en Tabasco, as\u00ed como de los <a title=\"Baluartes de Campeche: rese\u00f1a y fotos\" href=\"http:\/\/www.travelbymexico.com\/campeche\/atractivos\/index.php?nom=ecambaluartes\" target=\"_blank\">Baluartes de La Soledad y de San Miguel<\/a>, en Campeche.<\/em><\/p>\n<h3>&#8220;Rostros de la Divinidad. Los Mosaicos Mayas de Piedra Verde&#8221; en Campeche<\/h3>\n<p>del 20 de julio al 30 de septiembre 2013<\/p>\n<p><strong>Museo de Barcos y Armas &#8211; <a title=\"Museo Hist\u00f3rico Reducto San Jos\u00e9 El Alto, Ciudad de Campeche. M\u00e9xico\" href=\"http:\/\/www.travelbymexico.com\/campeche\/atractivos\/?nom=ecammuseosnjose\" target=\"_blank\">Fuerte San Jos\u00e9 El Alto<\/a>.<\/strong><\/p>\n<p>De martes a domingo de 8:00 a 17:00 horas.<\/p>\n<h3>Enlaces:<\/h3>\n<p><strong><a title=\"M\u00e1scaras Mayas y Ajuares Funerarios viajan a Francia, art\u00edculo de Enero 2011\" href=\"http:\/\/www.travelbymexico.com\/blog\/5433-mascaras-mayas-y-ajuares-funerarios-viajan-a-francia\" target=\"_blank\">M\u00e1scaras Mayas y ajuares funerarios viajan a Francia<\/a> (Enero 2011)<\/strong><\/p>\n<p><strong><a title=\"Joyas de la antigua cultura maya viajan a Canad\u00e1 (diciembre 2011)\" href=\"http:\/\/www.travelbymexico.com\/blog\/10537-joyas-de-la-antigua-cultura-maya-viajan-a-canada\" target=\"_blank\">Joyas de la antigua cultura maya viajan a Canad\u00e1<\/a> <\/strong><\/p>\n","protected":false},"excerpt":{"rendered":"<p>Exhibici\u00f3n itinerante que desde 2010 ha cautivado m\u00e1s de 400 mil visitantes en M\u00e9xico (D.F, Morelia, Puebla, Guadalajara y Canc\u00fan),<\/p>\n","protected":false},"author":2,"featured_media":14430,"comment_status":"closed","ping_status":"closed","sticky":false,"template":"","format":"standard","meta":[],"categories":[9,912],"tags":[5412,3357,509,588,5414,5411,685,796,801,5413,930,945,5410,4201,2550,1486,2568],"_links":{"self":[{"href":"https:\/\/www.travelbymexico.com\/blog\/wp-json\/wp\/v2\/posts\/14429"}],"collection":[{"href":"https:\/\/www.travelbymexico.com\/blog\/wp-json\/wp\/v2\/posts"}],"about":[{"href":"https:\/\/www.travelbymexico.com\/blog\/wp-json\/wp\/v2\/types\/post"}],"author":[{"embeddable":true,"href":"https:\/\/www.travelbymexico.com\/blog\/wp-json\/wp\/v2\/users\/2"}],"replies":[{"embeddable":true,"href":"https:\/\/www.travelbymexico.com\/blog\/wp-json\/wp\/v2\/comments?post=14429"}],"version-history":[{"count":2,"href":"https:\/\/www.travelbymexico.com\/blog\/wp-json\/wp\/v2\/posts\/14429\/revisions"}],"predecessor-version":[{"id":14432,"href":"https:\/\/www.travelbymexico.com\/blog\/wp-json\/wp\/v2\/posts\/14429\/revisions\/14432"}],"wp:featuredmedia":[{"embeddable":true,"href":"https:\/\/www.travelbymexico.com\/blog\/wp-json\/wp\/v2\/media\/14430"}],"wp:attachment":[{"href":"https:\/\/www.travelbymexico.com\/blog\/wp-json\/wp\/v2\/media?parent=14429"}],"wp:term":[{"taxonomy":"category","embeddable":true,"href":"https:\/\/www.travelbymexico.com\/blog\/wp-json\/wp\/v2\/categories?post=14429"},{"taxonomy":"post_tag","embeddable":true,"href":"https:\/\/www.travelbymexico.com\/blog\/wp-json\/wp\/v2\/tags?post=14429"}],"curies":[{"name":"wp","href":"https:\/\/api.w.org\/{rel}","templated":true}]}}