{"id":14342,"date":"2013-07-12T00:07:32","date_gmt":"2013-07-12T05:07:32","guid":{"rendered":"http:\/\/www.travelbymexico.com\/blog\/?p=14342"},"modified":"2013-07-12T14:09:29","modified_gmt":"2013-07-12T19:09:29","slug":"baktun-la-primera-telenovela-en-lengua-maya","status":"publish","type":"post","link":"https:\/\/www.travelbymexico.com\/blog\/14342-baktun-la-primera-telenovela-en-lengua-maya\/","title":{"rendered":"Baktun: la primera telenovela en lengua maya"},"content":{"rendered":"<h2>Realizada y producida tambi\u00e9n en versi\u00f3n de largometraje por el documentalista mexicano Bruno C\u00e1rcamo, &#8220;Bakt\u00fan&#8221; es la primera telenovela hablada en lengua maya y protagonizada por ind\u00edgenas de la pen\u00ednsula de Yucat\u00e1n.<\/h2>\n<h3>\u00bfDe qu\u00e9 trata la telenovela &#8220;Bakt\u00fan&#8221;?<\/h3>\n<p>A trav\u00e9s de la historia de Jacinto (interpretado por Hilario Chi Canul, quien es tambi\u00e9n el adaptador del gui\u00f3n en espa\u00f1ol al maya de la serie), un joven maya migrante en Estados Unidos, <strong>&#8220;Bakt\u00fan&#8221; aborda los problemas interculturales del mundo maya<\/strong> con relaci\u00f3n a la globalizaci\u00f3n mundial, tecnol\u00f3gica &#8211; como la masificaci\u00f3n de las TICs y el Internet-, social y cultural como es la <strong>p\u00e9rdida de la identidad<\/strong> y el <strong>idioma<\/strong> y la <strong>migraci\u00f3n a Estados Unidos<\/strong>.<\/p>\n<h3>Transmisi\u00f3n a partir del 15 de julio de 2013<\/h3>\n<p>Filmada, en <strong>Tihosuco<\/strong>, <strong>Sacalaca<\/strong> y <strong>X-Cabil<\/strong>, comunidades aisladas del <strong>estado de Quintana Roo<\/strong>, as\u00ed como en <strong><a title=\"Reserva tu hotel en la ciudad de Canc\u00fan, Quintana Roo, M\u00e9xico\" href=\"http:\/\/www.travelbymexico.com\/cancun\/hoteles\" target=\"_blank\">Canc\u00fan<\/a><\/strong> y <strong>Nueva York<\/strong>, Estados Unidos, la telenovela &#8220;Bakt\u00fan&#8221; de Bruno C\u00e1rcamo consta de<strong> 24 cap\u00edtulos.<\/strong><\/p>\n<p>Se empezar\u00e1 a transmitir el 15 de julio en la <span style=\"text-decoration: underline;\">televisi\u00f3n p\u00fablica del estado de Quintana Roo<\/span> (Pen\u00ednsula de Yucat\u00e1n), e inicialmente podr\u00e1 ser vista en <span style=\"text-decoration: underline;\">YouTube y en tel\u00e9fonos m\u00f3viles<\/span>.<\/p>\n<h3>Bakt\u00fan, en Nueva York<\/h3>\n<p>Tras haber participado en mayo de 2013 en un intercambio acad\u00e9mico con las universidades interculturales en Bolivia y en Per\u00fa, &#8220;Bakt\u00fan&#8221; (telenovela y pel\u00edcula) participar\u00e1 el pr\u00f3ximo mes de agosto en el <strong>Festival de Cine Independiente en Nueva York<\/strong>.<\/p>\n<p><em>Si bien &#8220;Bakt\u00fan&#8221; es la primera telenovela hablada en maya, se acordar\u00e1n seguramente de otra producci\u00f3n cinematogr\u00e1fica filmada en lengua maya: <strong>Apocalypto<\/strong>, de <strong>Mel Gibson<\/strong>, rodada en la selva de Veracruz en 2006.<\/em><\/p>\n<h3>Diversidad ling\u00fc\u00edstica en M\u00e9xico<\/h3>\n<p>Seg\u00fan el <strong>INALI<\/strong> (Instituto Nacional de Lenguas Ind\u00edgenas), en M\u00e9xico existen <strong>11 familias ling\u00fc\u00edsticas<\/strong>, <strong>68 idiomas<\/strong> (o agrupaciones ling\u00fc\u00edsticas), y <strong>364 Variantes ling\u00fc\u00edsticas<\/strong>; lo que hace que nuestro pa\u00eds sea reconocido como un pa\u00eds multicultural poseedor de una de las mayores riquezas en diversidad ling\u00fc\u00edstica y cultural en el mundo, pero por desgracia la mayor parte de sus lenguas est\u00e1 en peligro de extinci\u00f3n.<\/p>\n<p>El <strong>idioma maya<\/strong>, por ejemplo, es la segunda lengua ind\u00edgena del pa\u00eds, con unos<strong> 758.000 hablantes<\/strong>, pero expertos han alertado de que tambi\u00e9n corre el riesgo de desaparecer.<\/p>\n<h3>Enlaces<\/h3>\n<p><strong><a title=\"Total de visitantes a las zonas arqueol\u00f3gicas para el 13 Bakt\u00fan: m\u00e1s de 150 mil \" href=\"http:\/\/www.travelbymexico.com\/blog\/13525-total-de-visitantes-para-el-13-baktun-mas-de-150-mil\" target=\"_blank\">Total de visitantes para el 13 Bakt\u00fan: m\u00e1s de 150 mil\u00a0 (21 de diciembre del 2012) <\/a><\/strong><\/p>\n<p><a title=\"Lacandones: los verdaderos hombres\" href=\"http:\/\/www.travelbymexico.com\/blog\/12373-lacandones-los-verdaderos-hombres\" target=\"_blank\"><strong>Lacandones: Los Verdaderos Hombres<\/strong> <\/a><\/p>\n","protected":false},"excerpt":{"rendered":"<p>Realizada y producida tambi\u00e9n en versi\u00f3n de largometraje por el documentalista mexicano Bruno C\u00e1rcamo, &#8220;Bakt\u00fan&#8221; es la primera telenovela hablada<\/p>\n","protected":false},"author":2,"featured_media":14343,"comment_status":"closed","ping_status":"closed","sticky":false,"template":"","format":"standard","meta":[],"categories":[9,912],"tags":[5279,3130,5275,201,5289,5288,5273,5276,5278,2035,2034,666,2056,2490,5280,2563,5274,1077,5282,5285,5277,5287,5286,5281,5283,5284],"_links":{"self":[{"href":"https:\/\/www.travelbymexico.com\/blog\/wp-json\/wp\/v2\/posts\/14342"}],"collection":[{"href":"https:\/\/www.travelbymexico.com\/blog\/wp-json\/wp\/v2\/posts"}],"about":[{"href":"https:\/\/www.travelbymexico.com\/blog\/wp-json\/wp\/v2\/types\/post"}],"author":[{"embeddable":true,"href":"https:\/\/www.travelbymexico.com\/blog\/wp-json\/wp\/v2\/users\/2"}],"replies":[{"embeddable":true,"href":"https:\/\/www.travelbymexico.com\/blog\/wp-json\/wp\/v2\/comments?post=14342"}],"version-history":[{"count":4,"href":"https:\/\/www.travelbymexico.com\/blog\/wp-json\/wp\/v2\/posts\/14342\/revisions"}],"predecessor-version":[{"id":14348,"href":"https:\/\/www.travelbymexico.com\/blog\/wp-json\/wp\/v2\/posts\/14342\/revisions\/14348"}],"wp:featuredmedia":[{"embeddable":true,"href":"https:\/\/www.travelbymexico.com\/blog\/wp-json\/wp\/v2\/media\/14343"}],"wp:attachment":[{"href":"https:\/\/www.travelbymexico.com\/blog\/wp-json\/wp\/v2\/media?parent=14342"}],"wp:term":[{"taxonomy":"category","embeddable":true,"href":"https:\/\/www.travelbymexico.com\/blog\/wp-json\/wp\/v2\/categories?post=14342"},{"taxonomy":"post_tag","embeddable":true,"href":"https:\/\/www.travelbymexico.com\/blog\/wp-json\/wp\/v2\/tags?post=14342"}],"curies":[{"name":"wp","href":"https:\/\/api.w.org\/{rel}","templated":true}]}}