{"id":14304,"date":"2013-07-09T09:31:45","date_gmt":"2013-07-09T14:31:45","guid":{"rendered":"http:\/\/www.travelbymexico.com\/blog\/?p=14304"},"modified":"2013-07-08T22:38:25","modified_gmt":"2013-07-09T03:38:25","slug":"ii-ciclo-de-documentales-de-arqueologia-subacuatica","status":"publish","type":"post","link":"https:\/\/www.travelbymexico.com\/blog\/14304-ii-ciclo-de-documentales-de-arqueologia-subacuatica\/","title":{"rendered":"II Ciclo de Documentales de Arqueolog\u00eda Subacu\u00e1tica"},"content":{"rendered":"<h2>El INAH-CONACULTA te invita a asistir al II Ciclo de Documentales de Arqueolog\u00eda Subacu\u00e1tica por realizarse los Martes 9, 16, 23 y 30 de julio de 2013 a las 19:00 horas en el el Auditorio &#8220;Jaime Torres Bodet&#8221; del Museo de Antropolog\u00eda de M\u00e9xico.<\/h2>\n<h3>II Ciclo de Documentales de Arqueolog\u00eda Subacu\u00e1tica<\/h3>\n<p><span style=\"text-decoration: underline;\"><strong><em>Entrada Gratuita<\/em><\/strong><\/span><\/p>\n<h3>Marte 9 de julio de 2013 &#8211; 19:00 hrs.<\/h3>\n<p>&#8220;Tras la huella del Juncal: Cr\u00f3nica de una expedici\u00f3n&#8221;<br \/>\nRealizaci\u00f3n: Joaqu\u00edn Berruecos.<br \/>\nEspecialistas: Pilar Luna y Flor Trejo.<\/p>\n<h3>Marte 16 de julio de 2013 &#8211; 19:00 hrs.<\/h3>\n<p>&#8220;Un Gale\u00f3n de Manila&#8221;<br \/>\nRealizaci\u00f3n: Emilio Cant\u00f3n.<br \/>\nEspecialistas: Roberto Junco y Laura Romero.<\/p>\n<h3>Marte 23 de julio de 2013 &#8211; 19:00 hrs.<\/h3>\n<p>&#8220;Banco Chinchorro: Un legado en el mar&#8221;<br \/>\nRealizaci\u00f3n: Ana Luisa L\u00f3pez<br \/>\nEspecialistas: Laura Carrillo y Pedro L\u00f3pez.<\/p>\n<h3>Marte 30 de julio de 2013 &#8211; 19:00 hrs.<\/h3>\n<p>&#8220;Cuevas y Cenotes: El resguardo sagrado&#8221;<br \/>\nRealizaci\u00f3n:\u00a0 Gibr\u00e1n Huerta.<br \/>\nEspecialistas: Helena Barba y Luis A. Martos.<\/p>\n<h3>Horarios<\/h3>\n<p><strong>A las 19:00 horas.<span style=\"text-decoration: underline;\"><br \/>\n<\/span><\/strong><\/p>\n<p><a title=\"Museo Nacional de Antropolog\u00eda de M\u00e9xico, Ciudad de M\u00e9xico. rese\u00f1a, fotos y mapa de ubicaci\u00f3n\" href=\"http:\/\/www.travelbymexico.com\/ciudaddemexico\/atractivos\/?nom=kdfemusantrop\" target=\"_blank\"><strong>Museo Nacional de Antropolog\u00eda de M\u00e9xico<\/strong><\/a> &#8211; Auditorio &#8220;Jaime Torres Bodet&#8221;.<br \/>\nAv. Paseo de la Reforma y Calzada Gandhi s\/n, Col. Chapultepec. Ciudad de M\u00e9xico, D.F.<\/p>\n","protected":false},"excerpt":{"rendered":"<p>El INAH-CONACULTA te invita a asistir al II Ciclo de Documentales de Arqueolog\u00eda Subacu\u00e1tica por realizarse los Martes 9, 16,<\/p>\n","protected":false},"author":2,"featured_media":14305,"comment_status":"closed","ping_status":"closed","sticky":false,"template":"","format":"standard","meta":[],"categories":[4],"tags":[2041,1351,5211,318,421,5155,5212,832,1715],"_links":{"self":[{"href":"https:\/\/www.travelbymexico.com\/blog\/wp-json\/wp\/v2\/posts\/14304"}],"collection":[{"href":"https:\/\/www.travelbymexico.com\/blog\/wp-json\/wp\/v2\/posts"}],"about":[{"href":"https:\/\/www.travelbymexico.com\/blog\/wp-json\/wp\/v2\/types\/post"}],"author":[{"embeddable":true,"href":"https:\/\/www.travelbymexico.com\/blog\/wp-json\/wp\/v2\/users\/2"}],"replies":[{"embeddable":true,"href":"https:\/\/www.travelbymexico.com\/blog\/wp-json\/wp\/v2\/comments?post=14304"}],"version-history":[{"count":4,"href":"https:\/\/www.travelbymexico.com\/blog\/wp-json\/wp\/v2\/posts\/14304\/revisions"}],"predecessor-version":[{"id":14309,"href":"https:\/\/www.travelbymexico.com\/blog\/wp-json\/wp\/v2\/posts\/14304\/revisions\/14309"}],"wp:featuredmedia":[{"embeddable":true,"href":"https:\/\/www.travelbymexico.com\/blog\/wp-json\/wp\/v2\/media\/14305"}],"wp:attachment":[{"href":"https:\/\/www.travelbymexico.com\/blog\/wp-json\/wp\/v2\/media?parent=14304"}],"wp:term":[{"taxonomy":"category","embeddable":true,"href":"https:\/\/www.travelbymexico.com\/blog\/wp-json\/wp\/v2\/categories?post=14304"},{"taxonomy":"post_tag","embeddable":true,"href":"https:\/\/www.travelbymexico.com\/blog\/wp-json\/wp\/v2\/tags?post=14304"}],"curies":[{"name":"wp","href":"https:\/\/api.w.org\/{rel}","templated":true}]}}