{"id":14180,"date":"2013-06-26T14:37:40","date_gmt":"2013-06-26T19:37:40","guid":{"rendered":"http:\/\/www.travelbymexico.com\/blog\/?p=14180"},"modified":"2013-06-26T14:37:40","modified_gmt":"2013-06-26T19:37:40","slug":"sinfonia-n-o-9-de-beethoven-por-la-ofm-este-fin-de-semana","status":"publish","type":"post","link":"https:\/\/www.travelbymexico.com\/blog\/14180-sinfonia-n-o-9-de-beethoven-por-la-ofm-este-fin-de-semana\/","title":{"rendered":"Sinfon\u00eda n.\u00ba 9 de Beethoven por la OFM este fin de semana"},"content":{"rendered":"<h2>El pr\u00f3ximo fin de semana, la Orquesta Filarm\u00f3nica de la Ciudad de M\u00e9xico (OFCM), acompa\u00f1ada por el Coro Filarm\u00f3nico Universitario y cuatro reconocidos solistas l\u00edricos, interpretar\u00e1 la \u00faltima sinfon\u00eda completa del compositor alem\u00e1n Ludwig van Beethoven: La Sinfon\u00eda n.\u00ba 9 en re menor, op. 125, la cual es considerada como una de las obras m\u00e1s trascendentales, importantes y populares de toda la m\u00fasica cl\u00e1sica.<\/h2>\n<h3>La Orquesta Filarm\u00f3nica de la Ciudad de M\u00e9xico<\/h3>\n<p>Creada el 19 de septiembre de 1978, la Orquesta Filarm\u00f3nica de la Ciudad de M\u00e9xico (OFCM) es considerada como la m\u00e1s importante orquesta mexicana y una de las m\u00e1s relevantes de Am\u00e9rica Latina.<\/p>\n<p>Desde enero de 2013, tiene como Director Art\u00edstico al maestro Jos\u00e9 Are\u00e1n.<\/p>\n<h3>La Novena Sinfon\u00eda de Beethoven &#8211; Orquesta Filarm\u00f3nica de la Ciudad de M\u00e9xico<\/h3>\n<p><strong><em>Sinfon\u00eda n.\u00ba 9 en re menor, op. 125, de Ludwig Van Beethoven<\/em> <\/strong><\/p>\n<p><strong>Sala Silvestre Revueltas del Centro Cultural Ollin Yoliztli<\/strong><\/p>\n<p><span style=\"text-decoration: underline;\">S\u00e1bado 29 de Junio de 2013 a las 18:00 horas. <\/span><br \/>\n<span style=\"text-decoration: underline;\">Domingo 30 de Junio de 2013 a las 12:30 horas. <\/span><\/p>\n<p><span style=\"text-decoration: underline;\"><strong>Elenco art\u00edstico<\/strong><\/span><\/p>\n<p><strong>Jos\u00e9 Are\u00e1n<\/strong>, Director Art\u00edstico<\/p>\n<p><strong>Coro Filarm\u00f3nico Universitario<\/strong>, dirigido por <strong>John Goodwin<\/strong><\/p>\n<p><strong>Ver\u00f3nica Mur\u00faa<\/strong>, soprano<br \/>\n<strong>Lydia Rend\u00f3n<\/strong>, mezzosoprano<br \/>\n<strong>Dante Alcal\u00e1<\/strong>, tenor<br \/>\n<strong>Enrique \u00c1ngeles<\/strong>, bar\u00edtono<\/p>\n<p><strong>Direcci\u00f3n: <\/strong>Sala Silvestre Revueltas del Centro Cultural Ollin Yoliztli, Av. Perif\u00e9rico Sur No, 5141, Col. Isidro Fabela. M\u00e9xico D.F.Informes: 5606 7573, 5606 8191 y 5606 6089 ext. 213.<\/p>\n<p><span style=\"text-decoration: underline;\"><strong>Boletos<\/strong><\/span>: Admisi\u00f3n general: $122.00 pesos.<br \/>\n50% de descuento al INAPAM, estudiantes y maestros de escuelas oficiales.<\/p>\n<p>Los boletos est\u00e1n disponibles en taquilla y en el sistema Ticketmaster.<\/p>\n<p><strong><a title=\"Reserva tu hotel en la ciudad de M\u00e9xico\" href=\"http:\/\/www.travelbymexico.com\/ciudaddemexico\/hoteles\" target=\"_blank\">Reserva tu hotel en la ciudad de M\u00e9xico <\/a><\/strong><\/p>\n<p>&nbsp;<\/p>\n","protected":false},"excerpt":{"rendered":"<p>El pr\u00f3ximo fin de semana, la Orquesta Filarm\u00f3nica de la Ciudad de M\u00e9xico (OFCM), acompa\u00f1ada por el Coro Filarm\u00f3nico Universitario<\/p>\n","protected":false},"author":2,"featured_media":14181,"comment_status":"closed","ping_status":"closed","sticky":false,"template":"","format":"standard","meta":[],"categories":[36,912],"tags":[268,318,5071,5068,5069,5070,2400,5065,5067,1949,5063,2397,3824,1397,1052,2398,5064,5066],"_links":{"self":[{"href":"https:\/\/www.travelbymexico.com\/blog\/wp-json\/wp\/v2\/posts\/14180"}],"collection":[{"href":"https:\/\/www.travelbymexico.com\/blog\/wp-json\/wp\/v2\/posts"}],"about":[{"href":"https:\/\/www.travelbymexico.com\/blog\/wp-json\/wp\/v2\/types\/post"}],"author":[{"embeddable":true,"href":"https:\/\/www.travelbymexico.com\/blog\/wp-json\/wp\/v2\/users\/2"}],"replies":[{"embeddable":true,"href":"https:\/\/www.travelbymexico.com\/blog\/wp-json\/wp\/v2\/comments?post=14180"}],"version-history":[{"count":2,"href":"https:\/\/www.travelbymexico.com\/blog\/wp-json\/wp\/v2\/posts\/14180\/revisions"}],"predecessor-version":[{"id":14183,"href":"https:\/\/www.travelbymexico.com\/blog\/wp-json\/wp\/v2\/posts\/14180\/revisions\/14183"}],"wp:featuredmedia":[{"embeddable":true,"href":"https:\/\/www.travelbymexico.com\/blog\/wp-json\/wp\/v2\/media\/14181"}],"wp:attachment":[{"href":"https:\/\/www.travelbymexico.com\/blog\/wp-json\/wp\/v2\/media?parent=14180"}],"wp:term":[{"taxonomy":"category","embeddable":true,"href":"https:\/\/www.travelbymexico.com\/blog\/wp-json\/wp\/v2\/categories?post=14180"},{"taxonomy":"post_tag","embeddable":true,"href":"https:\/\/www.travelbymexico.com\/blog\/wp-json\/wp\/v2\/tags?post=14180"}],"curies":[{"name":"wp","href":"https:\/\/api.w.org\/{rel}","templated":true}]}}